{"id":50989,"date":"2025-02-28T10:03:48","date_gmt":"2025-02-28T13:03:48","guid":{"rendered":"https:\/\/radiorevelacionfm.cl\/?p=50989"},"modified":"2025-02-28T10:03:48","modified_gmt":"2025-02-28T13:03:48","slug":"amplian-plazo-para-inscribir-derechos-de-aprovechamiento-de-aguas-en-conservadores-de-bienes-raices-y-en-catastro-publico-de-aguas","status":"publish","type":"post","link":"https:\/\/radiorevelacionfm.cl\/?p=50989","title":{"rendered":"Ampl\u00edan plazo para inscribir derechos de aprovechamiento de aguas en Conservadores de Bienes Ra\u00edces y en Catastro P\u00fablico de Aguas"},"content":{"rendered":"<div class=\"flex_column av_one_full  flex_column_div av-zero-column-padding first  avia-builder-el-0  el_before_av_one_full  avia-builder-el-first  \" style='border-radius:0px; '><div  class='avia-image-container  av-styling-    avia-builder-el-1  avia-builder-el-no-sibling  avia-align-center '  itemprop=\"image\" itemscope=\"itemscope\" itemtype=\"https:\/\/schema.org\/ImageObject\"  ><div class='avia-image-container-inner'><div class='avia-image-overlay-wrap'><img decoding=\"async\" class='wp-image-50990 avia-img-lazy-loading-not-50990 avia_image' src=\"https:\/\/radiorevelacionfm.cl\/wp-content\/uploads\/2025\/02\/estero-lechoso-bocatoma-1_optimized-1.jpg\" alt='' title='estero-lechoso-bocatoma-(1)_optimized (1)' height=\"600\" width=\"800\"  itemprop=\"thumbnailUrl\" srcset=\"https:\/\/radiorevelacionfm.cl\/wp-content\/uploads\/2025\/02\/estero-lechoso-bocatoma-1_optimized-1.jpg 800w, https:\/\/radiorevelacionfm.cl\/wp-content\/uploads\/2025\/02\/estero-lechoso-bocatoma-1_optimized-1-300x225.jpg 300w, https:\/\/radiorevelacionfm.cl\/wp-content\/uploads\/2025\/02\/estero-lechoso-bocatoma-1_optimized-1-768x576.jpg 768w, https:\/\/radiorevelacionfm.cl\/wp-content\/uploads\/2025\/02\/estero-lechoso-bocatoma-1_optimized-1-705x529.jpg 705w, https:\/\/radiorevelacionfm.cl\/wp-content\/uploads\/2025\/02\/estero-lechoso-bocatoma-1_optimized-1-450x338.jpg 450w, https:\/\/radiorevelacionfm.cl\/wp-content\/uploads\/2025\/02\/estero-lechoso-bocatoma-1_optimized-1-600x450.jpg 600w\" sizes=\"(max-width: 800px) 100vw, 800px\" \/><\/div><\/div><\/div><\/div><div class=\"flex_column av_one_full  flex_column_div av-zero-column-padding first  avia-builder-el-2  el_after_av_one_full  el_before_av_one_full  column-top-margin\" style='border-radius:0px; '><section class=\"av_textblock_section \"  itemscope=\"itemscope\" itemtype=\"https:\/\/schema.org\/BlogPosting\" itemprop=\"blogPost\" ><div class='avia_textblock  '   itemprop=\"text\" ><p style=\"text-align: center;\"><strong><span style=\"font-size: 18pt;\">Ampl\u00edan plazo para inscribir derechos de aprovechamiento de aguas en Conservadores de Bienes Ra\u00edces y en Catastro P\u00fablico de Aguas<\/span><\/strong><\/p>\n<div id=\"gtx-trans\" style=\"position: absolute; left: -50px; top: 4.31534px;\">\n<div class=\"gtx-trans-icon\"><\/div>\n<\/div>\n<\/div><\/section><\/div><div class=\"flex_column av_one_full  flex_column_div av-zero-column-padding first  avia-builder-el-4  el_after_av_one_full  el_before_av_hr  column-top-margin\" style='border-radius:0px; '><section class=\"av_textblock_section \"  itemscope=\"itemscope\" itemtype=\"https:\/\/schema.org\/BlogPosting\" itemprop=\"blogPost\" ><div class='avia_textblock  '   itemprop=\"text\" ><p style=\"text-align: justify;\">La Secretaria Regional Ministerial de Obras P\u00fablicas, Paloma Jara Vald\u00e9s inform\u00f3 que se ampli\u00f3 el plazo para inscribir en los Conservadores de Bienes Ra\u00edces y en el Catastro P\u00fablico de Aguas, los derechos de aprovechamiento de aguas que las personas constituyeron antes del 06 de abril del a\u00f1o 2022.<\/p>\n<p style=\"text-align: justify;\">\u201cNos parece muy importante como gobierno en pro de la b\u00fasqueda de la seguridad h\u00eddrica, que es un pilar fundamental para la gesti\u00f3n del Ministerio de Obras P\u00fablicas, poder avanzar con respecto a la regularizaci\u00f3n de los derechos de aguas. Es relevante que las personas sientan la seguridad de acercarse a las oficinas de la Direcci\u00f3n General de Aguas para regularizar sus derechos y tambi\u00e9n para informarse. Hay un trabajo que se ha hecho en conjunto con INDAP y otros servicios para poder apoyar a las mujeres que tienen derechos de agua y as\u00ed tambi\u00e9n fortalecer su independencia con respecto a la producci\u00f3n agr\u00edcola y en este escenario, nos parece trascendente que los plazos se ampl\u00eden en post de que la mayor cantidad de personas puedan regularizar sus derechos de agua, para as\u00ed poder avanzar en temas de financiamiento tanto para crecer econ\u00f3micamente como para permanecer en el mundo rural\u201d, destac\u00f3 la SEREMI del MOP.<\/p>\n<p style=\"text-align: justify;\">Sobre el particular, el Director de Aguas del MOP en la Regi\u00f3n de Ays\u00e9n, H\u00e9ctor Cort\u00e9s Gaete se\u00f1al\u00f3 que \u201cesta nueva fecha ampl\u00eda el plazo que tendr\u00e1n las personas para poder inscribir sus derechos de aprovechamiento de aguas. Para realizar este proceso, las personas tienen que hacer una reducci\u00f3n de escritura p\u00fablica de la resoluci\u00f3n que constituye el derecho de aprovechamiento de aguas, luego ir al Conservador de Bienes Ra\u00edces competente \u2013tienen que ubicarse dentro de la zona en la que se constituye el derecho de aprovechamiento de aguas- los que se sit\u00faan en Coyhaique, Puerto Ays\u00e9n, Puerto Cisnes, Chile Chico y Cochrane. Una vez inscrito en el Conservador de Bienes Ra\u00edces, tienen que llevar el documento a la oficina de la Direcci\u00f3n General de Aguas del MOP ubicada en calle Riquelme 465 para que lo inscriban en el Catastro P\u00fablico de Aguas, tr\u00e1mite que tambi\u00e9n es posible hacer v\u00eda online en la oficina Virtual de la D.G.A. <a href=\"https:\/\/dga.mop.gob.cl\/\">https:\/\/dga.mop.gob.cl\/<\/a>\u00a0 Este catastro, es un solo registro en donde est\u00e1n centralizados todos los temas relacionados con el recurso h\u00eddrico y los derechos de aprovechamiento de agua, usos en general, e infraestructura, por lo tanto es importante que la comunidad considere los plazos para realizar estos tr\u00e1mites y utilicen esta nueva extensi\u00f3n para organizar con tiempo suficiente la realizaci\u00f3n de este proceso que tiene como fecha l\u00edmite el 06 de abril del a\u00f1o 2027\u201d.<\/p>\n<p style=\"text-align: justify;\">Consultado respecto\u00a0 de los beneficios que traer\u00e1 para la comunidad contar con la inscripci\u00f3n de los derechos de aprovechamiento de aguas en el Conservador de Bienes Ra\u00edces y en el Catastro P\u00fablico de Aguas de la DGA del MOP, el Director de Aguas del MOP en la Regi\u00f3n de Ays\u00e9n, expres\u00f3 que \u201cuna vez efectuado el registro en el Catastro P\u00fablico de Aguas, las personas reciben un certificado y a partir de ah\u00ed, ellos y ellas pueden ejercer su derecho de aprovechamiento de aguas como lo indica el C\u00f3digo de Aguas. Un ejemplo es la construcci\u00f3n de infraestructura como las bocatomas o todas las obras que tengan como destino permitir el ejercicio de los derechos de aprovechamiento de aguas para los fines que fueron constituidos, seg\u00fan corresponda\u201d.<\/p>\n<p style=\"text-align: justify;\">Es importante se\u00f1alar tambi\u00e9n que, \u201cen el acto administrativo que constituye el derecho de aprovechamiento de aguas se establecen algunas obligaciones para el titular, como por ejemplo la solicitud de autorizaci\u00f3n de construcci\u00f3n de bocatoma, obras que, por una parte permiten captar el agua desde la fuente y por otra, cumplir con los requisitos de protecci\u00f3n de ella, mediante el caudal ecol\u00f3gico, establecido en el citado acto resolutivo. Adem\u00e1s, es necesario tener presente que hoy existe la obligaci\u00f3n en las cuencas regionales de dar cumplimiento al monitoreo de extracciones efectivas del recurso h\u00eddrico, para cuyo efecto la obra de captaci\u00f3n es un elemento esencial\u201d, asegur\u00f3 H\u00e9ctor Cort\u00e9s Gaete.<\/p>\n<p style=\"text-align: justify;\">De igual forma, agreg\u00f3 el Director Regional de Aguas del MOP \u201clos titulares de los derechos de aprovechamiento de aguas una vez obtenido el Certificado del Catastro P\u00fablico de Aguas (CPA), deben realizar la anotaci\u00f3n al margen de la inscripci\u00f3n en el Conservador de Bienes Ra\u00edces del n\u00famero de certificado del CPA. Lo que es fundamental, para poder contar con buena informaci\u00f3n para una adecuada planificaci\u00f3n del recurso h\u00eddrico\u201d.<\/p>\n<p style=\"text-align: justify;\">Finalmente H\u00e9ctor Cort\u00e9s Gaete, invito a la comunidad interesada a contactar a la Direcci\u00f3n General de Aguas, respecto de consultas que sobre el particular deseen realizar v\u00eda telef\u00f3nica al 672572266, v\u00eda online en <a href=\"http:\/\/www.mop.gob.cl\">www.mop.gob.cl<\/a> Direcci\u00f3n de Aguas y en su Oficina ubicada en calle Riquelme 465, Coyhaique.<\/p>\n<\/div><\/section><\/div><div  style='height:50px' class='hr hr-invisible   avia-builder-el-6  el_after_av_one_full  el_before_av_social_share '><span class='hr-inner ' ><span class='hr-inner-style'><\/span><\/span><\/div><\/p>\n<div  class='av-social-sharing-box  avia-builder-el-7  el_after_av_hr  el_before_av_hr  '><div class='av-share-box'><h5 class='av-share-link-description av-no-toc '>Compartir esta noticia<\/h5><ul class='av-share-box-list noLightbox'><li class='av-share-link av-social-link-facebook' ><a target=\"_blank\" aria-label=\"Compartir en Facebook\" href='https:\/\/www.facebook.com\/sharer.php?u=https:\/\/radiorevelacionfm.cl\/?p=50989&#038;t=Ampl%C3%ADan%20plazo%20para%20inscribir%20derechos%20de%20aprovechamiento%20de%20aguas%20en%20Conservadores%20de%20Bienes%20Ra%C3%ADces%20y%20en%20Catastro%20P%C3%BAblico%20de%20Aguas' aria-hidden='false' data-av_icon='\ue8f3' data-av_iconfont='entypo-fontello' title='' data-avia-related-tooltip='Compartir en Facebook' rel=\"noopener\"><span class='avia_hidden_link_text'>Compartir en Facebook<\/span><\/a><\/li><li class='av-share-link av-social-link-twitter' ><a target=\"_blank\" aria-label=\"Compartir en Twitter\" href='https:\/\/twitter.com\/share?text=Ampl%C3%ADan%20plazo%20para%20inscribir%20derechos%20de%20aprovechamiento%20de%20aguas%20en%20Conservadores%20de%20Bienes%20Ra%C3%ADces%20y%20en%20Catastro%20P%C3%BAblico%20de%20Aguas&#038;url=https:\/\/radiorevelacionfm.cl\/?p=50989' aria-hidden='false' data-av_icon='\ue8f1' data-av_iconfont='entypo-fontello' title='' data-avia-related-tooltip='Compartir en Twitter' rel=\"noopener\"><span class='avia_hidden_link_text'>Compartir en Twitter<\/span><\/a><\/li><li class='av-share-link av-social-link-whatsapp' ><a target=\"_blank\" aria-label=\"Compartir en Whatsapp\" href='https:\/\/api.whatsapp.com\/send?text=https:\/\/radiorevelacionfm.cl\/?p=50989' aria-hidden='false' data-av_icon='\uf232' data-av_iconfont='entypo-fontello' title='' data-avia-related-tooltip='Compartir en Whatsapp' rel=\"noopener\"><span class='avia_hidden_link_text'>Compartir en Whatsapp<\/span><\/a><\/li><li class='av-share-link av-social-link-linkedin' ><a target=\"_blank\" aria-label=\"Compartir en LinkedIn\" href='https:\/\/linkedin.com\/shareArticle?mini=true&#038;title=Ampl%C3%ADan%20plazo%20para%20inscribir%20derechos%20de%20aprovechamiento%20de%20aguas%20en%20Conservadores%20de%20Bienes%20Ra%C3%ADces%20y%20en%20Catastro%20P%C3%BAblico%20de%20Aguas&#038;url=https:\/\/radiorevelacionfm.cl\/?p=50989' aria-hidden='false' data-av_icon='\ue8fc' data-av_iconfont='entypo-fontello' title='' data-avia-related-tooltip='Compartir en LinkedIn' rel=\"noopener\"><span class='avia_hidden_link_text'>Compartir en LinkedIn<\/span><\/a><\/li><li class='av-share-link av-social-link-mail' ><a  aria-label=\"Compartir por correo\" href='mailto:?subject=Ampl%C3%ADan%20plazo%20para%20inscribir%20derechos%20de%20aprovechamiento%20de%20aguas%20en%20Conservadores%20de%20Bienes%20Ra%C3%ADces%20y%20en%20Catastro%20P%C3%BAblico%20de%20Aguas&#038;body=https:\/\/radiorevelacionfm.cl\/?p=50989' aria-hidden='false' data-av_icon='\ue805' data-av_iconfont='entypo-fontello' title='' data-avia-related-tooltip='Compartir por correo'><span class='avia_hidden_link_text'>Compartir por correo<\/span><\/a><\/li><\/ul><\/div><\/div>\n<div  style='height:50px' class='hr hr-invisible   avia-builder-el-8  el_after_av_social_share  el_before_av_comments_list '><span class='hr-inner ' ><span class='hr-inner-style'><\/span><\/span><\/div>\n<div  class='av-buildercomment  av-blog-meta-html-info-disabled av-blog-meta-tag-disabled  '><\/div>\n","protected":false},"excerpt":{"rendered":"","protected":false},"author":1,"featured_media":50990,"comment_status":"open","ping_status":"open","sticky":false,"template":"","format":"standard","meta":{"footnotes":""},"categories":[38],"tags":[],"class_list":["post-50989","post","type-post","status-publish","format-standard","has-post-thumbnail","hentry","category-regional"],"jetpack_featured_media_url":"https:\/\/radiorevelacionfm.cl\/wp-content\/uploads\/2025\/02\/estero-lechoso-bocatoma-1_optimized-1.jpg","_links":{"self":[{"href":"https:\/\/radiorevelacionfm.cl\/index.php?rest_route=\/wp\/v2\/posts\/50989","targetHints":{"allow":["GET"]}}],"collection":[{"href":"https:\/\/radiorevelacionfm.cl\/index.php?rest_route=\/wp\/v2\/posts"}],"about":[{"href":"https:\/\/radiorevelacionfm.cl\/index.php?rest_route=\/wp\/v2\/types\/post"}],"author":[{"embeddable":true,"href":"https:\/\/radiorevelacionfm.cl\/index.php?rest_route=\/wp\/v2\/users\/1"}],"replies":[{"embeddable":true,"href":"https:\/\/radiorevelacionfm.cl\/index.php?rest_route=%2Fwp%2Fv2%2Fcomments&post=50989"}],"version-history":[{"count":1,"href":"https:\/\/radiorevelacionfm.cl\/index.php?rest_route=\/wp\/v2\/posts\/50989\/revisions"}],"predecessor-version":[{"id":50991,"href":"https:\/\/radiorevelacionfm.cl\/index.php?rest_route=\/wp\/v2\/posts\/50989\/revisions\/50991"}],"wp:featuredmedia":[{"embeddable":true,"href":"https:\/\/radiorevelacionfm.cl\/index.php?rest_route=\/wp\/v2\/media\/50990"}],"wp:attachment":[{"href":"https:\/\/radiorevelacionfm.cl\/index.php?rest_route=%2Fwp%2Fv2%2Fmedia&parent=50989"}],"wp:term":[{"taxonomy":"category","embeddable":true,"href":"https:\/\/radiorevelacionfm.cl\/index.php?rest_route=%2Fwp%2Fv2%2Fcategories&post=50989"},{"taxonomy":"post_tag","embeddable":true,"href":"https:\/\/radiorevelacionfm.cl\/index.php?rest_route=%2Fwp%2Fv2%2Ftags&post=50989"}],"curies":[{"name":"wp","href":"https:\/\/api.w.org\/{rel}","templated":true}]}}