{"id":50986,"date":"2025-02-28T18:25:02","date_gmt":"2025-02-28T21:25:02","guid":{"rendered":"https:\/\/radiorevelacionfm.cl\/?p=50986"},"modified":"2025-02-28T18:25:02","modified_gmt":"2025-02-28T21:25:02","slug":"por-un-criterio-claro-para-la-inversion-en-regiones","status":"publish","type":"post","link":"https:\/\/radiorevelacionfm.cl\/?p=50986","title":{"rendered":"Por un criterio claro para la inversi\u00f3n en regiones"},"content":{"rendered":"<div class=\"flex_column av_one_full  flex_column_div av-zero-column-padding first  avia-builder-el-0  el_before_av_one_full  avia-builder-el-first  \" style='border-radius:0px; '><div  class='avia-image-container  av-styling-    avia-builder-el-1  avia-builder-el-no-sibling  avia-align-center '  itemprop=\"image\" itemscope=\"itemscope\" itemtype=\"https:\/\/schema.org\/ImageObject\"  ><div class='avia-image-container-inner'><div class='avia-image-overlay-wrap'><img decoding=\"async\" class='wp-image-50987 avia-img-lazy-loading-not-50987 avia_image' src=\"https:\/\/radiorevelacionfm.cl\/wp-content\/uploads\/2025\/02\/imagen-03-2-1_optimized.jpeg\" alt='' title='imagen-03-(2)-(1)_optimized' height=\"600\" width=\"955\"  itemprop=\"thumbnailUrl\" srcset=\"https:\/\/radiorevelacionfm.cl\/wp-content\/uploads\/2025\/02\/imagen-03-2-1_optimized.jpeg 955w, https:\/\/radiorevelacionfm.cl\/wp-content\/uploads\/2025\/02\/imagen-03-2-1_optimized-300x188.jpeg 300w, https:\/\/radiorevelacionfm.cl\/wp-content\/uploads\/2025\/02\/imagen-03-2-1_optimized-768x483.jpeg 768w, https:\/\/radiorevelacionfm.cl\/wp-content\/uploads\/2025\/02\/imagen-03-2-1_optimized-705x443.jpeg 705w, https:\/\/radiorevelacionfm.cl\/wp-content\/uploads\/2025\/02\/imagen-03-2-1_optimized-450x283.jpeg 450w, https:\/\/radiorevelacionfm.cl\/wp-content\/uploads\/2025\/02\/imagen-03-2-1_optimized-600x377.jpeg 600w\" sizes=\"(max-width: 955px) 100vw, 955px\" \/><\/div><\/div><\/div><\/div><div class=\"flex_column av_one_full  flex_column_div av-zero-column-padding first  avia-builder-el-2  el_after_av_one_full  el_before_av_one_full  column-top-margin\" style='border-radius:0px; '><section class=\"av_textblock_section \"  itemscope=\"itemscope\" itemtype=\"https:\/\/schema.org\/BlogPosting\" itemprop=\"blogPost\" ><div class='avia_textblock  '   itemprop=\"text\" ><p style=\"text-align: center;\"><strong><span style=\"font-size: 18pt;\">Por un criterio claro para la inversi\u00f3n en regiones<\/span><\/strong><\/p>\n<div id=\"gtx-trans\" style=\"position: absolute; left: -50px; top: 4.31534px;\">\n<div class=\"gtx-trans-icon\"><\/div>\n<\/div>\n<\/div><\/section><\/div><div class=\"flex_column av_one_full  flex_column_div av-zero-column-padding first  avia-builder-el-4  el_after_av_one_full  el_before_av_hr  column-top-margin\" style='border-radius:0px; '><section class=\"av_textblock_section \"  itemscope=\"itemscope\" itemtype=\"https:\/\/schema.org\/BlogPosting\" itemprop=\"blogPost\" ><div class='avia_textblock  '   itemprop=\"text\" ><p dir=\"ltr\" style=\"text-align: justify;\">Por: Marcelo Santana Vargas, Gobernador Regional de Ays\u00e9n<\/p>\n<p dir=\"ltr\" style=\"text-align: justify;\">Hace pocos d\u00edas le\u00ed en El Mercurio una columna del Gerente General de Cooke Chile, Andr\u00e9s Parodi, titulada \u00abLa \u00e9tica de la SMA\u00bb. En ella, con un ejemplo propio, expuso una eventual conducta obstruccionista de la Superintendencia de Medio Ambiente (SMA) respecto a un proyecto de inversi\u00f3n para la producci\u00f3n de salm\u00f3n org\u00e1nico, impulsado por una empresa canadiense reconocida por su compromiso con el medio ambiente.<\/p>\n<p dir=\"ltr\" style=\"text-align: justify;\">Resulta incomprensible que, aun cuando existe consenso sobre la necesidad que Chile crezca, que las regiones lideren su propio desarrollo y que se fomente la inversi\u00f3n para generar empleo y dinamizar la econom\u00eda, nos encontremos con la realidad que proyectos con todos sus permisos en regla sean rechazados por visiones ideol\u00f3gicas que poco aportan a la reactivaci\u00f3n econ\u00f3mica del pa\u00eds.<\/p>\n<p dir=\"ltr\" style=\"text-align: justify;\">La SMA cumple un rol fundamental en la fiscalizaci\u00f3n de la normativa ambiental. Su labor incluye el seguimiento y control de proyectos que afectan la calidad del aire, el agua y el ruido, adem\u00e1s de la supervisi\u00f3n del cumplimiento de las Resoluciones de Calificaci\u00f3n Ambiental. Respetando estos objetivos, quiero reiterar lo que he manifestado en otras ocasiones: no buscamos depredaci\u00f3n en la industria del salm\u00f3n, sino un est\u00e1ndar claro que brinde certezas a los inversionistas y garantice un equilibrio entre desarrollo y protecci\u00f3n ambiental. En otras palabras, se requieren reglas del juego bien definidas para evitar que las empresas se enfrenten, al final del proceso, con trabas inesperadas que frenen iniciativas serias y comprometidas con el desarrollo de las regiones.<\/p>\n<p dir=\"ltr\" style=\"text-align: justify;\">La SMA cumple un rol fundamental en la fiscalizaci\u00f3n de la normativa ambiental. Su labor incluye el seguimiento y control de proyectos que afectan la calidad del aire, el agua y el ruido, adem\u00e1s de la supervisi\u00f3n del cumplimiento de las Resoluciones de Calificaci\u00f3n Ambiental. Respetando estos objetivos, quiero reiterar lo que he manifestado en otras ocasiones: creo con fundamentos que no se busca la depredaci\u00f3n en la industria del salm\u00f3n, sino un est\u00e1ndar claro que brinde certezas a los inversionistas y garantice un equilibrio entre desarrollo y protecci\u00f3n ambiental. En otras palabras, se requieren reglas del juego bien definidas para evitar que las empresas se enfrenten, al final del proceso, con trabas inesperadas que frenen iniciativas serias y comprometidas con el desarrollo de las regiones.<\/p>\n<p dir=\"ltr\" style=\"text-align: justify;\">Podr\u00edamos debatir sobre la claridad de la legislaci\u00f3n o sobre el impacto de ciertos proyectos en las comunidades. Tambi\u00e9n podr\u00edamos cuestionar si los emplazamientos de las iniciativas son siempre los m\u00e1s adecuados. Sin embargo, lo que resulta innegable es que, a\u00fan cuando un proyecto cumple con todos los requisitos legales, los criterios aplicados para su evaluaci\u00f3n no siempre son claros y transparentes, especialmente en regiones donde atraer inversi\u00f3n ya es un desaf\u00edo debido a los altos costos b\u00e1sicos.<\/p>\n<p dir=\"ltr\" style=\"text-align: justify;\">Como Gobernador Regional, cuando recorro la regi\u00f3n\u2014una de las tres regiones m\u00e1s grandes del pa\u00eds, con 109 mil kil\u00f3metros cuadrados\u2014, los habitantes expresan una demanda clara: trabajo para sus familias y la llegada de empresas y oportunidades en sus comunas. Para que esto sea posible, el Estado debe actuar dentro del marco de la ley y evitar decisiones que, bajo criterios poco claros, terminan desincentivando la inversi\u00f3n privada en las regiones.<\/p>\n<p dir=\"ltr\" style=\"text-align: justify;\">Mi llamado es a adoptar una mirada distinta hacia la realidad de las regiones. Nuestra realidad no es la misma que la de Santiago ni la de otras zonas no aisladas del pa\u00eds. Apelamos a la aplicaci\u00f3n de criterios diferenciados o, al menos, a la existencia de reglas claras que permitan a nuestra regi\u00f3n crecer econ\u00f3mica y socialmente, sin descuidar el respeto y cuidado por el medio ambiente.<\/p>\n<\/div><\/section><\/div><div  style='height:50px' class='hr hr-invisible   avia-builder-el-6  el_after_av_one_full  el_before_av_social_share '><span class='hr-inner ' ><span class='hr-inner-style'><\/span><\/span><\/div><\/p>\n<div  class='av-social-sharing-box  avia-builder-el-7  el_after_av_hr  el_before_av_hr  '><div class='av-share-box'><h5 class='av-share-link-description av-no-toc '>Compartir esta noticia<\/h5><ul class='av-share-box-list noLightbox'><li class='av-share-link av-social-link-facebook' ><a target=\"_blank\" aria-label=\"Compartir en Facebook\" href='https:\/\/www.facebook.com\/sharer.php?u=https:\/\/radiorevelacionfm.cl\/?p=50986&#038;t=Por%20un%20criterio%20claro%20para%20la%20inversi%C3%B3n%20en%20regiones' aria-hidden='false' data-av_icon='\ue8f3' data-av_iconfont='entypo-fontello' title='' data-avia-related-tooltip='Compartir en Facebook' rel=\"noopener\"><span class='avia_hidden_link_text'>Compartir en Facebook<\/span><\/a><\/li><li class='av-share-link av-social-link-twitter' ><a target=\"_blank\" aria-label=\"Compartir en Twitter\" href='https:\/\/twitter.com\/share?text=Por%20un%20criterio%20claro%20para%20la%20inversi%C3%B3n%20en%20regiones&#038;url=https:\/\/radiorevelacionfm.cl\/?p=50986' aria-hidden='false' data-av_icon='\ue8f1' data-av_iconfont='entypo-fontello' title='' data-avia-related-tooltip='Compartir en Twitter' rel=\"noopener\"><span class='avia_hidden_link_text'>Compartir en Twitter<\/span><\/a><\/li><li class='av-share-link av-social-link-whatsapp' ><a target=\"_blank\" aria-label=\"Compartir en Whatsapp\" href='https:\/\/api.whatsapp.com\/send?text=https:\/\/radiorevelacionfm.cl\/?p=50986' aria-hidden='false' data-av_icon='\uf232' data-av_iconfont='entypo-fontello' title='' data-avia-related-tooltip='Compartir en Whatsapp' rel=\"noopener\"><span class='avia_hidden_link_text'>Compartir en Whatsapp<\/span><\/a><\/li><li class='av-share-link av-social-link-linkedin' ><a target=\"_blank\" aria-label=\"Compartir en LinkedIn\" href='https:\/\/linkedin.com\/shareArticle?mini=true&#038;title=Por%20un%20criterio%20claro%20para%20la%20inversi%C3%B3n%20en%20regiones&#038;url=https:\/\/radiorevelacionfm.cl\/?p=50986' aria-hidden='false' data-av_icon='\ue8fc' data-av_iconfont='entypo-fontello' title='' data-avia-related-tooltip='Compartir en LinkedIn' rel=\"noopener\"><span class='avia_hidden_link_text'>Compartir en LinkedIn<\/span><\/a><\/li><li class='av-share-link av-social-link-mail' ><a  aria-label=\"Compartir por correo\" href='mailto:?subject=Por%20un%20criterio%20claro%20para%20la%20inversi%C3%B3n%20en%20regiones&#038;body=https:\/\/radiorevelacionfm.cl\/?p=50986' aria-hidden='false' data-av_icon='\ue805' data-av_iconfont='entypo-fontello' title='' data-avia-related-tooltip='Compartir por correo'><span class='avia_hidden_link_text'>Compartir por correo<\/span><\/a><\/li><\/ul><\/div><\/div>\n<div  style='height:50px' class='hr hr-invisible   avia-builder-el-8  el_after_av_social_share  el_before_av_comments_list '><span class='hr-inner ' ><span class='hr-inner-style'><\/span><\/span><\/div>\n<div  class='av-buildercomment  av-blog-meta-html-info-disabled av-blog-meta-tag-disabled  '><\/div>\n","protected":false},"excerpt":{"rendered":"","protected":false},"author":1,"featured_media":50987,"comment_status":"open","ping_status":"open","sticky":false,"template":"","format":"standard","meta":{"footnotes":""},"categories":[50],"tags":[],"class_list":["post-50986","post","type-post","status-publish","format-standard","has-post-thumbnail","hentry","category-cartas-y-opinion"],"jetpack_featured_media_url":"https:\/\/radiorevelacionfm.cl\/wp-content\/uploads\/2025\/02\/imagen-03-2-1_optimized.jpeg","_links":{"self":[{"href":"https:\/\/radiorevelacionfm.cl\/index.php?rest_route=\/wp\/v2\/posts\/50986","targetHints":{"allow":["GET"]}}],"collection":[{"href":"https:\/\/radiorevelacionfm.cl\/index.php?rest_route=\/wp\/v2\/posts"}],"about":[{"href":"https:\/\/radiorevelacionfm.cl\/index.php?rest_route=\/wp\/v2\/types\/post"}],"author":[{"embeddable":true,"href":"https:\/\/radiorevelacionfm.cl\/index.php?rest_route=\/wp\/v2\/users\/1"}],"replies":[{"embeddable":true,"href":"https:\/\/radiorevelacionfm.cl\/index.php?rest_route=%2Fwp%2Fv2%2Fcomments&post=50986"}],"version-history":[{"count":1,"href":"https:\/\/radiorevelacionfm.cl\/index.php?rest_route=\/wp\/v2\/posts\/50986\/revisions"}],"predecessor-version":[{"id":50988,"href":"https:\/\/radiorevelacionfm.cl\/index.php?rest_route=\/wp\/v2\/posts\/50986\/revisions\/50988"}],"wp:featuredmedia":[{"embeddable":true,"href":"https:\/\/radiorevelacionfm.cl\/index.php?rest_route=\/wp\/v2\/media\/50987"}],"wp:attachment":[{"href":"https:\/\/radiorevelacionfm.cl\/index.php?rest_route=%2Fwp%2Fv2%2Fmedia&parent=50986"}],"wp:term":[{"taxonomy":"category","embeddable":true,"href":"https:\/\/radiorevelacionfm.cl\/index.php?rest_route=%2Fwp%2Fv2%2Fcategories&post=50986"},{"taxonomy":"post_tag","embeddable":true,"href":"https:\/\/radiorevelacionfm.cl\/index.php?rest_route=%2Fwp%2Fv2%2Ftags&post=50986"}],"curies":[{"name":"wp","href":"https:\/\/api.w.org\/{rel}","templated":true}]}}