{"id":50983,"date":"2025-02-27T20:00:06","date_gmt":"2025-02-27T23:00:06","guid":{"rendered":"https:\/\/radiorevelacionfm.cl\/?p=50983"},"modified":"2025-02-27T20:00:06","modified_gmt":"2025-02-27T23:00:06","slug":"motoniveladora-fue-embarcada-hoy-para-mejorar-un-complejo-tramo-del-camino-hacia-bahia-exploradores","status":"publish","type":"post","link":"https:\/\/radiorevelacionfm.cl\/?p=50983","title":{"rendered":"Motoniveladora fue embarcada hoy para mejorar un complejo tramo del camino hacia Bah\u00eda Exploradores"},"content":{"rendered":"<div class=\"flex_column av_one_full  flex_column_div av-zero-column-padding first  avia-builder-el-0  el_before_av_one_full  avia-builder-el-first  \" style='border-radius:0px; '><div  class='avia-image-container  av-styling-    avia-builder-el-1  avia-builder-el-no-sibling  avia-align-center '  itemprop=\"image\" itemscope=\"itemscope\" itemtype=\"https:\/\/schema.org\/ImageObject\"  ><div class='avia-image-container-inner'><div class='avia-image-overlay-wrap'><img decoding=\"async\" class='wp-image-50984 avia-img-lazy-loading-not-50984 avia_image' src=\"https:\/\/radiorevelacionfm.cl\/wp-content\/uploads\/2025\/02\/IMG-20250227-WA0048-1-1.jpg\" alt='' title='IMG-20250227-WA0048 (1) (1)' height=\"600\" width=\"800\"  itemprop=\"thumbnailUrl\" srcset=\"https:\/\/radiorevelacionfm.cl\/wp-content\/uploads\/2025\/02\/IMG-20250227-WA0048-1-1.jpg 800w, https:\/\/radiorevelacionfm.cl\/wp-content\/uploads\/2025\/02\/IMG-20250227-WA0048-1-1-300x225.jpg 300w, https:\/\/radiorevelacionfm.cl\/wp-content\/uploads\/2025\/02\/IMG-20250227-WA0048-1-1-768x576.jpg 768w, https:\/\/radiorevelacionfm.cl\/wp-content\/uploads\/2025\/02\/IMG-20250227-WA0048-1-1-705x529.jpg 705w, https:\/\/radiorevelacionfm.cl\/wp-content\/uploads\/2025\/02\/IMG-20250227-WA0048-1-1-450x338.jpg 450w, https:\/\/radiorevelacionfm.cl\/wp-content\/uploads\/2025\/02\/IMG-20250227-WA0048-1-1-600x450.jpg 600w\" sizes=\"(max-width: 800px) 100vw, 800px\" \/><\/div><\/div><\/div><\/div><div class=\"flex_column av_one_full  flex_column_div av-zero-column-padding first  avia-builder-el-2  el_after_av_one_full  el_before_av_one_full  column-top-margin\" style='border-radius:0px; '><section class=\"av_textblock_section \"  itemscope=\"itemscope\" itemtype=\"https:\/\/schema.org\/BlogPosting\" itemprop=\"blogPost\" ><div class='avia_textblock  '   itemprop=\"text\" ><p style=\"text-align: center;\"><strong><span style=\"font-size: 18pt;\">Motoniveladora fue embarcada hoy para mejorar un complejo tramo del camino hacia Bah\u00eda Exploradores<\/span><\/strong><\/p>\n<div id=\"gtx-trans\" style=\"position: absolute; left: -50px; top: 4.31534px;\">\n<div class=\"gtx-trans-icon\"><\/div>\n<\/div>\n<\/div><\/section><\/div><div class=\"flex_column av_one_full  flex_column_div av-zero-column-padding first  avia-builder-el-4  el_after_av_one_full  el_before_av_hr  column-top-margin\" style='border-radius:0px; '><section class=\"av_textblock_section \"  itemscope=\"itemscope\" itemtype=\"https:\/\/schema.org\/BlogPosting\" itemprop=\"blogPost\" ><div class='avia_textblock  '   itemprop=\"text\" ><p style=\"text-align: justify;\"><em>Gobierno cumple compromiso con comunidad de Puerto R\u00edo Tranquilo y el sector tur\u00edstico.<\/em><\/p>\n<p style=\"text-align: justify;\">El Delegado Presidencial Provincia General Carrera, Crist\u00f3bal Barcel\u00f3 Veas junto a la Secretaria Regional Ministerial de Obras P\u00fablicas, Paloma Jara Vald\u00e9s hoy informaron que en un esfuerzo conjunto entre el sector p\u00fablico y privado, este jueves 27 de febrero los equipos de la Direcci\u00f3n de Vialidad junto a la empresa Cooke Aquaculture Chile embarcaron motoniveladora que tendr\u00e1 la misi\u00f3n de abordar el mejoramiento de un complejo tramo del camino a Bah\u00eda Exploradores, esto en el marco del cumplimiento del compromiso del gobierno con los y las pobladores de Puerto R\u00edo Tranquilo y el sector tur\u00edstico.<\/p>\n<p style=\"text-align: justify;\">Al respecto, Crist\u00f3bal Barcel\u00f3 Veas Delegado Presidencial de la Provincia General Carrera record\u00f3 que este era un compromiso que asumieron en reuni\u00f3n en Puerto R\u00edo Tranquilo la semana reci\u00e9n pasada con la comunidad y el sector tur\u00edstico, indicando que \u201cdesde esta Delegaci\u00f3n Presidencial Provincial asumimos el compromiso de poder hacer gestiones para llevar una m\u00e1quina motoniveladora a trabajar en el \u00faltimo tramo de camino, esto debido a que en estos \u00faltimos 9 kil\u00f3metros existe una pasarela que impide que pase maquinaria por el camino principal y por lo tanto, la \u00fanica v\u00eda de acceso es a trav\u00e9s del mar desde Puerto Chacabuco, por esa ruta que va hacia el glaciar San Rafael. Nosotros el compromiso que asumimos fue hacer las gestiones a la brevedad para que en conjunto con la Direcci\u00f3n de Vialidad puedan cargar esta m\u00e1quina a la barcaza y trasladarla al lugar, situaci\u00f3n que ocurri\u00f3 hoy jueves 27 de febrero. Ya la m\u00e1quina est\u00e1 cargada sobre la barcaza y ya zarparon en direcci\u00f3n hacia esa ruta para poder trabajar durante los pr\u00f3ximos d\u00edas y dejar en mejores condiciones este camino\u201d.<\/p>\n<p style=\"text-align: justify;\">Por su parte, la Secretaria Regional Ministerial de Obras P\u00fablicas Paloma Jara Vald\u00e9s\u00a0 destac\u00f3 que con el arribo de la maquinaria al camino a Bah\u00eda Exploradores se podr\u00e1n abordar los 9 kil\u00f3metros despu\u00e9s del puente y relev\u00f3 el importante rol de la empresa privada que trabaja junto al gobierno para poder mejorar el est\u00e1ndar de este camino entregando una soluci\u00f3n tanto a la comunidad como a los y las operadores tur\u00edsticos.<\/p>\n<p style=\"text-align: justify;\">\u201cDurante este viernes 28 de febrero llegar\u00e1 la m\u00e1quina a este sector, la cual ha sido embarcada gracias al apoyo de la empresa privada en particular la empresa Cooke Aquaculture Chile que nos ha apoyado desinteresadamente para poder dar una respuesta a la comunidad y a los operadores tur\u00edsticos que han tenido una temporada dif\u00edcil dado que el camino no ha podido estar en las mejores condiciones. Destacar que esta maquinaria es de nuestra Administraci\u00f3n Directa y no pertenece al contrato por lo tanto, es la Oficina Provincial de Vialidad de Ays\u00e9n quienes realizar\u00e1n estos trabajos durante este fin de semana. Con estas obras estamos cumpliendo como gobierno los compromisos adquiridos tanto por nuestro Delegado Presidencial de la Provincia General Carrera Crist\u00f3bal Barcel\u00f3 como tambi\u00e9n de nuestro director regional de Vialidad Renzo Sanders el d\u00eda s\u00e1bado 22 en la reuni\u00f3n que sostuvieron con los operadores tur\u00edsticos de Puerto R\u00edo Tranquilo\u201d, afirm\u00f3 la SEREMI del MOP.<\/p>\n<\/div><\/section><\/div><div  style='height:50px' class='hr hr-invisible   avia-builder-el-6  el_after_av_one_full  el_before_av_social_share '><span class='hr-inner ' ><span class='hr-inner-style'><\/span><\/span><\/div><\/p>\n<div  class='av-social-sharing-box  avia-builder-el-7  el_after_av_hr  el_before_av_hr  '><div class='av-share-box'><h5 class='av-share-link-description av-no-toc '>Compartir esta noticia<\/h5><ul class='av-share-box-list noLightbox'><li class='av-share-link av-social-link-facebook' ><a target=\"_blank\" aria-label=\"Compartir en Facebook\" href='https:\/\/www.facebook.com\/sharer.php?u=https:\/\/radiorevelacionfm.cl\/?p=50983&#038;t=Motoniveladora%20fue%20embarcada%20hoy%20para%20mejorar%20un%20complejo%20tramo%20del%20camino%20hacia%20Bah%C3%ADa%20Exploradores' aria-hidden='false' data-av_icon='\ue8f3' data-av_iconfont='entypo-fontello' title='' data-avia-related-tooltip='Compartir en Facebook' rel=\"noopener\"><span class='avia_hidden_link_text'>Compartir en Facebook<\/span><\/a><\/li><li class='av-share-link av-social-link-twitter' ><a target=\"_blank\" aria-label=\"Compartir en Twitter\" href='https:\/\/twitter.com\/share?text=Motoniveladora%20fue%20embarcada%20hoy%20para%20mejorar%20un%20complejo%20tramo%20del%20camino%20hacia%20Bah%C3%ADa%20Exploradores&#038;url=https:\/\/radiorevelacionfm.cl\/?p=50983' aria-hidden='false' data-av_icon='\ue8f1' data-av_iconfont='entypo-fontello' title='' data-avia-related-tooltip='Compartir en Twitter' rel=\"noopener\"><span class='avia_hidden_link_text'>Compartir en Twitter<\/span><\/a><\/li><li class='av-share-link av-social-link-whatsapp' ><a target=\"_blank\" aria-label=\"Compartir en Whatsapp\" href='https:\/\/api.whatsapp.com\/send?text=https:\/\/radiorevelacionfm.cl\/?p=50983' aria-hidden='false' data-av_icon='\uf232' data-av_iconfont='entypo-fontello' title='' data-avia-related-tooltip='Compartir en Whatsapp' rel=\"noopener\"><span class='avia_hidden_link_text'>Compartir en Whatsapp<\/span><\/a><\/li><li class='av-share-link av-social-link-linkedin' ><a target=\"_blank\" aria-label=\"Compartir en LinkedIn\" href='https:\/\/linkedin.com\/shareArticle?mini=true&#038;title=Motoniveladora%20fue%20embarcada%20hoy%20para%20mejorar%20un%20complejo%20tramo%20del%20camino%20hacia%20Bah%C3%ADa%20Exploradores&#038;url=https:\/\/radiorevelacionfm.cl\/?p=50983' aria-hidden='false' data-av_icon='\ue8fc' data-av_iconfont='entypo-fontello' title='' data-avia-related-tooltip='Compartir en LinkedIn' rel=\"noopener\"><span class='avia_hidden_link_text'>Compartir en LinkedIn<\/span><\/a><\/li><li class='av-share-link av-social-link-mail' ><a  aria-label=\"Compartir por correo\" href='mailto:?subject=Motoniveladora%20fue%20embarcada%20hoy%20para%20mejorar%20un%20complejo%20tramo%20del%20camino%20hacia%20Bah%C3%ADa%20Exploradores&#038;body=https:\/\/radiorevelacionfm.cl\/?p=50983' aria-hidden='false' data-av_icon='\ue805' data-av_iconfont='entypo-fontello' title='' data-avia-related-tooltip='Compartir por correo'><span class='avia_hidden_link_text'>Compartir por correo<\/span><\/a><\/li><\/ul><\/div><\/div>\n<div  style='height:50px' class='hr hr-invisible   avia-builder-el-8  el_after_av_social_share  el_before_av_comments_list '><span class='hr-inner ' ><span class='hr-inner-style'><\/span><\/span><\/div>\n<div  class='av-buildercomment  av-blog-meta-html-info-disabled av-blog-meta-tag-disabled  '><\/div>\n","protected":false},"excerpt":{"rendered":"","protected":false},"author":1,"featured_media":50984,"comment_status":"open","ping_status":"open","sticky":false,"template":"","format":"standard","meta":{"footnotes":""},"categories":[38],"tags":[],"class_list":["post-50983","post","type-post","status-publish","format-standard","has-post-thumbnail","hentry","category-regional"],"jetpack_featured_media_url":"https:\/\/radiorevelacionfm.cl\/wp-content\/uploads\/2025\/02\/IMG-20250227-WA0048-1-1.jpg","_links":{"self":[{"href":"https:\/\/radiorevelacionfm.cl\/index.php?rest_route=\/wp\/v2\/posts\/50983","targetHints":{"allow":["GET"]}}],"collection":[{"href":"https:\/\/radiorevelacionfm.cl\/index.php?rest_route=\/wp\/v2\/posts"}],"about":[{"href":"https:\/\/radiorevelacionfm.cl\/index.php?rest_route=\/wp\/v2\/types\/post"}],"author":[{"embeddable":true,"href":"https:\/\/radiorevelacionfm.cl\/index.php?rest_route=\/wp\/v2\/users\/1"}],"replies":[{"embeddable":true,"href":"https:\/\/radiorevelacionfm.cl\/index.php?rest_route=%2Fwp%2Fv2%2Fcomments&post=50983"}],"version-history":[{"count":1,"href":"https:\/\/radiorevelacionfm.cl\/index.php?rest_route=\/wp\/v2\/posts\/50983\/revisions"}],"predecessor-version":[{"id":50985,"href":"https:\/\/radiorevelacionfm.cl\/index.php?rest_route=\/wp\/v2\/posts\/50983\/revisions\/50985"}],"wp:featuredmedia":[{"embeddable":true,"href":"https:\/\/radiorevelacionfm.cl\/index.php?rest_route=\/wp\/v2\/media\/50984"}],"wp:attachment":[{"href":"https:\/\/radiorevelacionfm.cl\/index.php?rest_route=%2Fwp%2Fv2%2Fmedia&parent=50983"}],"wp:term":[{"taxonomy":"category","embeddable":true,"href":"https:\/\/radiorevelacionfm.cl\/index.php?rest_route=%2Fwp%2Fv2%2Fcategories&post=50983"},{"taxonomy":"post_tag","embeddable":true,"href":"https:\/\/radiorevelacionfm.cl\/index.php?rest_route=%2Fwp%2Fv2%2Ftags&post=50983"}],"curies":[{"name":"wp","href":"https:\/\/api.w.org\/{rel}","templated":true}]}}