{"id":50980,"date":"2025-02-28T11:32:24","date_gmt":"2025-02-28T14:32:24","guid":{"rendered":"https:\/\/radiorevelacionfm.cl\/?p=50980"},"modified":"2025-02-28T11:32:24","modified_gmt":"2025-02-28T14:32:24","slug":"alcalde-de-coyhaique-presenta-al-delegado-presidencial-regional-plan-de-desarrollo-economico-comunal","status":"publish","type":"post","link":"https:\/\/radiorevelacionfm.cl\/?p=50980","title":{"rendered":"Alcalde de Coyhaique presenta al Delegado Presidencial Regional, Plan de Desarrollo Econ\u00f3mico Comunal"},"content":{"rendered":"<div class=\"flex_column av_one_full  flex_column_div av-zero-column-padding first  avia-builder-el-0  el_before_av_one_full  avia-builder-el-first  \" style='border-radius:0px; '><div  class='avia-image-container  av-styling-    avia-builder-el-1  avia-builder-el-no-sibling  avia-align-center '  itemprop=\"image\" itemscope=\"itemscope\" itemtype=\"https:\/\/schema.org\/ImageObject\"  ><div class='avia-image-container-inner'><div class='avia-image-overlay-wrap'><img decoding=\"async\" class='wp-image-50981 avia-img-lazy-loading-not-50981 avia_image' src=\"https:\/\/radiorevelacionfm.cl\/wp-content\/uploads\/2025\/02\/whatsapp-image-2025-02-27-at-12_optimized.06.33-pm-1-1.jpeg\" alt='' title='whatsapp-image-2025-02-27-at-12_optimized.06.33-pm-(1) (1)' height=\"600\" width=\"800\"  itemprop=\"thumbnailUrl\" srcset=\"https:\/\/radiorevelacionfm.cl\/wp-content\/uploads\/2025\/02\/whatsapp-image-2025-02-27-at-12_optimized.06.33-pm-1-1.jpeg 800w, https:\/\/radiorevelacionfm.cl\/wp-content\/uploads\/2025\/02\/whatsapp-image-2025-02-27-at-12_optimized.06.33-pm-1-1-300x225.jpeg 300w, https:\/\/radiorevelacionfm.cl\/wp-content\/uploads\/2025\/02\/whatsapp-image-2025-02-27-at-12_optimized.06.33-pm-1-1-768x576.jpeg 768w, https:\/\/radiorevelacionfm.cl\/wp-content\/uploads\/2025\/02\/whatsapp-image-2025-02-27-at-12_optimized.06.33-pm-1-1-705x529.jpeg 705w, https:\/\/radiorevelacionfm.cl\/wp-content\/uploads\/2025\/02\/whatsapp-image-2025-02-27-at-12_optimized.06.33-pm-1-1-450x338.jpeg 450w, https:\/\/radiorevelacionfm.cl\/wp-content\/uploads\/2025\/02\/whatsapp-image-2025-02-27-at-12_optimized.06.33-pm-1-1-600x450.jpeg 600w\" sizes=\"(max-width: 800px) 100vw, 800px\" \/><\/div><\/div><\/div><\/div><div class=\"flex_column av_one_full  flex_column_div av-zero-column-padding first  avia-builder-el-2  el_after_av_one_full  el_before_av_one_full  column-top-margin\" style='border-radius:0px; '><section class=\"av_textblock_section \"  itemscope=\"itemscope\" itemtype=\"https:\/\/schema.org\/BlogPosting\" itemprop=\"blogPost\" ><div class='avia_textblock  '   itemprop=\"text\" ><p style=\"text-align: center;\"><span style=\"font-size: 18pt;\"><b>Alcalde de Coyhaique presenta al Delegado Presidencial Regional, Plan de Desarrollo Econ\u00f3mico Comunal<\/b><\/span><\/p>\n<div id=\"gtx-trans\" style=\"position: absolute; left: -50px; top: 4.31534px;\">\n<div class=\"gtx-trans-icon\"><\/div>\n<\/div>\n<\/div><\/section><\/div><div class=\"flex_column av_one_full  flex_column_div av-zero-column-padding first  avia-builder-el-4  el_after_av_one_full  el_before_av_hr  column-top-margin\" style='border-radius:0px; '><section class=\"av_textblock_section \"  itemscope=\"itemscope\" itemtype=\"https:\/\/schema.org\/BlogPosting\" itemprop=\"blogPost\" ><div class='avia_textblock  '   itemprop=\"text\" ><p style=\"font-weight: 400; text-align: justify;\"><em>Se trata de una planificaci\u00f3n a cuatro a\u00f1os, basada en inversiones p\u00fablicas y privadas, tanto en sectores urbanos como rurales de la capital regional.<\/em><\/p>\n<p style=\"font-weight: 400; text-align: justify;\">El Plan de Desarrollo Econ\u00f3mico Comunal Coyhaique present\u00f3 este jueves el alcalde Carlos Gatica Villegas, al Delegado Presidencial Regional, Jorge D\u00edaz Guzm\u00e1n, acompa\u00f1ado por los seremis de Gobierno, \u00darsula Mix; Econom\u00eda, Felipe Rojas; Agricultura, Eugenio Ruiz y director de Sernatur, Claudio Montecinos, entre otros directivos y equipos t\u00e9cnicos.<\/p>\n<p style=\"font-weight: 400; text-align: justify;\">El plan est\u00e1 dise\u00f1ado a cuatro a\u00f1os plazo, sobre la base de inversiones p\u00fablicas y privadas, tanto en el sector urbano como rural, con miras al pr\u00f3ximo centenario de la capital regional, el 12 de octubre de 2029.<\/p>\n<p style=\"font-weight: 400; text-align: justify;\">De all\u00ed que la reuni\u00f3n tuvo por objetivo facilitar la coordinaci\u00f3n de los organismos vinculados a la materializaci\u00f3n de las diferentes iniciativas, como indic\u00f3 el Delegado Regional, Jorge D\u00edaz.<\/p>\n<p style=\"font-weight: 400; text-align: justify;\">\u201cEstamos coordinando el esfuerzo del sector p\u00fablico con las iniciativas que el alcalde est\u00e1 exponiendo en esta jornada. Nosotros estamos poniendo a disposici\u00f3n nuestra log\u00edstica y planificaci\u00f3n del proceso presupuestario 2026. Fundamentalmente, reforzamos la coordinaci\u00f3n de los servicios p\u00fablicos, en la planificaci\u00f3n desde el punto de vista urbano, productivo y log\u00edstico, para que los planes y proyectos que el alcalde est\u00e1 pensando para incentivar el desarrollo econ\u00f3mico de nuestra capital, tenga coherencia con lo que nuestro gobierno est\u00e1 implementando\u201d, destac\u00f3.<\/p>\n<p style=\"font-weight: 400; text-align: justify;\">Entre las iniciativas, el alcalde Gatica dijo que \u201cen el caso de los sectores rurales, estamos potenciando darle vocaciones productivas a cada una de las localidades, con el objetivo de tener fuerza laboral y posibilidades de empleo. Por ejemplo, una f\u00e1brica comunitaria de lana en el sector de \u00d1irehuao; una f\u00e1brica de procesos productivos en Villa Ortega y Valle Simpson y una f\u00e1brica de cemento microvibrado en El Blanco. Lo que estamos viendo con estas conversaciones, es avanzar en la factibilidad de ubicaci\u00f3n y posibilidad de inversi\u00f3n, entre otros aspectos\u201d.<\/p>\n<p style=\"font-weight: 400; text-align: justify;\">En el caso de las inversiones p\u00fablicas, se est\u00e1 evaluando el uso de recursos procedentes de la Subsecretar\u00eda de Desarrollo Regional y Administrativo (Subdere), entre otras fuentes de financiamiento. Adem\u00e1s, se est\u00e1n afianzando las coordinaciones para la concreci\u00f3n de iniciativas privadas en este per\u00edodo en la comuna.<\/p>\n<p style=\"font-weight: 400; text-align: justify;\">\u201cPor otro lado, tenemos la inversi\u00f3n privada, donde estamos ayudando, trabajando en conjunto, siendo gestores para que las cosas ocurran, apoyando a los inversionistas privados que quieren desarrollar operaciones en nuestra zona, con proyectos como alg\u00fan centro comercial, los data center que impulsan el ministerio de Econom\u00eda con Corfo, proyectos de energ\u00eda y otros donde hemos estado hablando con el Ministerio de Vivienda, con la C\u00e1mara Chilena de la Construcci\u00f3n, con la C\u00e1mara de Turismo y con la C\u00e1mara de Comercio\u201d, concluy\u00f3 Carlos Gatica.<\/p>\n<p style=\"font-weight: 400; text-align: justify;\">De acuerdo a las estimaciones preliminares, se ha considerado la generaci\u00f3n de alrededor de diez empleos en los sectores donde se desarrollar\u00e1n estas iniciativas.<\/p>\n<\/div><\/section><\/div><div  style='height:50px' class='hr hr-invisible   avia-builder-el-6  el_after_av_one_full  el_before_av_social_share '><span class='hr-inner ' ><span class='hr-inner-style'><\/span><\/span><\/div><\/p>\n<div  class='av-social-sharing-box  avia-builder-el-7  el_after_av_hr  el_before_av_hr  '><div class='av-share-box'><h5 class='av-share-link-description av-no-toc '>Compartir esta noticia<\/h5><ul class='av-share-box-list noLightbox'><li class='av-share-link av-social-link-facebook' ><a target=\"_blank\" aria-label=\"Compartir en Facebook\" href='https:\/\/www.facebook.com\/sharer.php?u=https:\/\/radiorevelacionfm.cl\/?p=50980&#038;t=Alcalde%20de%20Coyhaique%20presenta%20al%20Delegado%20Presidencial%20Regional%2C%20Plan%20de%20Desarrollo%20Econ%C3%B3mico%20Comunal' aria-hidden='false' data-av_icon='\ue8f3' data-av_iconfont='entypo-fontello' title='' data-avia-related-tooltip='Compartir en Facebook' rel=\"noopener\"><span class='avia_hidden_link_text'>Compartir en Facebook<\/span><\/a><\/li><li class='av-share-link av-social-link-twitter' ><a target=\"_blank\" aria-label=\"Compartir en Twitter\" href='https:\/\/twitter.com\/share?text=Alcalde%20de%20Coyhaique%20presenta%20al%20Delegado%20Presidencial%20Regional%2C%20Plan%20de%20Desarrollo%20Econ%C3%B3mico%20Comunal&#038;url=https:\/\/radiorevelacionfm.cl\/?p=50980' aria-hidden='false' data-av_icon='\ue8f1' data-av_iconfont='entypo-fontello' title='' data-avia-related-tooltip='Compartir en Twitter' rel=\"noopener\"><span class='avia_hidden_link_text'>Compartir en Twitter<\/span><\/a><\/li><li class='av-share-link av-social-link-whatsapp' ><a target=\"_blank\" aria-label=\"Compartir en Whatsapp\" href='https:\/\/api.whatsapp.com\/send?text=https:\/\/radiorevelacionfm.cl\/?p=50980' aria-hidden='false' data-av_icon='\uf232' data-av_iconfont='entypo-fontello' title='' data-avia-related-tooltip='Compartir en Whatsapp' rel=\"noopener\"><span class='avia_hidden_link_text'>Compartir en Whatsapp<\/span><\/a><\/li><li class='av-share-link av-social-link-linkedin' ><a target=\"_blank\" aria-label=\"Compartir en LinkedIn\" href='https:\/\/linkedin.com\/shareArticle?mini=true&#038;title=Alcalde%20de%20Coyhaique%20presenta%20al%20Delegado%20Presidencial%20Regional%2C%20Plan%20de%20Desarrollo%20Econ%C3%B3mico%20Comunal&#038;url=https:\/\/radiorevelacionfm.cl\/?p=50980' aria-hidden='false' data-av_icon='\ue8fc' data-av_iconfont='entypo-fontello' title='' data-avia-related-tooltip='Compartir en LinkedIn' rel=\"noopener\"><span class='avia_hidden_link_text'>Compartir en LinkedIn<\/span><\/a><\/li><li class='av-share-link av-social-link-mail' ><a  aria-label=\"Compartir por correo\" href='mailto:?subject=Alcalde%20de%20Coyhaique%20presenta%20al%20Delegado%20Presidencial%20Regional%2C%20Plan%20de%20Desarrollo%20Econ%C3%B3mico%20Comunal&#038;body=https:\/\/radiorevelacionfm.cl\/?p=50980' aria-hidden='false' data-av_icon='\ue805' data-av_iconfont='entypo-fontello' title='' data-avia-related-tooltip='Compartir por correo'><span class='avia_hidden_link_text'>Compartir por correo<\/span><\/a><\/li><\/ul><\/div><\/div>\n<div  style='height:50px' class='hr hr-invisible   avia-builder-el-8  el_after_av_social_share  el_before_av_comments_list '><span class='hr-inner ' ><span class='hr-inner-style'><\/span><\/span><\/div>\n<div  class='av-buildercomment  av-blog-meta-html-info-disabled av-blog-meta-tag-disabled  '><\/div>\n","protected":false},"excerpt":{"rendered":"","protected":false},"author":1,"featured_media":50981,"comment_status":"open","ping_status":"open","sticky":false,"template":"","format":"standard","meta":{"footnotes":""},"categories":[38],"tags":[],"class_list":["post-50980","post","type-post","status-publish","format-standard","has-post-thumbnail","hentry","category-regional"],"jetpack_featured_media_url":"https:\/\/radiorevelacionfm.cl\/wp-content\/uploads\/2025\/02\/whatsapp-image-2025-02-27-at-12_optimized.06.33-pm-1-1.jpeg","_links":{"self":[{"href":"https:\/\/radiorevelacionfm.cl\/index.php?rest_route=\/wp\/v2\/posts\/50980","targetHints":{"allow":["GET"]}}],"collection":[{"href":"https:\/\/radiorevelacionfm.cl\/index.php?rest_route=\/wp\/v2\/posts"}],"about":[{"href":"https:\/\/radiorevelacionfm.cl\/index.php?rest_route=\/wp\/v2\/types\/post"}],"author":[{"embeddable":true,"href":"https:\/\/radiorevelacionfm.cl\/index.php?rest_route=\/wp\/v2\/users\/1"}],"replies":[{"embeddable":true,"href":"https:\/\/radiorevelacionfm.cl\/index.php?rest_route=%2Fwp%2Fv2%2Fcomments&post=50980"}],"version-history":[{"count":1,"href":"https:\/\/radiorevelacionfm.cl\/index.php?rest_route=\/wp\/v2\/posts\/50980\/revisions"}],"predecessor-version":[{"id":50982,"href":"https:\/\/radiorevelacionfm.cl\/index.php?rest_route=\/wp\/v2\/posts\/50980\/revisions\/50982"}],"wp:featuredmedia":[{"embeddable":true,"href":"https:\/\/radiorevelacionfm.cl\/index.php?rest_route=\/wp\/v2\/media\/50981"}],"wp:attachment":[{"href":"https:\/\/radiorevelacionfm.cl\/index.php?rest_route=%2Fwp%2Fv2%2Fmedia&parent=50980"}],"wp:term":[{"taxonomy":"category","embeddable":true,"href":"https:\/\/radiorevelacionfm.cl\/index.php?rest_route=%2Fwp%2Fv2%2Fcategories&post=50980"},{"taxonomy":"post_tag","embeddable":true,"href":"https:\/\/radiorevelacionfm.cl\/index.php?rest_route=%2Fwp%2Fv2%2Ftags&post=50980"}],"curies":[{"name":"wp","href":"https:\/\/api.w.org\/{rel}","templated":true}]}}