{"id":5098,"date":"2021-06-09T20:44:01","date_gmt":"2021-06-09T23:44:01","guid":{"rendered":"https:\/\/radiorevelacionfm.cl\/?p=5098"},"modified":"2021-06-09T20:44:01","modified_gmt":"2021-06-09T23:44:01","slug":"invitan-a-seminario-sobre-los-desafios-del-trabajo-infantil-en-chile-y-en-la-region-de-aysen","status":"publish","type":"post","link":"https:\/\/radiorevelacionfm.cl\/?p=5098","title":{"rendered":"Invitan a seminario sobre los desaf\u00edos del Trabajo Infantil en Chile y en la Regi\u00f3n de Ays\u00e9n"},"content":{"rendered":"<div class=\"flex_column av_one_full  flex_column_div av-zero-column-padding first  avia-builder-el-0  el_before_av_one_full  avia-builder-el-first  \" style='border-radius:0px; '><div  class='avia-image-container  av-styling-    avia-builder-el-1  avia-builder-el-no-sibling  avia-align-center '  itemprop=\"image\" itemscope=\"itemscope\" itemtype=\"https:\/\/schema.org\/ImageObject\"  ><div class='avia-image-container-inner'><div class='avia-image-overlay-wrap'><img decoding=\"async\" class='wp-image-0 avia-img-lazy-loading-not-0 avia_image' src=\"https:\/\/radiorevelacionfm.cl\/wp-content\/uploads\/2021\/06\/seminario-desafios-trabajo-infantil_aysen-1_optimized.jpg\" alt='' title=''   itemprop=\"thumbnailUrl\"  \/><\/div><\/div><\/div><\/div><div class=\"flex_column av_one_full  flex_column_div av-zero-column-padding first  avia-builder-el-2  el_after_av_one_full  el_before_av_one_full  column-top-margin\" style='border-radius:0px; '><section class=\"av_textblock_section \"  itemscope=\"itemscope\" itemtype=\"https:\/\/schema.org\/BlogPosting\" itemprop=\"blogPost\" ><div class='avia_textblock  '   itemprop=\"text\" ><p style=\"text-align: center;\"><strong><span style=\"font-size: 18pt;\">Invitan a seminario sobre los desaf\u00edos del Trabajo Infantil en Chile y en la Regi\u00f3n de Ays\u00e9n<\/span><\/strong><\/p>\n<div id=\"gtx-trans\" style=\"position: absolute; left: -50px; top: 4.31534px;\">\n<div class=\"gtx-trans-icon\"><\/div>\n<\/div>\n<\/div><\/section><\/div><div class=\"flex_column av_one_full  flex_column_div av-zero-column-padding first  avia-builder-el-4  el_after_av_one_full  el_before_av_hr  column-top-margin\" style='border-radius:0px; '><section class=\"av_textblock_section \"  itemscope=\"itemscope\" itemtype=\"https:\/\/schema.org\/BlogPosting\" itemprop=\"blogPost\" ><div class='avia_textblock  '   itemprop=\"text\" ><p style=\"text-align: justify;\">Seg\u00fan la encuesta EANNA hay 219 mil ni\u00f1os y ni\u00f1as en situaci\u00f3n de trabajo infantil en Chile. Esta cifra podr\u00eda aumentar debido a las consecuencias de la pandemia de Covid 19 en nuestra Regi\u00f3n de Ays\u00e9n y en Chile, tal como en el resto del mundo, seg\u00fan las proyecciones realizadas por la Organizaci\u00f3n Internacional del Trabajo, OIT, problem\u00e1tica que preocupa a las autoridades, ya que conlleva un gran riesgo para los ni\u00f1os, ni\u00f1as y adolescentes, tanto en su salud f\u00edsica como mental.<\/p>\n<p style=\"text-align: justify;\">Este 2021 la Organizaci\u00f3n de Naciones Unidas, ONU, declar\u00f3 el 2021, como el \u201cA\u00f1o Internacional para la Eliminaci\u00f3n del Trabajo Infantil\u201d, donde Chile es uno de los pioneros de la Alianza 8.7 para la eliminaci\u00f3n del trabajo infantil en todas sus formas al 2025.<\/p>\n<p style=\"text-align: justify;\">El llamado desde el Departamento de Erradicaci\u00f3n del Trabajo Infantil, de la Subsecretar\u00eda del Trabajo y de los organismos internacionales es a visibilizar el tema y no minimizar su existencia, as\u00ed lo afirm\u00f3 la Seremi del Trabajo y Previsi\u00f3n Social, Andrea Ponce:<\/p>\n<p style=\"text-align: justify;\">\u201cEstos \u00faltimos a\u00f1os hemos estado trabajando arduamente por crear conciencia y visibilizar el trabajo infantil y sus riesgos, tanto f\u00edsicos como psicol\u00f3gicos para nuestros ni\u00f1os, ni\u00f1as y adolescentes. Junto al Comit\u00e9 Regional de Trabajo Infantil y las 22 instituciones p\u00fablicas y privadas que lo componen, y con el apoyo de las Oficinas de Protecci\u00f3n de Derechos, OPD, hemos buscado distintas instancias para informar y educar sobre el trabajo infantil y sus diferencias, por ejemplo, con la creaci\u00f3n de h\u00e1bitos en el hogar, y cu\u00e1les son los riesgos que conllevan, cont\u00e1ndoles que los sectores de comercio y agr\u00edcola es donde hay m\u00e1s ni\u00f1os en esta situaci\u00f3n. De igual forma, es un gran hito y un gran desaf\u00edo para nosotros, el haber sido seleccionados para realizar a nivel nacional un piloto en la Comuna de R\u00edo Ib\u00e1\u00f1ez, que nos permitir\u00e1 detectar factores que influyen en la vulnerabilidad al trabajo infantil\u201d.<\/p>\n<p style=\"text-align: justify;\">Con respecto al seminario que se desarrollar\u00e1 en el contexto del D\u00eda Mundial Contra el Trabajo Infantil, Andrea Ponce coment\u00f3, \u201cComo comit\u00e9 regional estamos organizando este seminario con el prop\u00f3sito de visibilizar el trabajo infantil y los desaf\u00edos que como pa\u00eds y regi\u00f3n tenemos, para evitar la vulneraci\u00f3n de derechos de ni\u00f1os, ni\u00f1as y adolescentes. Queremos convocar a toda la comunidad a que se informen y puedan aclarar sus dudas sobre qu\u00e9 es trabajo infantil, cu\u00e1les son los desaf\u00edos de las instituciones, la nueva normativa de adolescente protegido, c\u00f3mo se ve el panorama en nuestra Regi\u00f3n de Ays\u00e9n, el piloto que estamos desarrollando en R\u00edo Ib\u00e1\u00f1ez junto a la Subsecretar\u00eda del Trabajo y la OIT, entre otras tem\u00e1ticas. Queremos invitarlos a conectarse al seminario, que transmitiremos a trav\u00e9s de nuestro Facebook MintrabAys\u00e9n, este jueves, a las 16:00 hrs. Y aprovecho de dejar la siguiente reflexi\u00f3n: cada uno de nosotros, desde su realidad, puede aportar en la erradicaci\u00f3n del trabajo infantil\u201d, concluy\u00f3 la Seremi de Trabajo y Previsi\u00f3n Social.<\/p>\n<p style=\"text-align: justify;\">El seminario denominado \u201cA\u00f1o Internacional Contra el Trabajo Infantil: \u201cDesaf\u00edos en la promoci\u00f3n de Derechos en Ni\u00f1os, Ni\u00f1as y Adolescentes en Chile y Ays\u00e9n\u201d, se realizar\u00e1 este jueves 10 de junio a las 16:00 y ser\u00e1 transmitido a trav\u00e9s de la plataforma <a href=\"http:\/\/www.facebook.com\/MintrabAys\u00e9n\">www.facebook.com\/MintrabAys\u00e9n<\/a>.<\/p>\n<p style=\"text-align: justify;\">Sus expositoras ser\u00e1n Alejandra Gonz\u00e1lez, jefa del Departamento de Erradicaci\u00f3n del Trabajo Infantil y Fabiola Burgos, coordinadora de la Macrozona Austral de la Defensor\u00eda de la Ni\u00f1ez. Luego se realizar\u00e1 un panel de conversaci\u00f3n sobre la experiencia regional, moderado por Carla Romo, profesional del Instituto Nacional de Derechos Humanos, INDH, donde participar\u00e1n Luis Alvarado, supervisor t\u00e9cnico de la Unidad de Protecci\u00f3n de Derechos, UPRODE, de Sename, y la Seremi Andrea Ponce, para luego responder consultas y compartir visiones de los asistentes.<\/p>\n<\/div><\/section><\/div><div  style='height:50px' class='hr hr-invisible   avia-builder-el-6  el_after_av_one_full  el_before_av_social_share '><span class='hr-inner ' ><span class='hr-inner-style'><\/span><\/span><\/div><\/p>\n<div  class='av-social-sharing-box  avia-builder-el-7  el_after_av_hr  el_before_av_hr  '><div class='av-share-box'><h5 class='av-share-link-description av-no-toc '>Compartir esta noticia<\/h5><ul class='av-share-box-list noLightbox'><li class='av-share-link av-social-link-facebook' ><a target=\"_blank\" aria-label=\"Compartir en Facebook\" href='https:\/\/www.facebook.com\/sharer.php?u=https:\/\/radiorevelacionfm.cl\/?p=5098&#038;t=Invitan%20a%20seminario%20sobre%20los%20desaf%C3%ADos%20del%20Trabajo%20Infantil%20en%20Chile%20y%20en%20la%20Regi%C3%B3n%20de%20Ays%C3%A9n' aria-hidden='false' data-av_icon='\ue8f3' data-av_iconfont='entypo-fontello' title='' data-avia-related-tooltip='Compartir en Facebook' rel=\"noopener\"><span class='avia_hidden_link_text'>Compartir en Facebook<\/span><\/a><\/li><li class='av-share-link av-social-link-twitter' ><a target=\"_blank\" aria-label=\"Compartir en Twitter\" href='https:\/\/twitter.com\/share?text=Invitan%20a%20seminario%20sobre%20los%20desaf%C3%ADos%20del%20Trabajo%20Infantil%20en%20Chile%20y%20en%20la%20Regi%C3%B3n%20de%20Ays%C3%A9n&#038;url=https:\/\/radiorevelacionfm.cl\/?p=5098' aria-hidden='false' data-av_icon='\ue8f1' data-av_iconfont='entypo-fontello' title='' data-avia-related-tooltip='Compartir en Twitter' rel=\"noopener\"><span class='avia_hidden_link_text'>Compartir en Twitter<\/span><\/a><\/li><li class='av-share-link av-social-link-whatsapp' ><a target=\"_blank\" aria-label=\"Compartir en Whatsapp\" href='https:\/\/api.whatsapp.com\/send?text=https:\/\/radiorevelacionfm.cl\/?p=5098' aria-hidden='false' data-av_icon='\uf232' data-av_iconfont='entypo-fontello' title='' data-avia-related-tooltip='Compartir en Whatsapp' rel=\"noopener\"><span class='avia_hidden_link_text'>Compartir en Whatsapp<\/span><\/a><\/li><li class='av-share-link av-social-link-linkedin' ><a target=\"_blank\" aria-label=\"Compartir en LinkedIn\" href='https:\/\/linkedin.com\/shareArticle?mini=true&#038;title=Invitan%20a%20seminario%20sobre%20los%20desaf%C3%ADos%20del%20Trabajo%20Infantil%20en%20Chile%20y%20en%20la%20Regi%C3%B3n%20de%20Ays%C3%A9n&#038;url=https:\/\/radiorevelacionfm.cl\/?p=5098' aria-hidden='false' data-av_icon='\ue8fc' data-av_iconfont='entypo-fontello' title='' data-avia-related-tooltip='Compartir en LinkedIn' rel=\"noopener\"><span class='avia_hidden_link_text'>Compartir en LinkedIn<\/span><\/a><\/li><li class='av-share-link av-social-link-mail' ><a  aria-label=\"Compartir por correo\" href='mailto:?subject=Invitan%20a%20seminario%20sobre%20los%20desaf%C3%ADos%20del%20Trabajo%20Infantil%20en%20Chile%20y%20en%20la%20Regi%C3%B3n%20de%20Ays%C3%A9n&#038;body=https:\/\/radiorevelacionfm.cl\/?p=5098' aria-hidden='false' data-av_icon='\ue805' data-av_iconfont='entypo-fontello' title='' data-avia-related-tooltip='Compartir por correo'><span class='avia_hidden_link_text'>Compartir por correo<\/span><\/a><\/li><\/ul><\/div><\/div>\n<div  style='height:50px' class='hr hr-invisible   avia-builder-el-8  el_after_av_social_share  el_before_av_comments_list '><span class='hr-inner ' ><span class='hr-inner-style'><\/span><\/span><\/div>\n<div  class='av-buildercomment  av-blog-meta-html-info-disabled av-blog-meta-tag-disabled  '><\/div>\n","protected":false},"excerpt":{"rendered":"","protected":false},"author":1,"featured_media":0,"comment_status":"open","ping_status":"open","sticky":false,"template":"","format":"standard","meta":{"footnotes":""},"categories":[56],"tags":[],"class_list":["post-5098","post","type-post","status-publish","format-standard","hentry","category-trabajo"],"jetpack_featured_media_url":"","_links":{"self":[{"href":"https:\/\/radiorevelacionfm.cl\/index.php?rest_route=\/wp\/v2\/posts\/5098","targetHints":{"allow":["GET"]}}],"collection":[{"href":"https:\/\/radiorevelacionfm.cl\/index.php?rest_route=\/wp\/v2\/posts"}],"about":[{"href":"https:\/\/radiorevelacionfm.cl\/index.php?rest_route=\/wp\/v2\/types\/post"}],"author":[{"embeddable":true,"href":"https:\/\/radiorevelacionfm.cl\/index.php?rest_route=\/wp\/v2\/users\/1"}],"replies":[{"embeddable":true,"href":"https:\/\/radiorevelacionfm.cl\/index.php?rest_route=%2Fwp%2Fv2%2Fcomments&post=5098"}],"version-history":[{"count":1,"href":"https:\/\/radiorevelacionfm.cl\/index.php?rest_route=\/wp\/v2\/posts\/5098\/revisions"}],"predecessor-version":[{"id":5100,"href":"https:\/\/radiorevelacionfm.cl\/index.php?rest_route=\/wp\/v2\/posts\/5098\/revisions\/5100"}],"wp:attachment":[{"href":"https:\/\/radiorevelacionfm.cl\/index.php?rest_route=%2Fwp%2Fv2%2Fmedia&parent=5098"}],"wp:term":[{"taxonomy":"category","embeddable":true,"href":"https:\/\/radiorevelacionfm.cl\/index.php?rest_route=%2Fwp%2Fv2%2Fcategories&post=5098"},{"taxonomy":"post_tag","embeddable":true,"href":"https:\/\/radiorevelacionfm.cl\/index.php?rest_route=%2Fwp%2Fv2%2Ftags&post=5098"}],"curies":[{"name":"wp","href":"https:\/\/api.w.org\/{rel}","templated":true}]}}