{"id":50977,"date":"2025-02-28T10:44:10","date_gmt":"2025-02-28T13:44:10","guid":{"rendered":"https:\/\/radiorevelacionfm.cl\/?p=50977"},"modified":"2025-02-28T10:44:10","modified_gmt":"2025-02-28T13:44:10","slug":"avanza-plan-regional-para-enfrentar-los-efectos-del-cambio-climatico","status":"publish","type":"post","link":"https:\/\/radiorevelacionfm.cl\/?p=50977","title":{"rendered":"Avanza plan regional para enfrentar los efectos del cambio clim\u00e1tico"},"content":{"rendered":"<div class=\"flex_column av_one_full  flex_column_div av-zero-column-padding first  avia-builder-el-0  el_before_av_one_full  avia-builder-el-first  \" style='border-radius:0px; '><div  class='avia-image-container  av-styling-    avia-builder-el-1  avia-builder-el-no-sibling  avia-align-center '  itemprop=\"image\" itemscope=\"itemscope\" itemtype=\"https:\/\/schema.org\/ImageObject\"  ><div class='avia-image-container-inner'><div class='avia-image-overlay-wrap'><img decoding=\"async\" class='wp-image-50978 avia-img-lazy-loading-not-50978 avia_image' src=\"https:\/\/radiorevelacionfm.cl\/wp-content\/uploads\/2025\/02\/1-2025-02-27t190024_optimized.489-1.jpg\" alt='' title='1 - -2025-02-27t190024_optimized.489-(1)' height=\"600\" width=\"1067\"  itemprop=\"thumbnailUrl\" srcset=\"https:\/\/radiorevelacionfm.cl\/wp-content\/uploads\/2025\/02\/1-2025-02-27t190024_optimized.489-1.jpg 1067w, https:\/\/radiorevelacionfm.cl\/wp-content\/uploads\/2025\/02\/1-2025-02-27t190024_optimized.489-1-300x169.jpg 300w, https:\/\/radiorevelacionfm.cl\/wp-content\/uploads\/2025\/02\/1-2025-02-27t190024_optimized.489-1-1030x579.jpg 1030w, https:\/\/radiorevelacionfm.cl\/wp-content\/uploads\/2025\/02\/1-2025-02-27t190024_optimized.489-1-768x432.jpg 768w, https:\/\/radiorevelacionfm.cl\/wp-content\/uploads\/2025\/02\/1-2025-02-27t190024_optimized.489-1-705x396.jpg 705w, https:\/\/radiorevelacionfm.cl\/wp-content\/uploads\/2025\/02\/1-2025-02-27t190024_optimized.489-1-450x253.jpg 450w, https:\/\/radiorevelacionfm.cl\/wp-content\/uploads\/2025\/02\/1-2025-02-27t190024_optimized.489-1-600x337.jpg 600w\" sizes=\"(max-width: 1067px) 100vw, 1067px\" \/><\/div><\/div><\/div><\/div><div class=\"flex_column av_one_full  flex_column_div av-zero-column-padding first  avia-builder-el-2  el_after_av_one_full  el_before_av_one_full  column-top-margin\" style='border-radius:0px; '><section class=\"av_textblock_section \"  itemscope=\"itemscope\" itemtype=\"https:\/\/schema.org\/BlogPosting\" itemprop=\"blogPost\" ><div class='avia_textblock  '   itemprop=\"text\" ><p style=\"text-align: center;\"><span style=\"font-size: 18pt;\"><strong>Avanza plan regional para enfrentar los efectos del cambio clim\u00e1tico<\/strong><\/span><\/p>\n<div id=\"gtx-trans\" style=\"position: absolute; left: -50px; top: 4.31534px;\">\n<div class=\"gtx-trans-icon\"><\/div>\n<\/div>\n<\/div><\/section><\/div><div class=\"flex_column av_one_full  flex_column_div av-zero-column-padding first  avia-builder-el-4  el_after_av_one_full  el_before_av_hr  column-top-margin\" style='border-radius:0px; '><section class=\"av_textblock_section \"  itemscope=\"itemscope\" itemtype=\"https:\/\/schema.org\/BlogPosting\" itemprop=\"blogPost\" ><div class='avia_textblock  '   itemprop=\"text\" ><p style=\"text-align: justify;\"><em>El plan que contiene las 20 medidas regionales y comunales, fue aprobado en el pleno del Comit\u00e9 Regional de Cambio Clim\u00e1tico.<\/em><\/p>\n<p style=\"text-align: justify;\">Durante la primera sesi\u00f3n del Comit\u00e9 Regional de Cambio Clim\u00e1tico \u2013CORECC- de Ays\u00e9n se llev\u00f3 a cabo la votaci\u00f3n para aprobar el Plan de Acci\u00f3n Regional de Cambio Clim\u00e1tico (PARCC) de Ays\u00e9n; el instrumento de gesti\u00f3n clim\u00e1tica, que nace al alero de la Ley Marco de Cambio Clim\u00e1tico, fue aprobado en el pleno del comit\u00e9.<\/p>\n<p style=\"text-align: justify;\">El CORECC, presidido por el Gobierno Regional, con secretar\u00eda t\u00e9cnica en la SEREMI del Medio Ambiente y que re\u00fane a la Delegaci\u00f3n Presidencial Regional, trece secretar\u00edas regionales ministeriales, los alcaldes de los 10 municipios, representantes del Consejo Regional e integrantes del Consejo Consultivo del Medio Ambiente; aprob\u00f3 entonces los lineamientos y medidas aplicables a 10 a\u00f1os en la regi\u00f3n de Ays\u00e9n con 20 integrantes presentes 19 votos positivos y una abstenci\u00f3n.<\/p>\n<p style=\"text-align: justify;\">\u201cComo Gobierno nosotros estamos muy satisfechos de la opini\u00f3n de los integrantes que participaron de esta sesi\u00f3n del Comit\u00e9 de Cambio Clim\u00e1tico y haber aprobado este plan a nivel regional, sin embargo, todav\u00eda quedan un par de etapas donde participan los consejeros regionales y por lo tanto creo que es un paso importante para seguir discutiendo esto que es un tema tan relevante a nivel global y para nosotros como regi\u00f3n\u201d, declar\u00f3 el Delegado Presidencial Regional de Ays\u00e9n, Jorge D\u00edaz.<\/p>\n<p style=\"text-align: justify;\">En efecto, la aprobaci\u00f3n del CORECC permite que el instrumento definitivo sea sometido a acuerdo por el Consejo Regional, para luego ser sancionado por la delegaci\u00f3n presidencial y posteriormente ser publicado en el Diario Oficial.<\/p>\n<p style=\"text-align: justify;\">El Seremi del Medio Ambiente, Yoal D\u00edaz, dio cuenta del proceso de elaboraci\u00f3n del PARCC y las medidas contenidas en el proyecto, destacando adem\u00e1s la participaci\u00f3n de 20 servicios coadyuvantes, las consultor\u00edas para apoyar el desarrollo de los insumos b\u00e1sicos, propuesta de anteproyecto y participaci\u00f3n anticipada que cont\u00f3 con talleres participativos locales, entrevistas, encuesta y seminario de exposici\u00f3n.<\/p>\n<p style=\"text-align: justify;\">Respecto del Plan, la autoridad ambiental destac\u00f3 que es \u201clo m\u00e1s concreto que podemos hacer con respecto a cambio clim\u00e1tico y que podemos hacer como instrumento normativo de la ley. Por supuesto nuestro gobierno est\u00e1 comprometido con aquello, el avance de la aprobaci\u00f3n del PARCC nos permite avanzar en trabajo intersectorial en los ambientes p\u00fablicos y privados, donde van a tener tambi\u00e9n la oportunidad de generar cambios en los modelos de desarrollo productivo y como tambi\u00e9n miramos la resiliencia clim\u00e1tica en nuestra regi\u00f3n, avanzar en adaptaci\u00f3n y mitigaci\u00f3n es un desaf\u00edo y para ello \u00a0tenemos ya un plan aprobado, tenemos que seguir avanzando, que seguir socializ\u00e1ndolo, porque queremos que este plan sea una hoja de ruta para avanzar en mitigar los efectos de la triple crisis clim\u00e1tica\u201d, expres\u00f3.<\/p>\n<p style=\"text-align: justify;\">PARCC adem\u00e1s de contener un diagn\u00f3stico de vulnerabilidad clim\u00e1tica, el inventario de emisiones de Gases de Efecto Invernadero y contaminaci\u00f3n local, proceso de participaci\u00f3n ciudadana, levanta \u00a07 lineamientos espec\u00edficos para agrupar medidas de mitigaci\u00f3n y adaptaci\u00f3n al cambio clim\u00e1tico. De estos lineamientos se desprenden 20 medidas de mitigaci\u00f3n y adaptaci\u00f3n a nivel regional y local, entre las que destacan: Desarrollo de una estrategia regional de educaci\u00f3n, capacidades y empoderamiento clim\u00e1tico; Desarrollo de una Estrategia Regional de Calidad del Aire que coordina diferentes acciones y proyectos de eficiencia energ\u00e9tica y reducci\u00f3n de contaminaci\u00f3n por le\u00f1a en al menos 10 localidades de la regi\u00f3n; Aumentar acciones de conservaci\u00f3n de ecosistemas vulnerables y de restauraci\u00f3n de \u00e1reas degradadas en territorio y maritorio. Aumentar superficie de \u00e1reas con planes de manejo y ordenamiento forestal; Implementar proyectos piloto de Soluciones Basadas en la Naturaleza para aumentar captura CO2 y Seguridad H\u00eddrica, enlaz\u00e1ndose con la creaci\u00f3n de una pol\u00edtica regional de suelos; Profundiza acciones de reducci\u00f3n y gesti\u00f3n de residuos; Fortalecimiento y coordinaci\u00f3n de 45 servicios p\u00fablicos y 10 municipalidades que tienen responsabilidad de implementar y colaborar en metas, medidas y acciones clim\u00e1ticas, con horizonte de tiempo de 10 a\u00f1os.<\/p>\n<\/div><\/section><\/div><div  style='height:50px' class='hr hr-invisible   avia-builder-el-6  el_after_av_one_full  el_before_av_social_share '><span class='hr-inner ' ><span class='hr-inner-style'><\/span><\/span><\/div><\/p>\n<div  class='av-social-sharing-box  avia-builder-el-7  el_after_av_hr  el_before_av_hr  '><div class='av-share-box'><h5 class='av-share-link-description av-no-toc '>Compartir esta noticia<\/h5><ul class='av-share-box-list noLightbox'><li class='av-share-link av-social-link-facebook' ><a target=\"_blank\" aria-label=\"Compartir en Facebook\" href='https:\/\/www.facebook.com\/sharer.php?u=https:\/\/radiorevelacionfm.cl\/?p=50977&#038;t=Avanza%20plan%20regional%20para%20enfrentar%20los%20efectos%20del%20cambio%20clim%C3%A1tico' aria-hidden='false' data-av_icon='\ue8f3' data-av_iconfont='entypo-fontello' title='' data-avia-related-tooltip='Compartir en Facebook' rel=\"noopener\"><span class='avia_hidden_link_text'>Compartir en Facebook<\/span><\/a><\/li><li class='av-share-link av-social-link-twitter' ><a target=\"_blank\" aria-label=\"Compartir en Twitter\" href='https:\/\/twitter.com\/share?text=Avanza%20plan%20regional%20para%20enfrentar%20los%20efectos%20del%20cambio%20clim%C3%A1tico&#038;url=https:\/\/radiorevelacionfm.cl\/?p=50977' aria-hidden='false' data-av_icon='\ue8f1' data-av_iconfont='entypo-fontello' title='' data-avia-related-tooltip='Compartir en Twitter' rel=\"noopener\"><span class='avia_hidden_link_text'>Compartir en Twitter<\/span><\/a><\/li><li class='av-share-link av-social-link-whatsapp' ><a target=\"_blank\" aria-label=\"Compartir en Whatsapp\" href='https:\/\/api.whatsapp.com\/send?text=https:\/\/radiorevelacionfm.cl\/?p=50977' aria-hidden='false' data-av_icon='\uf232' data-av_iconfont='entypo-fontello' title='' data-avia-related-tooltip='Compartir en Whatsapp' rel=\"noopener\"><span class='avia_hidden_link_text'>Compartir en Whatsapp<\/span><\/a><\/li><li class='av-share-link av-social-link-linkedin' ><a target=\"_blank\" aria-label=\"Compartir en LinkedIn\" href='https:\/\/linkedin.com\/shareArticle?mini=true&#038;title=Avanza%20plan%20regional%20para%20enfrentar%20los%20efectos%20del%20cambio%20clim%C3%A1tico&#038;url=https:\/\/radiorevelacionfm.cl\/?p=50977' aria-hidden='false' data-av_icon='\ue8fc' data-av_iconfont='entypo-fontello' title='' data-avia-related-tooltip='Compartir en LinkedIn' rel=\"noopener\"><span class='avia_hidden_link_text'>Compartir en LinkedIn<\/span><\/a><\/li><li class='av-share-link av-social-link-mail' ><a  aria-label=\"Compartir por correo\" href='mailto:?subject=Avanza%20plan%20regional%20para%20enfrentar%20los%20efectos%20del%20cambio%20clim%C3%A1tico&#038;body=https:\/\/radiorevelacionfm.cl\/?p=50977' aria-hidden='false' data-av_icon='\ue805' data-av_iconfont='entypo-fontello' title='' data-avia-related-tooltip='Compartir por correo'><span class='avia_hidden_link_text'>Compartir por correo<\/span><\/a><\/li><\/ul><\/div><\/div>\n<div  style='height:50px' class='hr hr-invisible   avia-builder-el-8  el_after_av_social_share  el_before_av_comments_list '><span class='hr-inner ' ><span class='hr-inner-style'><\/span><\/span><\/div>\n<div  class='av-buildercomment  av-blog-meta-html-info-disabled av-blog-meta-tag-disabled  '><\/div>\n","protected":false},"excerpt":{"rendered":"","protected":false},"author":1,"featured_media":50978,"comment_status":"open","ping_status":"open","sticky":false,"template":"","format":"standard","meta":{"footnotes":""},"categories":[38],"tags":[],"class_list":["post-50977","post","type-post","status-publish","format-standard","has-post-thumbnail","hentry","category-regional"],"jetpack_featured_media_url":"https:\/\/radiorevelacionfm.cl\/wp-content\/uploads\/2025\/02\/1-2025-02-27t190024_optimized.489-1.jpg","_links":{"self":[{"href":"https:\/\/radiorevelacionfm.cl\/index.php?rest_route=\/wp\/v2\/posts\/50977","targetHints":{"allow":["GET"]}}],"collection":[{"href":"https:\/\/radiorevelacionfm.cl\/index.php?rest_route=\/wp\/v2\/posts"}],"about":[{"href":"https:\/\/radiorevelacionfm.cl\/index.php?rest_route=\/wp\/v2\/types\/post"}],"author":[{"embeddable":true,"href":"https:\/\/radiorevelacionfm.cl\/index.php?rest_route=\/wp\/v2\/users\/1"}],"replies":[{"embeddable":true,"href":"https:\/\/radiorevelacionfm.cl\/index.php?rest_route=%2Fwp%2Fv2%2Fcomments&post=50977"}],"version-history":[{"count":1,"href":"https:\/\/radiorevelacionfm.cl\/index.php?rest_route=\/wp\/v2\/posts\/50977\/revisions"}],"predecessor-version":[{"id":50979,"href":"https:\/\/radiorevelacionfm.cl\/index.php?rest_route=\/wp\/v2\/posts\/50977\/revisions\/50979"}],"wp:featuredmedia":[{"embeddable":true,"href":"https:\/\/radiorevelacionfm.cl\/index.php?rest_route=\/wp\/v2\/media\/50978"}],"wp:attachment":[{"href":"https:\/\/radiorevelacionfm.cl\/index.php?rest_route=%2Fwp%2Fv2%2Fmedia&parent=50977"}],"wp:term":[{"taxonomy":"category","embeddable":true,"href":"https:\/\/radiorevelacionfm.cl\/index.php?rest_route=%2Fwp%2Fv2%2Fcategories&post=50977"},{"taxonomy":"post_tag","embeddable":true,"href":"https:\/\/radiorevelacionfm.cl\/index.php?rest_route=%2Fwp%2Fv2%2Ftags&post=50977"}],"curies":[{"name":"wp","href":"https:\/\/api.w.org\/{rel}","templated":true}]}}