{"id":50974,"date":"2025-02-27T19:03:01","date_gmt":"2025-02-27T22:03:01","guid":{"rendered":"https:\/\/radiorevelacionfm.cl\/?p=50974"},"modified":"2025-02-27T19:03:01","modified_gmt":"2025-02-27T22:03:01","slug":"en-lago-verde-realizan-cierre-de-actividades-del-centro-de-cuidados-para-trabajos-de-temporada-2025","status":"publish","type":"post","link":"https:\/\/radiorevelacionfm.cl\/?p=50974","title":{"rendered":"En Lago Verde realizan cierre de actividades del Centro de Cuidados para Trabajos de Temporada 2025"},"content":{"rendered":"<div class=\"flex_column av_one_full  flex_column_div av-zero-column-padding first  avia-builder-el-0  el_before_av_one_full  avia-builder-el-first  \" style='border-radius:0px; '><div  class='avia-image-container  av-styling-    avia-builder-el-1  avia-builder-el-no-sibling  avia-align-center '  itemprop=\"image\" itemscope=\"itemscope\" itemtype=\"https:\/\/schema.org\/ImageObject\"  ><div class='avia-image-container-inner'><div class='avia-image-overlay-wrap'><img decoding=\"async\" class='wp-image-50975 avia-img-lazy-loading-not-50975 avia_image' src=\"https:\/\/radiorevelacionfm.cl\/wp-content\/uploads\/2025\/02\/cct-lago-verde-1-1_optimized.jpeg\" alt='' title='cct-lago-verde-1-(1)_optimized' height=\"600\" width=\"800\"  itemprop=\"thumbnailUrl\" srcset=\"https:\/\/radiorevelacionfm.cl\/wp-content\/uploads\/2025\/02\/cct-lago-verde-1-1_optimized.jpeg 800w, https:\/\/radiorevelacionfm.cl\/wp-content\/uploads\/2025\/02\/cct-lago-verde-1-1_optimized-300x225.jpeg 300w, https:\/\/radiorevelacionfm.cl\/wp-content\/uploads\/2025\/02\/cct-lago-verde-1-1_optimized-768x576.jpeg 768w, https:\/\/radiorevelacionfm.cl\/wp-content\/uploads\/2025\/02\/cct-lago-verde-1-1_optimized-705x529.jpeg 705w, https:\/\/radiorevelacionfm.cl\/wp-content\/uploads\/2025\/02\/cct-lago-verde-1-1_optimized-450x338.jpeg 450w, https:\/\/radiorevelacionfm.cl\/wp-content\/uploads\/2025\/02\/cct-lago-verde-1-1_optimized-600x450.jpeg 600w\" sizes=\"(max-width: 800px) 100vw, 800px\" \/><\/div><\/div><\/div><\/div><div class=\"flex_column av_one_full  flex_column_div av-zero-column-padding first  avia-builder-el-2  el_after_av_one_full  el_before_av_one_full  column-top-margin\" style='border-radius:0px; '><section class=\"av_textblock_section \"  itemscope=\"itemscope\" itemtype=\"https:\/\/schema.org\/BlogPosting\" itemprop=\"blogPost\" ><div class='avia_textblock  '   itemprop=\"text\" ><p style=\"text-align: center;\"><strong><span style=\"font-size: 18pt;\">En Lago Verde realizan cierre de actividades del Centro de Cuidados para Trabajos de Temporada 2025<\/span><\/strong><\/p>\n<div id=\"gtx-trans\" style=\"position: absolute; left: -50px; top: 4.31534px;\">\n<div class=\"gtx-trans-icon\"><\/div>\n<\/div>\n<\/div><\/section><\/div><div class=\"flex_column av_one_full  flex_column_div av-zero-column-padding first  avia-builder-el-4  el_after_av_one_full  el_before_av_hr  column-top-margin\" style='border-radius:0px; '><section class=\"av_textblock_section \"  itemscope=\"itemscope\" itemtype=\"https:\/\/schema.org\/BlogPosting\" itemprop=\"blogPost\" ><div class='avia_textblock  '   itemprop=\"text\" ><p style=\"text-align: justify;\">Con distintas actividades l\u00fadicas se dio cierre este 2025 al Centro de Cuidados para Trabajos de Temporada donde participaron 70 ni\u00f1os y ni\u00f1as de entre 6 y 12 a\u00f1os de las comunas de Lago Verde, Cisnes y R\u00edo Ib\u00e1\u00f1ez.<\/p>\n<p style=\"text-align: justify;\">Este Programa perteneciente al Ministerio de Desarrollo Social y Familia se ejecuta en convenio con los municipios, Ministerio del Deporte y la Junta Nacional de Auxilio Escolar y Becas y su objetivo es apoyar durante el verano a padres, madres y\/o cuidadores que realizan trabajos propios de la temporada, generando actividades para ni\u00f1os y ni\u00f1as y entreg\u00e1ndoles tambi\u00e9n la alimentaci\u00f3n.<\/p>\n<p style=\"text-align: justify;\">Con el objetivo de compartir con los participantes, la Seremi de Desarrollo Social y Familia Karina Acevedo Auad al inicio se traslad\u00f3 a Puerto R\u00edo Tranquilo y ahora para el cierre hasta Lago Verde, comuna que fue priorizada por territorio, invitada y tras la presentaci\u00f3n de antecedentes fueron seleccionados a participar del Programa, por lo que se\u00f1al\u00f3 \u00abEjecutamos en Ib\u00e1\u00f1ez, Cisnes, y ahora por primera vez en Lago Verde y lo que hicimos es una alianza junto a Junaeb, al IND, Seremi del Deporte y las municipalidades para lograr este importante y necesario espacio de cuidados que dur\u00f3 un mes con distintos talleres y monitores profesionales a cargo. Es importante decir que lo que lo que buscamos es el bienestar de cada uno estos ni\u00f1os y ni\u00f1as por lo que estamos tremendamente contentos de poder otorgar este beneficio a los padres y cuidadores que en periodo estival desarrollan trabajos y si o si requieren apoyo para desempe\u00f1arse sin problemas\u00bb.<\/p>\n<p style=\"text-align: justify;\">Por su lado la alcaldesa de Lago Verde Claudia Vald\u00e9s valor\u00f3 que la comuna fuera seleccionada en esta versi\u00f3n, se\u00f1alando que \u00abDesde el municipio estamos muy agradecidos con este Convenio de Colaboraci\u00f3n que ejecutamos por primera vez durante el verano en la localidad de Lago Verde, un programa que tiene financiamiento por parte del Ministerio de Desarrollo Social en colaboraci\u00f3n con el Instituto Nacional de Deportes, Junaeb y el municipio de Lago Verde. La idea es que para el pr\u00f3ximo a\u00f1o tambi\u00e9n podamos\u00a0llegar hacia el resto de las localidades de nuestra comuna. As\u00ed que reiteramos que seguimos muy comprometidos como administraci\u00f3n en seguir avanzando en los derechos de nuestros ni\u00f1os, ni\u00f1as y adolescentes de la comuna de Lago Verde\u00bb.<\/p>\n<p style=\"text-align: justify;\">Durante el mes de atenci\u00f3n las ni\u00f1as y ni\u00f1os realizaron distintas actividades l\u00fadicas y deportivas a trav\u00e9s de la contrataci\u00f3n de Monitores del IND, por lo que la Seremi del Deporte Eugenia Dur\u00e1n tras su visita a Lago Verde destac\u00f3 que \u00abEste espacio de actividades es un espacio seguro y de protecci\u00f3n para ni\u00f1os, ni\u00f1as y j\u00f3venes, junto con el Instituto, nuestro servicio asociado, brindamos apoyo a trav\u00e9s de la contrataci\u00f3n de los profesionales, de monitores que son los que desarrollan actividades aqu\u00ed en este establecimiento educacional. As\u00ed que muy contentos de lo que vimos ac\u00e1 en Lago Verde y ya dando cierre a este programa que esperamos poder volver el pr\u00f3ximo verano\u00bb.<\/p>\n<\/div><\/section><\/div><div  style='height:50px' class='hr hr-invisible   avia-builder-el-6  el_after_av_one_full  el_before_av_social_share '><span class='hr-inner ' ><span class='hr-inner-style'><\/span><\/span><\/div><\/p>\n<div  class='av-social-sharing-box  avia-builder-el-7  el_after_av_hr  el_before_av_hr  '><div class='av-share-box'><h5 class='av-share-link-description av-no-toc '>Compartir esta noticia<\/h5><ul class='av-share-box-list noLightbox'><li class='av-share-link av-social-link-facebook' ><a target=\"_blank\" aria-label=\"Compartir en Facebook\" href='https:\/\/www.facebook.com\/sharer.php?u=https:\/\/radiorevelacionfm.cl\/?p=50974&#038;t=En%20Lago%20Verde%20realizan%20cierre%20de%20actividades%20del%20Centro%20de%20Cuidados%20para%20Trabajos%20de%20Temporada%202025' aria-hidden='false' data-av_icon='\ue8f3' data-av_iconfont='entypo-fontello' title='' data-avia-related-tooltip='Compartir en Facebook' rel=\"noopener\"><span class='avia_hidden_link_text'>Compartir en Facebook<\/span><\/a><\/li><li class='av-share-link av-social-link-twitter' ><a target=\"_blank\" aria-label=\"Compartir en Twitter\" href='https:\/\/twitter.com\/share?text=En%20Lago%20Verde%20realizan%20cierre%20de%20actividades%20del%20Centro%20de%20Cuidados%20para%20Trabajos%20de%20Temporada%202025&#038;url=https:\/\/radiorevelacionfm.cl\/?p=50974' aria-hidden='false' data-av_icon='\ue8f1' data-av_iconfont='entypo-fontello' title='' data-avia-related-tooltip='Compartir en Twitter' rel=\"noopener\"><span class='avia_hidden_link_text'>Compartir en Twitter<\/span><\/a><\/li><li class='av-share-link av-social-link-whatsapp' ><a target=\"_blank\" aria-label=\"Compartir en Whatsapp\" href='https:\/\/api.whatsapp.com\/send?text=https:\/\/radiorevelacionfm.cl\/?p=50974' aria-hidden='false' data-av_icon='\uf232' data-av_iconfont='entypo-fontello' title='' data-avia-related-tooltip='Compartir en Whatsapp' rel=\"noopener\"><span class='avia_hidden_link_text'>Compartir en Whatsapp<\/span><\/a><\/li><li class='av-share-link av-social-link-linkedin' ><a target=\"_blank\" aria-label=\"Compartir en LinkedIn\" href='https:\/\/linkedin.com\/shareArticle?mini=true&#038;title=En%20Lago%20Verde%20realizan%20cierre%20de%20actividades%20del%20Centro%20de%20Cuidados%20para%20Trabajos%20de%20Temporada%202025&#038;url=https:\/\/radiorevelacionfm.cl\/?p=50974' aria-hidden='false' data-av_icon='\ue8fc' data-av_iconfont='entypo-fontello' title='' data-avia-related-tooltip='Compartir en LinkedIn' rel=\"noopener\"><span class='avia_hidden_link_text'>Compartir en LinkedIn<\/span><\/a><\/li><li class='av-share-link av-social-link-mail' ><a  aria-label=\"Compartir por correo\" href='mailto:?subject=En%20Lago%20Verde%20realizan%20cierre%20de%20actividades%20del%20Centro%20de%20Cuidados%20para%20Trabajos%20de%20Temporada%202025&#038;body=https:\/\/radiorevelacionfm.cl\/?p=50974' aria-hidden='false' data-av_icon='\ue805' data-av_iconfont='entypo-fontello' title='' data-avia-related-tooltip='Compartir por correo'><span class='avia_hidden_link_text'>Compartir por correo<\/span><\/a><\/li><\/ul><\/div><\/div>\n<div  style='height:50px' class='hr hr-invisible   avia-builder-el-8  el_after_av_social_share  el_before_av_comments_list '><span class='hr-inner ' ><span class='hr-inner-style'><\/span><\/span><\/div>\n<div  class='av-buildercomment  av-blog-meta-html-info-disabled av-blog-meta-tag-disabled  '><\/div>\n","protected":false},"excerpt":{"rendered":"","protected":false},"author":1,"featured_media":50975,"comment_status":"open","ping_status":"open","sticky":false,"template":"","format":"standard","meta":{"footnotes":""},"categories":[38],"tags":[],"class_list":["post-50974","post","type-post","status-publish","format-standard","has-post-thumbnail","hentry","category-regional"],"jetpack_featured_media_url":"https:\/\/radiorevelacionfm.cl\/wp-content\/uploads\/2025\/02\/cct-lago-verde-1-1_optimized.jpeg","_links":{"self":[{"href":"https:\/\/radiorevelacionfm.cl\/index.php?rest_route=\/wp\/v2\/posts\/50974","targetHints":{"allow":["GET"]}}],"collection":[{"href":"https:\/\/radiorevelacionfm.cl\/index.php?rest_route=\/wp\/v2\/posts"}],"about":[{"href":"https:\/\/radiorevelacionfm.cl\/index.php?rest_route=\/wp\/v2\/types\/post"}],"author":[{"embeddable":true,"href":"https:\/\/radiorevelacionfm.cl\/index.php?rest_route=\/wp\/v2\/users\/1"}],"replies":[{"embeddable":true,"href":"https:\/\/radiorevelacionfm.cl\/index.php?rest_route=%2Fwp%2Fv2%2Fcomments&post=50974"}],"version-history":[{"count":1,"href":"https:\/\/radiorevelacionfm.cl\/index.php?rest_route=\/wp\/v2\/posts\/50974\/revisions"}],"predecessor-version":[{"id":50976,"href":"https:\/\/radiorevelacionfm.cl\/index.php?rest_route=\/wp\/v2\/posts\/50974\/revisions\/50976"}],"wp:featuredmedia":[{"embeddable":true,"href":"https:\/\/radiorevelacionfm.cl\/index.php?rest_route=\/wp\/v2\/media\/50975"}],"wp:attachment":[{"href":"https:\/\/radiorevelacionfm.cl\/index.php?rest_route=%2Fwp%2Fv2%2Fmedia&parent=50974"}],"wp:term":[{"taxonomy":"category","embeddable":true,"href":"https:\/\/radiorevelacionfm.cl\/index.php?rest_route=%2Fwp%2Fv2%2Fcategories&post=50974"},{"taxonomy":"post_tag","embeddable":true,"href":"https:\/\/radiorevelacionfm.cl\/index.php?rest_route=%2Fwp%2Fv2%2Ftags&post=50974"}],"curies":[{"name":"wp","href":"https:\/\/api.w.org\/{rel}","templated":true}]}}