{"id":50968,"date":"2025-02-27T20:58:35","date_gmt":"2025-02-27T23:58:35","guid":{"rendered":"https:\/\/radiorevelacionfm.cl\/?p=50968"},"modified":"2025-02-27T20:58:35","modified_gmt":"2025-02-27T23:58:35","slug":"gobierno-regional-y-su-consejo-avanza-en-soluciones-habitacionales-core-aprueba-mas-de-2-271-millones-para-comites-de-vivienda-villa-frei","status":"publish","type":"post","link":"https:\/\/radiorevelacionfm.cl\/?p=50968","title":{"rendered":"Gobierno Regional y su Consejo avanza en soluciones habitacionales: CORE aprueba m\u00e1s de $2.271 millones para comit\u00e9s de vivienda Villa Frei"},"content":{"rendered":"<div class=\"flex_column av_one_full  flex_column_div av-zero-column-padding first  avia-builder-el-0  el_before_av_one_full  avia-builder-el-first  \" style='border-radius:0px; '><div  class='avia-image-container  av-styling-    avia-builder-el-1  avia-builder-el-no-sibling  avia-align-center '  itemprop=\"image\" itemscope=\"itemscope\" itemtype=\"https:\/\/schema.org\/ImageObject\"  ><div class='avia-image-container-inner'><div class='avia-image-overlay-wrap'><img decoding=\"async\" class='wp-image-50969 avia-img-lazy-loading-not-50969 avia_image' src=\"https:\/\/radiorevelacionfm.cl\/wp-content\/uploads\/2025\/02\/vivienda-3-1_optimized-1.jpeg\" alt='' title='vivienda-3-(1)_optimized (1)' height=\"600\" width=\"1065\"  itemprop=\"thumbnailUrl\" srcset=\"https:\/\/radiorevelacionfm.cl\/wp-content\/uploads\/2025\/02\/vivienda-3-1_optimized-1.jpeg 1065w, https:\/\/radiorevelacionfm.cl\/wp-content\/uploads\/2025\/02\/vivienda-3-1_optimized-1-300x169.jpeg 300w, https:\/\/radiorevelacionfm.cl\/wp-content\/uploads\/2025\/02\/vivienda-3-1_optimized-1-1030x580.jpeg 1030w, https:\/\/radiorevelacionfm.cl\/wp-content\/uploads\/2025\/02\/vivienda-3-1_optimized-1-768x433.jpeg 768w, https:\/\/radiorevelacionfm.cl\/wp-content\/uploads\/2025\/02\/vivienda-3-1_optimized-1-705x397.jpeg 705w, https:\/\/radiorevelacionfm.cl\/wp-content\/uploads\/2025\/02\/vivienda-3-1_optimized-1-450x254.jpeg 450w, https:\/\/radiorevelacionfm.cl\/wp-content\/uploads\/2025\/02\/vivienda-3-1_optimized-1-600x338.jpeg 600w\" sizes=\"(max-width: 1065px) 100vw, 1065px\" \/><\/div><\/div><\/div><\/div><div class=\"flex_column av_one_full  flex_column_div av-zero-column-padding first  avia-builder-el-2  el_after_av_one_full  el_before_av_one_full  column-top-margin\" style='border-radius:0px; '><section class=\"av_textblock_section \"  itemscope=\"itemscope\" itemtype=\"https:\/\/schema.org\/BlogPosting\" itemprop=\"blogPost\" ><div class='avia_textblock  '   itemprop=\"text\" ><p style=\"text-align: center;\"><strong><span style=\"font-size: 18pt;\">Gobierno Regional y su Consejo avanza en soluciones habitacionales: CORE aprueba m\u00e1s de $2.271 millones para comit\u00e9s de vivienda Villa Frei<\/span><\/strong><\/p>\n<div id=\"gtx-trans\" style=\"position: absolute; left: -50px; top: 4.31534px;\">\n<div class=\"gtx-trans-icon\"><\/div>\n<\/div>\n<\/div><\/section><\/div><div class=\"flex_column av_one_full  flex_column_div av-zero-column-padding first  avia-builder-el-4  el_after_av_one_full  el_before_av_hr  column-top-margin\" style='border-radius:0px; '><section class=\"av_textblock_section \"  itemscope=\"itemscope\" itemtype=\"https:\/\/schema.org\/BlogPosting\" itemprop=\"blogPost\" ><div class='avia_textblock  '   itemprop=\"text\" ><p style=\"text-align: justify;\"><em>La inversi\u00f3n, alineada con el plan de gobierno del Gobernador Regional Marcelo Santana, refuerza el compromiso de reducir el d\u00e9ficit habitacional, descentralizar la inversi\u00f3n y mejorar la calidad de vida en la regi\u00f3n.<\/em><\/p>\n<p style=\"text-align: justify;\">En la \u00faltima sesi\u00f3n del Consejo Regional de Ays\u00e9n, realizada el martes 25 de febrero de 2025 en Coyhaique, se aprob\u00f3 el financiamiento del compromiso de aporte adicional en el marco de la postulaci\u00f3n al Fondo Solidario de Vivienda (D.S. N\u00b0 49 (V. Y U.) 2011). Esta inversi\u00f3n de $2.271.058.000 permitir\u00e1 avanzar en la concreci\u00f3n de los proyectos habitacionales de Villa Frei y los comit\u00e9s de vivienda La Ilusi\u00f3n, Camino a un Sue\u00f1o y Tehuelche, beneficiando a decenas de familias que han esperado por a\u00f1os una soluci\u00f3n habitacional.<\/p>\n<p style=\"text-align: justify;\"><strong>Un paso clave en la agenda de vivienda del Gobierno Regional<\/strong><\/p>\n<p style=\"text-align: justify;\">El acceso a la vivienda digna es una de las principales prioridades establecidas en el plan de gobierno del Gobernador Regional de Ays\u00e9n, Marcelo Santana. En este sentido, la aprobaci\u00f3n de estos recursos responde a la estrategia regional de reducci\u00f3n del d\u00e9ficit habitacional, la cual se basa en tres pilares fundamentales: gesti\u00f3n eficiente de recursos, descentralizaci\u00f3n en la toma de decisiones y fortalecimiento de la articulaci\u00f3n con el Gobierno Central y los municipios.<\/p>\n<p style=\"text-align: justify;\">\u00abHoy d\u00eda se resolvi\u00f3 favorablemente la aprobaci\u00f3n de m\u00e1s de 2.000 millones de pesos para poder construir 100 viviendas en el sector de Villa Frei, un sector rural que tiene un promisorio crecimiento sobre todo en materia habitacional y que requer\u00eda de estos recursos para complementar los subsidios del ministerio de vivienda. Han estado los 3 comit\u00e9s, la verdad es que hay mucha alegr\u00eda y tambi\u00e9n agradecer el apoyo del Consejo Regional para que estos recursos puedan materializarse y este a\u00f1o si Dios lo permite comenzar con la construcci\u00f3n de viviendas \u00ab, destac\u00f3 el Gobernador Marcelo Santana.<\/p>\n<p style=\"text-align: justify;\">El plan de gobierno del Gobernador Santana contempla un enfoque integral para el desarrollo habitacional en la regi\u00f3n, incorporando principios de equidad territorial, descentralizaci\u00f3n y sustentabilidad. En ese contexto, la inversi\u00f3n aprobada por el CORE permitir\u00e1 no solo la construcci\u00f3n de viviendas, sino tambi\u00e9n la planificaci\u00f3n de barrios con acceso a servicios b\u00e1sicos, \u00e1reas verdes y espacios comunitarios, fomentando la integraci\u00f3n social y la calidad de vida.<\/p>\n<p style=\"text-align: justify;\">En tal sentido Rosita Mansilla, Presidenta del Comit\u00e9 Camino a un Sue\u00f1o, dijo que \u201cla emoci\u00f3n en este momento est\u00e1 a flor de piel, son 10 a\u00f1os de lucha, 10 a\u00f1os de trabajo, 10 a\u00f1os de golpear puertas, 10 a\u00f1os de golpear mesas muchas veces, pero tremendamente orgullosa de todo lo que hemos hecho, yo soy la cara visible, siempre he dicho, solamente la cara visible de toda la gente que est\u00e1 detr\u00e1s de cada uno de nosotros los presidentes. Emoci\u00f3n, no se imaginan como, ya no va a seguir siendo un sue\u00f1o, ya prontito se va a hacer realidad si Dios as\u00ed lo permite y siguen avanzando las cosas como hasta ahora, en unos 2 a 3 meses m\u00e1s, comenzar\u00eda la construcci\u00f3n de nuestras casas, nuestro gran sue\u00f1o, de nuestra casa propia, as\u00ed que feliz, contentos, agradecidos de todos los equipos que han trabajado, Constructora Xinta, Minvu, Serviu, los Consejeros y Consejeras se les agradece infinitamente su apoyo y su voto positivo a este nuevo proyecto\u201d.<\/p>\n<p style=\"text-align: justify;\">Viviana Rauque, Presidenta del Comit\u00e9 de Vivienda Ilusi\u00f3n de Villa Frei, agreg\u00f3 \u201ctengo 43 socios en mi Comit\u00e9 y muy contentos con el logro que se hizo, al fin vamos a poder tener nuestras casitas. As\u00ed que muy contentos en nombre de todos los socios, muy felices. Nosotros llevamos 10 a\u00f1os esperando tener nuestras casas. Muy contentos y muy felices, es algo que se logr\u00f3 despu\u00e9s de tanto esfuerzo y paciencia, cumplimos nuestro sue\u00f1o de poder que los aprueben la planta de tratamiento y tener nuestros subsidios\u201d, expres\u00f3 la presidenta.<\/p>\n<p style=\"text-align: justify;\">La descentralizaci\u00f3n en la inversi\u00f3n p\u00fablica ha sido otro eje clave en la gesti\u00f3n regional de vivienda. La pol\u00edtica habitacional del Gobierno Regional busca fortalecer la participaci\u00f3n de comunas y localidades en la planificaci\u00f3n y ejecuci\u00f3n de proyectos, asegurando que las soluciones habitacionales no s\u00f3lo respondan a la demanda de Coyhaique, sino que lleguen a toda la regi\u00f3n. En ese sentido, la reciente aprobaci\u00f3n de recursos refleja el compromiso del CORE y del Ejecutivo Regional con impulsar soluciones concretas en el territorio, priorizando la inversi\u00f3n p\u00fablica en beneficio directo de las familias ayseninas.<\/p>\n<p style=\"text-align: justify;\">Dario M\u00e1rquez, Presidente del Comit\u00e9 de Vivienda Tehuelche, reafirm\u00f3 el trabajo de los comit\u00e9s y dijo que \u201cestamos muy felices, muy contentos. Tambi\u00e9n pensar que no es solamente una soluci\u00f3n con la planta de tratamiento para los comit\u00e9s que vienen llegando, sino tambi\u00e9n para la poblaci\u00f3n existente que actualmente vive ah\u00ed en Villa Frei. Nosotros, el comit\u00e9 de nosotros somos 20 familias que somos los m\u00e1s peque\u00f1os dentro del grupo, de los 3 somos los m\u00e1s peque\u00f1os, pero sin duda que igual vamos a hacer un aporte para la comunidad de Villa Frei\u201d.<\/p>\n<p style=\"text-align: justify;\">Con esta aprobaci\u00f3n, el Gobierno Regional de Ays\u00e9n reafirma su rol como actor clave en la gesti\u00f3n de soluciones habitacionales y su compromiso con mejorar la calidad de vida de cientos de familias, impulsando el desarrollo territorial con equidad, sustentabilidad, descentralizaci\u00f3n y justicia social.<\/p>\n<\/div><\/section><\/div><div  style='height:50px' class='hr hr-invisible   avia-builder-el-6  el_after_av_one_full  el_before_av_social_share '><span class='hr-inner ' ><span class='hr-inner-style'><\/span><\/span><\/div><\/p>\n<div  class='av-social-sharing-box  avia-builder-el-7  el_after_av_hr  el_before_av_hr  '><div class='av-share-box'><h5 class='av-share-link-description av-no-toc '>Compartir esta noticia<\/h5><ul class='av-share-box-list noLightbox'><li class='av-share-link av-social-link-facebook' ><a target=\"_blank\" aria-label=\"Compartir en Facebook\" href='https:\/\/www.facebook.com\/sharer.php?u=https:\/\/radiorevelacionfm.cl\/?p=50968&#038;t=Gobierno%20Regional%20y%20su%20Consejo%20avanza%20en%20soluciones%20habitacionales%3A%20CORE%20aprueba%20m%C3%A1s%20de%20%242.271%20millones%20para%20comit%C3%A9s%20de%20vivienda%20Villa%20Frei' aria-hidden='false' data-av_icon='\ue8f3' data-av_iconfont='entypo-fontello' title='' data-avia-related-tooltip='Compartir en Facebook' rel=\"noopener\"><span class='avia_hidden_link_text'>Compartir en Facebook<\/span><\/a><\/li><li class='av-share-link av-social-link-twitter' ><a target=\"_blank\" aria-label=\"Compartir en Twitter\" href='https:\/\/twitter.com\/share?text=Gobierno%20Regional%20y%20su%20Consejo%20avanza%20en%20soluciones%20habitacionales%3A%20CORE%20aprueba%20m%C3%A1s%20de%20%242.271%20millones%20para%20comit%C3%A9s%20de%20vivienda%20Villa%20Frei&#038;url=https:\/\/radiorevelacionfm.cl\/?p=50968' aria-hidden='false' data-av_icon='\ue8f1' data-av_iconfont='entypo-fontello' title='' data-avia-related-tooltip='Compartir en Twitter' rel=\"noopener\"><span class='avia_hidden_link_text'>Compartir en Twitter<\/span><\/a><\/li><li class='av-share-link av-social-link-whatsapp' ><a target=\"_blank\" aria-label=\"Compartir en Whatsapp\" href='https:\/\/api.whatsapp.com\/send?text=https:\/\/radiorevelacionfm.cl\/?p=50968' aria-hidden='false' data-av_icon='\uf232' data-av_iconfont='entypo-fontello' title='' data-avia-related-tooltip='Compartir en Whatsapp' rel=\"noopener\"><span class='avia_hidden_link_text'>Compartir en Whatsapp<\/span><\/a><\/li><li class='av-share-link av-social-link-linkedin' ><a target=\"_blank\" aria-label=\"Compartir en LinkedIn\" href='https:\/\/linkedin.com\/shareArticle?mini=true&#038;title=Gobierno%20Regional%20y%20su%20Consejo%20avanza%20en%20soluciones%20habitacionales%3A%20CORE%20aprueba%20m%C3%A1s%20de%20%242.271%20millones%20para%20comit%C3%A9s%20de%20vivienda%20Villa%20Frei&#038;url=https:\/\/radiorevelacionfm.cl\/?p=50968' aria-hidden='false' data-av_icon='\ue8fc' data-av_iconfont='entypo-fontello' title='' data-avia-related-tooltip='Compartir en LinkedIn' rel=\"noopener\"><span class='avia_hidden_link_text'>Compartir en LinkedIn<\/span><\/a><\/li><li class='av-share-link av-social-link-mail' ><a  aria-label=\"Compartir por correo\" href='mailto:?subject=Gobierno%20Regional%20y%20su%20Consejo%20avanza%20en%20soluciones%20habitacionales%3A%20CORE%20aprueba%20m%C3%A1s%20de%20%242.271%20millones%20para%20comit%C3%A9s%20de%20vivienda%20Villa%20Frei&#038;body=https:\/\/radiorevelacionfm.cl\/?p=50968' aria-hidden='false' data-av_icon='\ue805' data-av_iconfont='entypo-fontello' title='' data-avia-related-tooltip='Compartir por correo'><span class='avia_hidden_link_text'>Compartir por correo<\/span><\/a><\/li><\/ul><\/div><\/div>\n<div  style='height:50px' class='hr hr-invisible   avia-builder-el-8  el_after_av_social_share  el_before_av_comments_list '><span class='hr-inner ' ><span class='hr-inner-style'><\/span><\/span><\/div>\n<div  class='av-buildercomment  av-blog-meta-html-info-disabled av-blog-meta-tag-disabled  '><\/div>\n","protected":false},"excerpt":{"rendered":"","protected":false},"author":1,"featured_media":50969,"comment_status":"open","ping_status":"open","sticky":false,"template":"","format":"standard","meta":{"footnotes":""},"categories":[38],"tags":[],"class_list":["post-50968","post","type-post","status-publish","format-standard","has-post-thumbnail","hentry","category-regional"],"jetpack_featured_media_url":"https:\/\/radiorevelacionfm.cl\/wp-content\/uploads\/2025\/02\/vivienda-3-1_optimized-1.jpeg","_links":{"self":[{"href":"https:\/\/radiorevelacionfm.cl\/index.php?rest_route=\/wp\/v2\/posts\/50968","targetHints":{"allow":["GET"]}}],"collection":[{"href":"https:\/\/radiorevelacionfm.cl\/index.php?rest_route=\/wp\/v2\/posts"}],"about":[{"href":"https:\/\/radiorevelacionfm.cl\/index.php?rest_route=\/wp\/v2\/types\/post"}],"author":[{"embeddable":true,"href":"https:\/\/radiorevelacionfm.cl\/index.php?rest_route=\/wp\/v2\/users\/1"}],"replies":[{"embeddable":true,"href":"https:\/\/radiorevelacionfm.cl\/index.php?rest_route=%2Fwp%2Fv2%2Fcomments&post=50968"}],"version-history":[{"count":1,"href":"https:\/\/radiorevelacionfm.cl\/index.php?rest_route=\/wp\/v2\/posts\/50968\/revisions"}],"predecessor-version":[{"id":50970,"href":"https:\/\/radiorevelacionfm.cl\/index.php?rest_route=\/wp\/v2\/posts\/50968\/revisions\/50970"}],"wp:featuredmedia":[{"embeddable":true,"href":"https:\/\/radiorevelacionfm.cl\/index.php?rest_route=\/wp\/v2\/media\/50969"}],"wp:attachment":[{"href":"https:\/\/radiorevelacionfm.cl\/index.php?rest_route=%2Fwp%2Fv2%2Fmedia&parent=50968"}],"wp:term":[{"taxonomy":"category","embeddable":true,"href":"https:\/\/radiorevelacionfm.cl\/index.php?rest_route=%2Fwp%2Fv2%2Fcategories&post=50968"},{"taxonomy":"post_tag","embeddable":true,"href":"https:\/\/radiorevelacionfm.cl\/index.php?rest_route=%2Fwp%2Fv2%2Ftags&post=50968"}],"curies":[{"name":"wp","href":"https:\/\/api.w.org\/{rel}","templated":true}]}}