{"id":50965,"date":"2025-02-27T18:24:04","date_gmt":"2025-02-27T21:24:04","guid":{"rendered":"https:\/\/radiorevelacionfm.cl\/?p=50965"},"modified":"2025-02-27T18:24:04","modified_gmt":"2025-02-27T21:24:04","slug":"este-sabado-1-de-marzo-se-desarrollara-la-expo-turismo-brevet-2025-en-los-torreones","status":"publish","type":"post","link":"https:\/\/radiorevelacionfm.cl\/?p=50965","title":{"rendered":"Este s\u00e1bado 1\u00b0 de marzo se desarrollar\u00e1 la \u00abExpo Turismo Brevet 2025\u00bb en Los Torreones"},"content":{"rendered":"<div class=\"flex_column av_one_full  flex_column_div av-zero-column-padding first  avia-builder-el-0  el_before_av_one_full  avia-builder-el-first  \" style='border-radius:0px; '><div  class='avia-image-container  av-styling-    avia-builder-el-1  avia-builder-el-no-sibling  avia-align-center '  itemprop=\"image\" itemscope=\"itemscope\" itemtype=\"https:\/\/schema.org\/ImageObject\"  ><div class='avia-image-container-inner'><div class='avia-image-overlay-wrap'><img decoding=\"async\" class='wp-image-50966 avia-img-lazy-loading-not-50966 avia_image' src=\"https:\/\/radiorevelacionfm.cl\/wp-content\/uploads\/2025\/02\/whatsapp-image-2025-02-26-at-3_optimized.57.53-pm-1-1.jpeg\" alt='' title='whatsapp-image-2025-02-26-at-3_optimized.57.53-pm-(1) (1)' height=\"1000\" width=\"800\"  itemprop=\"thumbnailUrl\" srcset=\"https:\/\/radiorevelacionfm.cl\/wp-content\/uploads\/2025\/02\/whatsapp-image-2025-02-26-at-3_optimized.57.53-pm-1-1.jpeg 800w, https:\/\/radiorevelacionfm.cl\/wp-content\/uploads\/2025\/02\/whatsapp-image-2025-02-26-at-3_optimized.57.53-pm-1-1-240x300.jpeg 240w, https:\/\/radiorevelacionfm.cl\/wp-content\/uploads\/2025\/02\/whatsapp-image-2025-02-26-at-3_optimized.57.53-pm-1-1-768x960.jpeg 768w, https:\/\/radiorevelacionfm.cl\/wp-content\/uploads\/2025\/02\/whatsapp-image-2025-02-26-at-3_optimized.57.53-pm-1-1-564x705.jpeg 564w, https:\/\/radiorevelacionfm.cl\/wp-content\/uploads\/2025\/02\/whatsapp-image-2025-02-26-at-3_optimized.57.53-pm-1-1-450x563.jpeg 450w, https:\/\/radiorevelacionfm.cl\/wp-content\/uploads\/2025\/02\/whatsapp-image-2025-02-26-at-3_optimized.57.53-pm-1-1-600x750.jpeg 600w\" sizes=\"(max-width: 800px) 100vw, 800px\" \/><\/div><\/div><\/div><\/div><div class=\"flex_column av_one_full  flex_column_div av-zero-column-padding first  avia-builder-el-2  el_after_av_one_full  el_before_av_one_full  column-top-margin\" style='border-radius:0px; '><section class=\"av_textblock_section \"  itemscope=\"itemscope\" itemtype=\"https:\/\/schema.org\/BlogPosting\" itemprop=\"blogPost\" ><div class='avia_textblock  '   itemprop=\"text\" ><p style=\"text-align: center;\"><strong><span style=\"font-size: 18pt;\">Este s\u00e1bado 1\u00b0 de marzo se desarrollar\u00e1 la \u00abExpo Turismo Brevet 2025\u00bb en Los Torreones<\/span><\/strong><\/p>\n<div id=\"gtx-trans\" style=\"position: absolute; left: -50px; top: 4.31534px;\">\n<div class=\"gtx-trans-icon\"><\/div>\n<\/div>\n<\/div><\/section><\/div><div class=\"flex_column av_one_full  flex_column_div av-zero-column-padding first  avia-builder-el-4  el_after_av_one_full  el_before_av_hr  column-top-margin\" style='border-radius:0px; '><section class=\"av_textblock_section \"  itemscope=\"itemscope\" itemtype=\"https:\/\/schema.org\/BlogPosting\" itemprop=\"blogPost\" ><div class='avia_textblock  '   itemprop=\"text\" ><p style=\"text-align: justify;\">La Ruta 240 en el KM 26., ser\u00e1 escenario de una iniciativa que permitir\u00e1 disfrutar en familia de la\u00a0cultura\u00a0y la tradici\u00f3n local a trav\u00e9s de peque\u00f1os productores locales, artesan\u00eda, juegos inflables, comida t\u00edpica, m\u00fasica\u00a0y deporte a trav\u00e9s la carrera nacional de ciclismo Brevet 200 Km.<\/p>\n<p style=\"text-align: justify;\"><strong>Muestra de arte local y regional:\u00a0FERIA DE EMPRENDEDORES, ARTESANOS Y HORTICULTORES LOCALES<\/strong><\/p>\n<p style=\"text-align: justify;\">A partir de las 11:00 y hasta las 22:00 horas\u00a0de este s\u00e1bado 01 de marzo 2025, se desarrollar\u00e1 esta feria en el\u00a0sector de la plazoleta de la Villa Los Torreones\u00a0(kil\u00f3metro 26, ruta 240 que une Coyhaique y Puerto Ays\u00e9n), instancia en la que participar\u00e1n diversos emprendedores, horticultores y artesanos locales quienes ofrecer\u00e1n su productos a los visitantes y deportistas que asistan al evento.<\/p>\n<p style=\"text-align: justify;\">La m\u00fasica local\u00a0tambi\u00e9n estar\u00e1 presente con una variada parrilla de artistas locales.<\/p>\n<p style=\"text-align: justify;\"><strong>BREVET CICLISMO 200 PATAGONIA<\/strong><\/p>\n<p style=\"text-align: justify;\">Paralelamente se desarrollar\u00e1 la primera\u00a0Brevet en la Patagonia Chilena\u00a0organizada por la\u00a0comunidad ciclista local\u00a0con el respaldo de Brevet Sur y el circuito tendr\u00e1 la largada y meta en la Plaza de la\u00a0 Villa Los Torreones.<\/p>\n<p style=\"text-align: justify;\">Ciclismo de resistencia llega a la Patagonia: Brevet Patagonia 2025 recorrer\u00e1 217 kil\u00f3metros de paisajes \u00fanicos.<\/p>\n<p style=\"text-align: justify;\">El desaf\u00edo de ciclismo de larga distancia reunir\u00e1 a m\u00e1s de 50 ciclistas de diversas partes del pa\u00eds. Este evento no competitivo busca poner a prueba la resistencia y capacidad de orientaci\u00f3n de los participantes, quienes recorrer\u00e1n 217 kil\u00f3metros en un tiempo m\u00e1ximo de 13,5 horas, atravesando algunos de los paisajes m\u00e1s imponentes de la Patagonia.<\/p>\n<p style=\"text-align: justify;\">El Brevet Patagonia 2025 es una oportunidad \u00fanica para ciclistas de todo el pa\u00eds de conocer la belleza de la regi\u00f3n de Ays\u00e9n mientras enfrentan un recorrido exigente, que los llevar\u00e1 por localidades como Villa Ortega, \u00d1irehuao, El Gato, Villa Ma\u00f1ihuales, promoviendo el contacto con comunidades locales y el turismo rural.<\/p>\n<p style=\"text-align: justify;\"><strong>Un evento que conecta deporte, turismo y comunidad<\/strong><\/p>\n<p style=\"text-align: justify;\">Uno de los sellos distintivos de este brevet es la integraci\u00f3n con las comunidades locales, quienes tendr\u00e1n un rol clave en los Puntos de Control (PC) ubicados a lo largo del recorrido. En estos puntos, los ciclistas har\u00e1n una pausa para registrar su paso y reponer energ\u00edas, mientras que los vecinos podr\u00e1n mostrar la hospitalidad caracter\u00edstica de la regi\u00f3n y dar visibilidad a emprendimientos locales.<\/p>\n<p style=\"text-align: justify;\">Desde la organizaci\u00f3n destacan que la participaci\u00f3n de las comunidades es fundamental para el \u00e9xito del evento, ya que permite generar un v\u00ednculo entre los ciclistas y los habitantes de la zona, promoviendo el desarrollo del turismo y la econom\u00eda local.<\/p>\n<p style=\"text-align: justify;\"><strong>Detalles de la ruta y participaci\u00f3n<\/strong><\/p>\n<p style=\"text-align: justify;\">El recorrido comenzar\u00e1 en Puerto Ays\u00e9n, extendi\u00e9ndose a lo largo de caminos esc\u00e9nicos con impresionantes vistas de la Patagonia chilena. La ruta estar\u00e1 disponible en la plataforma Komoot, permitiendo que los participantes planifiquen su traves\u00eda con anticipaci\u00f3n.<\/p>\n<p style=\"text-align: justify;\">La inscripci\u00f3n incluye una charla t\u00e9cnica, homologaci\u00f3n oficial de la Brevet, un kit de participante, acceso a los puntos de control y una celebraci\u00f3n al cruzar la meta. Tambi\u00e9n se ofrecer\u00e1 un servicio de transporte opcional hasta\u00a0Los Torreones\u00a0para facilitar la log\u00edstica.<\/p>\n<p style=\"text-align: justify;\">Con el Brevet Patagonia 2025, la regi\u00f3n de Ays\u00e9n se suma a la tradici\u00f3n mundial de los desaf\u00edos de larga distancia en bicicleta, ofreciendo una experiencia \u00fanica donde el deporte, la naturaleza y la comunidad se entrelazan para crear un evento inolvidable.<\/p>\n<p style=\"text-align: justify;\">\u00abLa Expo Turismo 2025 es una oportunidad \u00fanica para celebrar y apoyar el talento local, adem\u00e1s de promover el turismo en nuestra regi\u00f3n\u00bb. \u00a1No te lo pierdas!<\/p>\n<p style=\"text-align: justify;\">DIA: S\u00e1bado 1 de Febrero 2025<\/p>\n<p style=\"text-align: justify;\">D\u00d3NDE: Plaza Villa Los Torreones, Km. 26, Ays\u00e9n<\/p>\n<p style=\"text-align: justify;\">HORA: Desde las 11:00 y hasta las 22:00 horas.<\/p>\n<\/div><\/section><\/div><div  style='height:50px' class='hr hr-invisible   avia-builder-el-6  el_after_av_one_full  el_before_av_social_share '><span class='hr-inner ' ><span class='hr-inner-style'><\/span><\/span><\/div><\/p>\n<div  class='av-social-sharing-box  avia-builder-el-7  el_after_av_hr  el_before_av_hr  '><div class='av-share-box'><h5 class='av-share-link-description av-no-toc '>Compartir esta noticia<\/h5><ul class='av-share-box-list noLightbox'><li class='av-share-link av-social-link-facebook' ><a target=\"_blank\" aria-label=\"Compartir en Facebook\" href='https:\/\/www.facebook.com\/sharer.php?u=https:\/\/radiorevelacionfm.cl\/?p=50965&#038;t=Este%20s%C3%A1bado%201%C2%B0%20de%20marzo%20se%20desarrollar%C3%A1%20la%20%C2%ABExpo%20Turismo%20Brevet%202025%C2%BB%20en%20Los%20Torreones' aria-hidden='false' data-av_icon='\ue8f3' data-av_iconfont='entypo-fontello' title='' data-avia-related-tooltip='Compartir en Facebook' rel=\"noopener\"><span class='avia_hidden_link_text'>Compartir en Facebook<\/span><\/a><\/li><li class='av-share-link av-social-link-twitter' ><a target=\"_blank\" aria-label=\"Compartir en Twitter\" href='https:\/\/twitter.com\/share?text=Este%20s%C3%A1bado%201%C2%B0%20de%20marzo%20se%20desarrollar%C3%A1%20la%20%C2%ABExpo%20Turismo%20Brevet%202025%C2%BB%20en%20Los%20Torreones&#038;url=https:\/\/radiorevelacionfm.cl\/?p=50965' aria-hidden='false' data-av_icon='\ue8f1' data-av_iconfont='entypo-fontello' title='' data-avia-related-tooltip='Compartir en Twitter' rel=\"noopener\"><span class='avia_hidden_link_text'>Compartir en Twitter<\/span><\/a><\/li><li class='av-share-link av-social-link-whatsapp' ><a target=\"_blank\" aria-label=\"Compartir en Whatsapp\" href='https:\/\/api.whatsapp.com\/send?text=https:\/\/radiorevelacionfm.cl\/?p=50965' aria-hidden='false' data-av_icon='\uf232' data-av_iconfont='entypo-fontello' title='' data-avia-related-tooltip='Compartir en Whatsapp' rel=\"noopener\"><span class='avia_hidden_link_text'>Compartir en Whatsapp<\/span><\/a><\/li><li class='av-share-link av-social-link-linkedin' ><a target=\"_blank\" aria-label=\"Compartir en LinkedIn\" href='https:\/\/linkedin.com\/shareArticle?mini=true&#038;title=Este%20s%C3%A1bado%201%C2%B0%20de%20marzo%20se%20desarrollar%C3%A1%20la%20%C2%ABExpo%20Turismo%20Brevet%202025%C2%BB%20en%20Los%20Torreones&#038;url=https:\/\/radiorevelacionfm.cl\/?p=50965' aria-hidden='false' data-av_icon='\ue8fc' data-av_iconfont='entypo-fontello' title='' data-avia-related-tooltip='Compartir en LinkedIn' rel=\"noopener\"><span class='avia_hidden_link_text'>Compartir en LinkedIn<\/span><\/a><\/li><li class='av-share-link av-social-link-mail' ><a  aria-label=\"Compartir por correo\" href='mailto:?subject=Este%20s%C3%A1bado%201%C2%B0%20de%20marzo%20se%20desarrollar%C3%A1%20la%20%C2%ABExpo%20Turismo%20Brevet%202025%C2%BB%20en%20Los%20Torreones&#038;body=https:\/\/radiorevelacionfm.cl\/?p=50965' aria-hidden='false' data-av_icon='\ue805' data-av_iconfont='entypo-fontello' title='' data-avia-related-tooltip='Compartir por correo'><span class='avia_hidden_link_text'>Compartir por correo<\/span><\/a><\/li><\/ul><\/div><\/div>\n<div  style='height:50px' class='hr hr-invisible   avia-builder-el-8  el_after_av_social_share  el_before_av_comments_list '><span class='hr-inner ' ><span class='hr-inner-style'><\/span><\/span><\/div>\n<div  class='av-buildercomment  av-blog-meta-html-info-disabled av-blog-meta-tag-disabled  '><\/div>\n","protected":false},"excerpt":{"rendered":"","protected":false},"author":1,"featured_media":50966,"comment_status":"open","ping_status":"open","sticky":false,"template":"","format":"standard","meta":{"footnotes":""},"categories":[40],"tags":[],"class_list":["post-50965","post","type-post","status-publish","format-standard","has-post-thumbnail","hentry","category-deportes"],"jetpack_featured_media_url":"https:\/\/radiorevelacionfm.cl\/wp-content\/uploads\/2025\/02\/whatsapp-image-2025-02-26-at-3_optimized.57.53-pm-1-1.jpeg","_links":{"self":[{"href":"https:\/\/radiorevelacionfm.cl\/index.php?rest_route=\/wp\/v2\/posts\/50965","targetHints":{"allow":["GET"]}}],"collection":[{"href":"https:\/\/radiorevelacionfm.cl\/index.php?rest_route=\/wp\/v2\/posts"}],"about":[{"href":"https:\/\/radiorevelacionfm.cl\/index.php?rest_route=\/wp\/v2\/types\/post"}],"author":[{"embeddable":true,"href":"https:\/\/radiorevelacionfm.cl\/index.php?rest_route=\/wp\/v2\/users\/1"}],"replies":[{"embeddable":true,"href":"https:\/\/radiorevelacionfm.cl\/index.php?rest_route=%2Fwp%2Fv2%2Fcomments&post=50965"}],"version-history":[{"count":1,"href":"https:\/\/radiorevelacionfm.cl\/index.php?rest_route=\/wp\/v2\/posts\/50965\/revisions"}],"predecessor-version":[{"id":50967,"href":"https:\/\/radiorevelacionfm.cl\/index.php?rest_route=\/wp\/v2\/posts\/50965\/revisions\/50967"}],"wp:featuredmedia":[{"embeddable":true,"href":"https:\/\/radiorevelacionfm.cl\/index.php?rest_route=\/wp\/v2\/media\/50966"}],"wp:attachment":[{"href":"https:\/\/radiorevelacionfm.cl\/index.php?rest_route=%2Fwp%2Fv2%2Fmedia&parent=50965"}],"wp:term":[{"taxonomy":"category","embeddable":true,"href":"https:\/\/radiorevelacionfm.cl\/index.php?rest_route=%2Fwp%2Fv2%2Fcategories&post=50965"},{"taxonomy":"post_tag","embeddable":true,"href":"https:\/\/radiorevelacionfm.cl\/index.php?rest_route=%2Fwp%2Fv2%2Ftags&post=50965"}],"curies":[{"name":"wp","href":"https:\/\/api.w.org\/{rel}","templated":true}]}}