{"id":5095,"date":"2021-06-10T10:50:41","date_gmt":"2021-06-10T13:50:41","guid":{"rendered":"https:\/\/radiorevelacionfm.cl\/?p=5095"},"modified":"2021-06-10T10:50:41","modified_gmt":"2021-06-10T13:50:41","slug":"condiciones-climaticas-llevan-a-implementar-nuevo-centro-de-vacunacion-masiva-en-coyhaique","status":"publish","type":"post","link":"https:\/\/radiorevelacionfm.cl\/?p=5095","title":{"rendered":"Condiciones clim\u00e1ticas llevan a implementar nuevo centro de vacunaci\u00f3n masiva en Coyhaique"},"content":{"rendered":"<div class=\"flex_column av_one_full  flex_column_div av-zero-column-padding first  avia-builder-el-0  el_before_av_one_full  avia-builder-el-first  \" style='border-radius:0px; '><div  class='avia-image-container  av-styling-    avia-builder-el-1  avia-builder-el-no-sibling  avia-align-center '  itemprop=\"image\" itemscope=\"itemscope\" itemtype=\"https:\/\/schema.org\/ImageObject\"  ><div class='avia-image-container-inner'><div class='avia-image-overlay-wrap'><img decoding=\"async\" class='wp-image-0 avia-img-lazy-loading-not-0 avia_image' src=\"https:\/\/radiorevelacionfm.cl\/wp-content\/uploads\/2021\/06\/puesta-en-marcha-punto-vacunacion2-1.jpg\" alt='' title=''   itemprop=\"thumbnailUrl\"  \/><\/div><\/div><\/div><\/div><div class=\"flex_column av_one_full  flex_column_div av-zero-column-padding first  avia-builder-el-2  el_after_av_one_full  el_before_av_one_full  column-top-margin\" style='border-radius:0px; '><section class=\"av_textblock_section \"  itemscope=\"itemscope\" itemtype=\"https:\/\/schema.org\/BlogPosting\" itemprop=\"blogPost\" ><div class='avia_textblock  '   itemprop=\"text\" ><p style=\"text-align: center;\"><strong><span style=\"font-size: 18pt;\">Condiciones clim\u00e1ticas llevan a implementar nuevo centro de vacunaci\u00f3n masiva en Coyhaique<\/span><\/strong><\/p>\n<div id=\"gtx-trans\" style=\"position: absolute; left: -50px; top: 4.31534px;\">\n<div class=\"gtx-trans-icon\"><\/div>\n<\/div>\n<\/div><\/section><\/div><div class=\"flex_column av_one_full  flex_column_div av-zero-column-padding first  avia-builder-el-4  el_after_av_one_full  el_before_av_hr  column-top-margin\" style='border-radius:0px; '><section class=\"av_textblock_section \"  itemscope=\"itemscope\" itemtype=\"https:\/\/schema.org\/BlogPosting\" itemprop=\"blogPost\" ><div class='avia_textblock  '   itemprop=\"text\" ><p style=\"text-align: justify;\">Cuando las temperaturas y condiciones clim\u00e1ticas comienzan a recordarnos que vivimos en la Patagonia, la Seremi Salud Ays\u00e9n y el Servicio de Salud lograron concretar la utilizaci\u00f3n de las dependencias del centro de eventos del Casino Dreams para uso como un centro de vacunaci\u00f3n masiva para las personas cumplan con sus esquemas de vacunaci\u00f3n contra el COVID-19 y la Influenza; dependencias en las que adem\u00e1s, quienes acudan a vacunarse podr\u00e1n regularizar tr\u00e1mites como el acceso a Clave \u00danica o el Registro Social de Hogares.<\/p>\n<p style=\"text-align: justify;\">En este contexto, fue el Director del Servicio de Salud Ays\u00e9n, Gabriel Burgos Salas, quien destac\u00f3 la puesta en marcha de este punto de vacunaci\u00f3n.\u00a0 \u201cLa vacunaci\u00f3n comunitaria implementada junto a la Seremi de Salud, \u00a0con apoyo de dirigentes sociales y el apoyo de otras entidades p\u00fablicas y privadas, nos han permitido alcanzar el 80% de las primeras dosis y el 60% en las segundas dosis de vacunas contra el COVID-19. Es por eso que destacamos y agradecemos a la gerencia del Casino Dreams Coyhaique que ha facilitado su infraestructura accesible, para que sigamos suministrando las vacunas a la poblaci\u00f3n objetivo, y as\u00ed poder comenzar a salir de la situaci\u00f3n cr\u00edtica que nos tiene esta pandemia\u201d.<\/p>\n<p style=\"text-align: justify;\">Por su parte, la Seremi de Salud Ays\u00e9n, Alejandra Valdebenito Torres, recalc\u00f3 la importancia de avanzar con la poblaci\u00f3n que a\u00fan no completa su esquema de vacunaci\u00f3n. \u201cEstamos en un momento de la campa\u00f1a Yo Me Vacuno, donde necesitamos invitar a la poblaci\u00f3n rezagada que a\u00fan no se ha vacunado, son 15 mil ayseninos que a\u00fan no han adquirido la primera dosis de vacuna, de los cuales 9 mil son de la comuna de Coyhaique y 4 mil de la comuna de Ays\u00e9n que representan el 80% de la poblaci\u00f3n regional.\u00a0 Desde el d\u00eda uno hemos trabajado con diferentes sectores para avanzar en este proceso, hoy tenemos puntos de vacunaci\u00f3n incluso en las juntas de vecinos, gracias al trabajo con distintos sectores, agradecemos la disposici\u00f3n del sector privado representado en este caso por el Casino Dreams para facilitar parte de sus dependencias con el fin de ampliar los puntos de vacunaci\u00f3n, sobretodo ahora cuando las condiciones clim\u00e1ticas requieren que quienes asistan a los puntos de vacunaci\u00f3n puedan estar c\u00f3modos y en buenas condiciones\u201d.<\/p>\n<p style=\"text-align: justify;\">Finalmente, la Ministra de Desarrollo Social y Familia, Karla Rubilar Barahona, quien cumpl\u00eda acciones propias de su ministerio, destac\u00f3 la puesta en marcha de este operativo de vacunaci\u00f3n y apoyo social. \u201cVenimos a acompa\u00f1ar este proceso de vacunaci\u00f3n\u00a0 en una regi\u00f3n que esta siendo nuevamente golpeada por el COVID-19, efectivamente este virus ha generado diferente ciclos distintos en cada regi\u00f3n, y hoy estamos en un proceso dif\u00edcil en esta regi\u00f3n. Quiero pedirle a la gente que se cuiden y tomen las medidas sanitarias correspondientes junto al proceso de vacunaci\u00f3n; y para que la gente se quede en sus casas, necesitamos hacer un mayor esfuerzo en materia de ayuda social, es por eso que venimos a reforzar el Ingreso Familiar de Emergencia (IFE) que es universal, lo que significa que muchas familias que no hab\u00edan logrado acceder a los beneficios, ahora lo podr\u00e1n hacer. Las personas que se vengan a vacunar en este punto, tambi\u00e9n podr\u00e1n actualizar su Ficha de Protecci\u00f3n Social en una misma salida desde su hogar\u201d.<\/p>\n<p style=\"text-align: justify;\">A nivel regional, actualmente el proceso de vacunaci\u00f3n alcanza un 82,84% (Primera dosis) de cobertura de vacunaci\u00f3n con 66.400 dosis administradas y 62,28% (segunda dosis) de cobertura con 49.914 dosis a nivel regional de la campa\u00f1a #YoMeVacuno, con una poblaci\u00f3n objetivo de 80.150 personas.<\/p>\n<\/div><\/section><\/div><div  style='height:50px' class='hr hr-invisible   avia-builder-el-6  el_after_av_one_full  el_before_av_social_share '><span class='hr-inner ' ><span class='hr-inner-style'><\/span><\/span><\/div><\/p>\n<div  class='av-social-sharing-box  avia-builder-el-7  el_after_av_hr  el_before_av_hr  '><div class='av-share-box'><h5 class='av-share-link-description av-no-toc '>Compartir esta noticia<\/h5><ul class='av-share-box-list noLightbox'><li class='av-share-link av-social-link-facebook' ><a target=\"_blank\" aria-label=\"Compartir en Facebook\" href='https:\/\/www.facebook.com\/sharer.php?u=https:\/\/radiorevelacionfm.cl\/?p=5095&#038;t=Condiciones%20clim%C3%A1ticas%20llevan%20a%20implementar%20nuevo%20centro%20de%20vacunaci%C3%B3n%20masiva%20en%20Coyhaique' aria-hidden='false' data-av_icon='\ue8f3' data-av_iconfont='entypo-fontello' title='' data-avia-related-tooltip='Compartir en Facebook' rel=\"noopener\"><span class='avia_hidden_link_text'>Compartir en Facebook<\/span><\/a><\/li><li class='av-share-link av-social-link-twitter' ><a target=\"_blank\" aria-label=\"Compartir en Twitter\" href='https:\/\/twitter.com\/share?text=Condiciones%20clim%C3%A1ticas%20llevan%20a%20implementar%20nuevo%20centro%20de%20vacunaci%C3%B3n%20masiva%20en%20Coyhaique&#038;url=https:\/\/radiorevelacionfm.cl\/?p=5095' aria-hidden='false' data-av_icon='\ue8f1' data-av_iconfont='entypo-fontello' title='' data-avia-related-tooltip='Compartir en Twitter' rel=\"noopener\"><span class='avia_hidden_link_text'>Compartir en Twitter<\/span><\/a><\/li><li class='av-share-link av-social-link-whatsapp' ><a target=\"_blank\" aria-label=\"Compartir en Whatsapp\" href='https:\/\/api.whatsapp.com\/send?text=https:\/\/radiorevelacionfm.cl\/?p=5095' aria-hidden='false' data-av_icon='\uf232' data-av_iconfont='entypo-fontello' title='' data-avia-related-tooltip='Compartir en Whatsapp' rel=\"noopener\"><span class='avia_hidden_link_text'>Compartir en Whatsapp<\/span><\/a><\/li><li class='av-share-link av-social-link-linkedin' ><a target=\"_blank\" aria-label=\"Compartir en LinkedIn\" href='https:\/\/linkedin.com\/shareArticle?mini=true&#038;title=Condiciones%20clim%C3%A1ticas%20llevan%20a%20implementar%20nuevo%20centro%20de%20vacunaci%C3%B3n%20masiva%20en%20Coyhaique&#038;url=https:\/\/radiorevelacionfm.cl\/?p=5095' aria-hidden='false' data-av_icon='\ue8fc' data-av_iconfont='entypo-fontello' title='' data-avia-related-tooltip='Compartir en LinkedIn' rel=\"noopener\"><span class='avia_hidden_link_text'>Compartir en LinkedIn<\/span><\/a><\/li><li class='av-share-link av-social-link-mail' ><a  aria-label=\"Compartir por correo\" href='mailto:?subject=Condiciones%20clim%C3%A1ticas%20llevan%20a%20implementar%20nuevo%20centro%20de%20vacunaci%C3%B3n%20masiva%20en%20Coyhaique&#038;body=https:\/\/radiorevelacionfm.cl\/?p=5095' aria-hidden='false' data-av_icon='\ue805' data-av_iconfont='entypo-fontello' title='' data-avia-related-tooltip='Compartir por correo'><span class='avia_hidden_link_text'>Compartir por correo<\/span><\/a><\/li><\/ul><\/div><\/div>\n<div  style='height:50px' class='hr hr-invisible   avia-builder-el-8  el_after_av_social_share  el_before_av_comments_list '><span class='hr-inner ' ><span class='hr-inner-style'><\/span><\/span><\/div>\n<div  class='av-buildercomment  av-blog-meta-html-info-disabled av-blog-meta-tag-disabled  '><\/div>\n","protected":false},"excerpt":{"rendered":"","protected":false},"author":1,"featured_media":0,"comment_status":"open","ping_status":"open","sticky":false,"template":"","format":"standard","meta":{"footnotes":""},"categories":[46],"tags":[],"class_list":["post-5095","post","type-post","status-publish","format-standard","hentry","category-salud"],"jetpack_featured_media_url":"","_links":{"self":[{"href":"https:\/\/radiorevelacionfm.cl\/index.php?rest_route=\/wp\/v2\/posts\/5095","targetHints":{"allow":["GET"]}}],"collection":[{"href":"https:\/\/radiorevelacionfm.cl\/index.php?rest_route=\/wp\/v2\/posts"}],"about":[{"href":"https:\/\/radiorevelacionfm.cl\/index.php?rest_route=\/wp\/v2\/types\/post"}],"author":[{"embeddable":true,"href":"https:\/\/radiorevelacionfm.cl\/index.php?rest_route=\/wp\/v2\/users\/1"}],"replies":[{"embeddable":true,"href":"https:\/\/radiorevelacionfm.cl\/index.php?rest_route=%2Fwp%2Fv2%2Fcomments&post=5095"}],"version-history":[{"count":1,"href":"https:\/\/radiorevelacionfm.cl\/index.php?rest_route=\/wp\/v2\/posts\/5095\/revisions"}],"predecessor-version":[{"id":5097,"href":"https:\/\/radiorevelacionfm.cl\/index.php?rest_route=\/wp\/v2\/posts\/5095\/revisions\/5097"}],"wp:attachment":[{"href":"https:\/\/radiorevelacionfm.cl\/index.php?rest_route=%2Fwp%2Fv2%2Fmedia&parent=5095"}],"wp:term":[{"taxonomy":"category","embeddable":true,"href":"https:\/\/radiorevelacionfm.cl\/index.php?rest_route=%2Fwp%2Fv2%2Fcategories&post=5095"},{"taxonomy":"post_tag","embeddable":true,"href":"https:\/\/radiorevelacionfm.cl\/index.php?rest_route=%2Fwp%2Fv2%2Ftags&post=5095"}],"curies":[{"name":"wp","href":"https:\/\/api.w.org\/{rel}","templated":true}]}}