{"id":50948,"date":"2025-02-27T10:39:44","date_gmt":"2025-02-27T13:39:44","guid":{"rendered":"https:\/\/radiorevelacionfm.cl\/?p=50948"},"modified":"2025-02-27T10:39:44","modified_gmt":"2025-02-27T13:39:44","slug":"dejando-el-jardin-asi-las-familias-pueden-enfrentar-con-ninas-y-ninos-el-desafio-de-los-primeros-dias-de-escuela","status":"publish","type":"post","link":"https:\/\/radiorevelacionfm.cl\/?p=50948","title":{"rendered":"Dejando el Jard\u00edn: as\u00ed las familias pueden enfrentar con ni\u00f1as y ni\u00f1os el desaf\u00edo de los primeros d\u00edas de escuela"},"content":{"rendered":"<div class=\"flex_column av_one_full  flex_column_div av-zero-column-padding first  avia-builder-el-0  el_before_av_one_full  avia-builder-el-first  \" style='border-radius:0px; '><div  class='avia-image-container  av-styling-    avia-builder-el-1  avia-builder-el-no-sibling  avia-align-center '  itemprop=\"image\" itemscope=\"itemscope\" itemtype=\"https:\/\/schema.org\/ImageObject\"  ><div class='avia-image-container-inner'><div class='avia-image-overlay-wrap'><img decoding=\"async\" class='wp-image-50949 avia-img-lazy-loading-not-50949 avia_image' src=\"https:\/\/radiorevelacionfm.cl\/wp-content\/uploads\/2025\/02\/MG_7380-1-1.jpg\" alt='' title='_MG_7380 (1) (1)' height=\"600\" width=\"1067\"  itemprop=\"thumbnailUrl\" srcset=\"https:\/\/radiorevelacionfm.cl\/wp-content\/uploads\/2025\/02\/MG_7380-1-1.jpg 1067w, https:\/\/radiorevelacionfm.cl\/wp-content\/uploads\/2025\/02\/MG_7380-1-1-300x169.jpg 300w, https:\/\/radiorevelacionfm.cl\/wp-content\/uploads\/2025\/02\/MG_7380-1-1-1030x579.jpg 1030w, https:\/\/radiorevelacionfm.cl\/wp-content\/uploads\/2025\/02\/MG_7380-1-1-768x432.jpg 768w, https:\/\/radiorevelacionfm.cl\/wp-content\/uploads\/2025\/02\/MG_7380-1-1-705x396.jpg 705w, https:\/\/radiorevelacionfm.cl\/wp-content\/uploads\/2025\/02\/MG_7380-1-1-450x253.jpg 450w, https:\/\/radiorevelacionfm.cl\/wp-content\/uploads\/2025\/02\/MG_7380-1-1-600x337.jpg 600w\" sizes=\"(max-width: 1067px) 100vw, 1067px\" \/><\/div><\/div><\/div><\/div><div class=\"flex_column av_one_full  flex_column_div av-zero-column-padding first  avia-builder-el-2  el_after_av_one_full  el_before_av_one_full  column-top-margin\" style='border-radius:0px; '><section class=\"av_textblock_section \"  itemscope=\"itemscope\" itemtype=\"https:\/\/schema.org\/BlogPosting\" itemprop=\"blogPost\" ><div class='avia_textblock  '   itemprop=\"text\" ><p style=\"text-align: center;\"><strong><span style=\"font-size: 18pt;\">Dejando el Jard\u00edn: as\u00ed las familias pueden enfrentar con ni\u00f1as y ni\u00f1os el desaf\u00edo de los primeros d\u00edas de escuela<\/span><\/strong><\/p>\n<div id=\"gtx-trans\" style=\"position: absolute; left: -50px; top: 4.31534px;\">\n<div class=\"gtx-trans-icon\"><\/div>\n<\/div>\n<\/div><\/section><\/div><div class=\"flex_column av_one_full  flex_column_div av-zero-column-padding first  avia-builder-el-4  el_after_av_one_full  el_before_av_hr  column-top-margin\" style='border-radius:0px; '><section class=\"av_textblock_section \"  itemscope=\"itemscope\" itemtype=\"https:\/\/schema.org\/BlogPosting\" itemprop=\"blogPost\" ><div class='avia_textblock  '   itemprop=\"text\" ><p style=\"font-weight: 400; text-align: justify;\"><em>Si bien afrontar la escuela puede ser un nuevo desaf\u00edo, pasar por el jard\u00edn infantil ya entreg\u00f3 a las familias la experiencia de conocer nuevas personas y lugares. Por ello, desde Fundaci\u00f3n Integra y Fonoinfancia entregan recomendaciones adicionales para un positivo proceso.<\/em><\/p>\n<p style=\"font-weight: 400; text-align: justify;\">La\u00a0<strong>llegada de marzo<\/strong>\u00a0est\u00e1 llena de simbolismos y procesos que, tras las vacaciones, marcan el retorno a las actividades habituales. Ac\u00e1 se retoman las rutinas familiares y diversas obligaciones, entre ellas que ni\u00f1as y ni\u00f1os\u00a0<strong>vuelvan a las salas de clases<\/strong>\u00a0para otro a\u00f1o escolar, pero, \u00bfqu\u00e9 sucede con qui\u00e9nes\u00a0<strong>ya dejaron el jard\u00edn infantil\u00a0<\/strong>y ahora tendr\u00e1n su\u00a0<strong>primer d\u00eda de escuela<\/strong>?<\/p>\n<p style=\"font-weight: 400; text-align: justify;\">En este proceso de\u00a0<strong>familiarizaci\u00f3n\u00a0<\/strong>es clave el acompa\u00f1amiento y contenci\u00f3n emocional que las ni\u00f1as y ni\u00f1os reciban de sus madres, padres o personas significativas. Desde ahora las y los amigos con los cuales compartieron sus primeros a\u00f1os de vida\u00a0<strong>quiz\u00e1s no estar\u00e1n<\/strong>, debiendo establecer v\u00ednculos en\u00a0<strong>un lugar nuevo<\/strong>\u00a0y con otros equipos educativos.<\/p>\n<p style=\"font-weight: 400; text-align: justify;\">El director ejecutivo de\u00a0<strong>Fundaci\u00f3n Integra<\/strong>, Carlos Gonz\u00e1lez Rivas, record\u00f3 que \u201cen esta etapa de la trayectoria educativa son muchos los cambios que experimentar\u00e1n las ni\u00f1as y ni\u00f1os, por lo que las adultas y adultos debemos ser amorosos, respetuosos, sensibles, flexibles y mostrar un genuino inter\u00e9s en c\u00f3mo se desarrolla el proceso. Este es un hito donde se producen ajustes importantes en su vida que requieren una\u00a0<strong>mirada positiva y colaborativa<\/strong>\u00a0para que sea exitosa\u201d.<\/p>\n<p style=\"font-weight: 400; text-align: justify;\">Adem\u00e1s, tambi\u00e9n es importante considerar estas acciones en la antesala del primer d\u00eda de clases:<\/p>\n<ul style=\"text-align: justify;\">\n<li style=\"font-weight: 400;\">Conversar con ni\u00f1as y ni\u00f1os sobre\u00a0<strong>c\u00f3mo nos prepararemos<\/strong>\u00a0para este inicio de a\u00f1o escolar.<\/li>\n<li style=\"font-weight: 400;\">Ac\u00e1 se deben destacar los\u00a0<strong>cambios de normas, c\u00f3digos y exigencias<\/strong>\u00a0que se registrar\u00e1n.<\/li>\n<li style=\"font-weight: 400;\">Es posible ejecutar acciones como preparar juntos la mochila, el uniforme y\/o \u00fatiles.<\/li>\n<li style=\"font-weight: 400;\">Resaltar los aspectos que\u00a0<strong>reflejar\u00edan estos cambios<\/strong>: usar uniforme o ir al ba\u00f1o solas\/os.<\/li>\n<li style=\"font-weight: 400;\">Realizar una\u00a0<strong>visita a la escuela<\/strong>\u00a0antes del inicio de clases y recorrer sus espacios.<\/li>\n<li style=\"font-weight: 400;\">Revisar con ni\u00f1as y ni\u00f1os el trayecto es clave para que identifiquen su nuevo entorno.<\/li>\n<li style=\"font-weight: 400;\">Generar un\u00a0<strong>momento significativo<\/strong>\u00a0para \u201cdespedirse\u201d del jard\u00edn y recibir a esta nueva etapa.<\/li>\n<li style=\"font-weight: 400;\">D\u00edas antes del inicio de clases\u00a0<strong>comenzar una adaptaci\u00f3n<\/strong>\u00a0en los horarios de comida y sue\u00f1o.<\/li>\n<li style=\"font-weight: 400;\">Tratar de<strong>\u00a0acompa\u00f1ar\u00a0<\/strong>a ni\u00f1as y ni\u00f1os a su\u00a0<strong>nueva sala de clases<\/strong>\u00a0en los primeros d\u00edas.<\/li>\n<li style=\"font-weight: 400;\">Tras volver de la escuela, preguntar a ni\u00f1as y ni\u00f1os c\u00f3mo estuvo el d\u00eda, qu\u00e9 hicieron, etc.<\/li>\n<li style=\"font-weight: 400;\">Recordar a ni\u00f1as y ni\u00f1os que asistir\u00e1n a un nuevo lugar donde aprender\u00e1n nuevas cosas, como pasaba en el jard\u00edn infantil.<\/li>\n<li style=\"font-weight: 400;\">Es bueno mostrar que adultas y adultos estaremos disponibles para ellas y ellos, a los cuales se les puede pedir ayuda si se necesita.<\/li>\n<\/ul>\n<p style=\"font-weight: 400; text-align: justify;\">En este sentido, Rodrigo Cordero Gonz\u00e1lez, supervisor de<strong>\u00a0Fonoinfancia<\/strong>, indic\u00f3 que \u201clas y los adultos, al estar disponibles para acompa\u00f1ar a ni\u00f1as y ni\u00f1os ante los cambios que se avecinan, permitir\u00e1n reforzar los aspectos positivos de este proceso: les fortalecer\u00e1n su autonom\u00eda, la expresi\u00f3n, la creaci\u00f3n y el descubrimiento de nuevos intereses. Adem\u00e1s, ellas y ellos potenciar\u00e1n sus habilidades para tolerar frustraciones y expresar sentimientos, herramientas vitales para afrontar esta etapa\u201d.<\/p>\n<p style=\"font-weight: 400; text-align: justify;\"><strong>Fundaci\u00f3n Integra<\/strong>\u00a0y\u00a0<strong>Fonoinfancia<\/strong>, por \u00faltimo, recuerda a las familias la importancia de acompa\u00f1ar y contener a ni\u00f1as y ni\u00f1os en esta nueva etapa, la que puede ser desafiante, pero que les traer\u00e1\u00a0<strong>experiencias significativas<\/strong>\u00a0que aportar\u00e1n a su desarrollo, al igual que su paso por el jard\u00edn infantil.<\/p>\n<\/div><\/section><\/div><div  style='height:50px' class='hr hr-invisible   avia-builder-el-6  el_after_av_one_full  el_before_av_social_share '><span class='hr-inner ' ><span class='hr-inner-style'><\/span><\/span><\/div><\/p>\n<div  class='av-social-sharing-box  avia-builder-el-7  el_after_av_hr  el_before_av_hr  '><div class='av-share-box'><h5 class='av-share-link-description av-no-toc '>Compartir esta noticia<\/h5><ul class='av-share-box-list noLightbox'><li class='av-share-link av-social-link-facebook' ><a target=\"_blank\" aria-label=\"Compartir en Facebook\" href='https:\/\/www.facebook.com\/sharer.php?u=https:\/\/radiorevelacionfm.cl\/?p=50948&#038;t=Dejando%20el%20Jard%C3%ADn%3A%20as%C3%AD%20las%20familias%20pueden%20enfrentar%20con%20ni%C3%B1as%20y%20ni%C3%B1os%20el%20desaf%C3%ADo%20de%20los%20primeros%20d%C3%ADas%20de%20escuela' aria-hidden='false' data-av_icon='\ue8f3' data-av_iconfont='entypo-fontello' title='' data-avia-related-tooltip='Compartir en Facebook' rel=\"noopener\"><span class='avia_hidden_link_text'>Compartir en Facebook<\/span><\/a><\/li><li class='av-share-link av-social-link-twitter' ><a target=\"_blank\" aria-label=\"Compartir en Twitter\" href='https:\/\/twitter.com\/share?text=Dejando%20el%20Jard%C3%ADn%3A%20as%C3%AD%20las%20familias%20pueden%20enfrentar%20con%20ni%C3%B1as%20y%20ni%C3%B1os%20el%20desaf%C3%ADo%20de%20los%20primeros%20d%C3%ADas%20de%20escuela&#038;url=https:\/\/radiorevelacionfm.cl\/?p=50948' aria-hidden='false' data-av_icon='\ue8f1' data-av_iconfont='entypo-fontello' title='' data-avia-related-tooltip='Compartir en Twitter' rel=\"noopener\"><span class='avia_hidden_link_text'>Compartir en Twitter<\/span><\/a><\/li><li class='av-share-link av-social-link-whatsapp' ><a target=\"_blank\" aria-label=\"Compartir en Whatsapp\" href='https:\/\/api.whatsapp.com\/send?text=https:\/\/radiorevelacionfm.cl\/?p=50948' aria-hidden='false' data-av_icon='\uf232' data-av_iconfont='entypo-fontello' title='' data-avia-related-tooltip='Compartir en Whatsapp' rel=\"noopener\"><span class='avia_hidden_link_text'>Compartir en Whatsapp<\/span><\/a><\/li><li class='av-share-link av-social-link-linkedin' ><a target=\"_blank\" aria-label=\"Compartir en LinkedIn\" href='https:\/\/linkedin.com\/shareArticle?mini=true&#038;title=Dejando%20el%20Jard%C3%ADn%3A%20as%C3%AD%20las%20familias%20pueden%20enfrentar%20con%20ni%C3%B1as%20y%20ni%C3%B1os%20el%20desaf%C3%ADo%20de%20los%20primeros%20d%C3%ADas%20de%20escuela&#038;url=https:\/\/radiorevelacionfm.cl\/?p=50948' aria-hidden='false' data-av_icon='\ue8fc' data-av_iconfont='entypo-fontello' title='' data-avia-related-tooltip='Compartir en LinkedIn' rel=\"noopener\"><span class='avia_hidden_link_text'>Compartir en LinkedIn<\/span><\/a><\/li><li class='av-share-link av-social-link-mail' ><a  aria-label=\"Compartir por correo\" href='mailto:?subject=Dejando%20el%20Jard%C3%ADn%3A%20as%C3%AD%20las%20familias%20pueden%20enfrentar%20con%20ni%C3%B1as%20y%20ni%C3%B1os%20el%20desaf%C3%ADo%20de%20los%20primeros%20d%C3%ADas%20de%20escuela&#038;body=https:\/\/radiorevelacionfm.cl\/?p=50948' aria-hidden='false' data-av_icon='\ue805' data-av_iconfont='entypo-fontello' title='' data-avia-related-tooltip='Compartir por correo'><span class='avia_hidden_link_text'>Compartir por correo<\/span><\/a><\/li><\/ul><\/div><\/div>\n<div  style='height:50px' class='hr hr-invisible   avia-builder-el-8  el_after_av_social_share  el_before_av_comments_list '><span class='hr-inner ' ><span class='hr-inner-style'><\/span><\/span><\/div>\n<div  class='av-buildercomment  av-blog-meta-html-info-disabled av-blog-meta-tag-disabled  '><\/div>\n","protected":false},"excerpt":{"rendered":"","protected":false},"author":1,"featured_media":50949,"comment_status":"open","ping_status":"open","sticky":false,"template":"","format":"standard","meta":{"footnotes":""},"categories":[49],"tags":[],"class_list":["post-50948","post","type-post","status-publish","format-standard","has-post-thumbnail","hentry","category-educacion"],"jetpack_featured_media_url":"https:\/\/radiorevelacionfm.cl\/wp-content\/uploads\/2025\/02\/MG_7380-1-1.jpg","_links":{"self":[{"href":"https:\/\/radiorevelacionfm.cl\/index.php?rest_route=\/wp\/v2\/posts\/50948","targetHints":{"allow":["GET"]}}],"collection":[{"href":"https:\/\/radiorevelacionfm.cl\/index.php?rest_route=\/wp\/v2\/posts"}],"about":[{"href":"https:\/\/radiorevelacionfm.cl\/index.php?rest_route=\/wp\/v2\/types\/post"}],"author":[{"embeddable":true,"href":"https:\/\/radiorevelacionfm.cl\/index.php?rest_route=\/wp\/v2\/users\/1"}],"replies":[{"embeddable":true,"href":"https:\/\/radiorevelacionfm.cl\/index.php?rest_route=%2Fwp%2Fv2%2Fcomments&post=50948"}],"version-history":[{"count":1,"href":"https:\/\/radiorevelacionfm.cl\/index.php?rest_route=\/wp\/v2\/posts\/50948\/revisions"}],"predecessor-version":[{"id":50950,"href":"https:\/\/radiorevelacionfm.cl\/index.php?rest_route=\/wp\/v2\/posts\/50948\/revisions\/50950"}],"wp:featuredmedia":[{"embeddable":true,"href":"https:\/\/radiorevelacionfm.cl\/index.php?rest_route=\/wp\/v2\/media\/50949"}],"wp:attachment":[{"href":"https:\/\/radiorevelacionfm.cl\/index.php?rest_route=%2Fwp%2Fv2%2Fmedia&parent=50948"}],"wp:term":[{"taxonomy":"category","embeddable":true,"href":"https:\/\/radiorevelacionfm.cl\/index.php?rest_route=%2Fwp%2Fv2%2Fcategories&post=50948"},{"taxonomy":"post_tag","embeddable":true,"href":"https:\/\/radiorevelacionfm.cl\/index.php?rest_route=%2Fwp%2Fv2%2Ftags&post=50948"}],"curies":[{"name":"wp","href":"https:\/\/api.w.org\/{rel}","templated":true}]}}