{"id":50944,"date":"2025-02-27T09:59:01","date_gmt":"2025-02-27T12:59:01","guid":{"rendered":"https:\/\/radiorevelacionfm.cl\/?p=50944"},"modified":"2025-02-27T09:59:01","modified_gmt":"2025-02-27T12:59:01","slug":"tortel-celebra-el-encuentro-patrimonial-danza-teatro-y-comunidad-con-arte-cultura-y-participacion-ciudadana","status":"publish","type":"post","link":"https:\/\/radiorevelacionfm.cl\/?p=50944","title":{"rendered":"Tortel celebra el \u00abEncuentro Patrimonial: Danza, Teatro y Comunidad\u00bb con arte, cultura y participaci\u00f3n ciudadana"},"content":{"rendered":"<div class=\"flex_column av_one_full  flex_column_div av-zero-column-padding first  avia-builder-el-0  el_before_av_one_full  avia-builder-el-first  \" style='border-radius:0px; '><div  class='avia-image-container  av-styling-    avia-builder-el-1  avia-builder-el-no-sibling  avia-align-center '  itemprop=\"image\" itemscope=\"itemscope\" itemtype=\"https:\/\/schema.org\/ImageObject\"  ><div class='avia-image-container-inner'><div class='avia-image-overlay-wrap'><img decoding=\"async\" class='wp-image-50945 avia-img-lazy-loading-not-50945 avia_image' src=\"https:\/\/radiorevelacionfm.cl\/wp-content\/uploads\/2025\/02\/img-20250226-wa0016-1-1_optimized-1.jpg\" alt='' title='img-20250226-wa0016-(1)-(1)_optimized (1)' height=\"600\" width=\"901\"  itemprop=\"thumbnailUrl\" srcset=\"https:\/\/radiorevelacionfm.cl\/wp-content\/uploads\/2025\/02\/img-20250226-wa0016-1-1_optimized-1.jpg 901w, https:\/\/radiorevelacionfm.cl\/wp-content\/uploads\/2025\/02\/img-20250226-wa0016-1-1_optimized-1-300x200.jpg 300w, https:\/\/radiorevelacionfm.cl\/wp-content\/uploads\/2025\/02\/img-20250226-wa0016-1-1_optimized-1-768x511.jpg 768w, https:\/\/radiorevelacionfm.cl\/wp-content\/uploads\/2025\/02\/img-20250226-wa0016-1-1_optimized-1-705x469.jpg 705w, https:\/\/radiorevelacionfm.cl\/wp-content\/uploads\/2025\/02\/img-20250226-wa0016-1-1_optimized-1-450x300.jpg 450w, https:\/\/radiorevelacionfm.cl\/wp-content\/uploads\/2025\/02\/img-20250226-wa0016-1-1_optimized-1-600x400.jpg 600w\" sizes=\"(max-width: 901px) 100vw, 901px\" \/><\/div><\/div><\/div><\/div><div class=\"flex_column av_one_full  flex_column_div av-zero-column-padding first  avia-builder-el-2  el_after_av_one_full  el_before_av_one_full  column-top-margin\" style='border-radius:0px; '><section class=\"av_textblock_section \"  itemscope=\"itemscope\" itemtype=\"https:\/\/schema.org\/BlogPosting\" itemprop=\"blogPost\" ><div class='avia_textblock  '   itemprop=\"text\" ><p style=\"text-align: center;\"><strong><span style=\"font-size: 18pt;\">Tortel celebra el \u00abEncuentro Patrimonial: Danza, Teatro y Comunidad\u00bb con arte, cultura y participaci\u00f3n ciudadana<\/span><\/strong><\/p>\n<div id=\"gtx-trans\" style=\"position: absolute; left: -50px; top: 4.31534px;\">\n<div class=\"gtx-trans-icon\"><\/div>\n<\/div>\n<\/div><\/section><\/div><div class=\"flex_column av_one_full  flex_column_div av-zero-column-padding first  avia-builder-el-4  el_after_av_one_full  el_before_av_hr  column-top-margin\" style='border-radius:0px; '><section class=\"av_textblock_section \"  itemscope=\"itemscope\" itemtype=\"https:\/\/schema.org\/BlogPosting\" itemprop=\"blogPost\" ><div class='avia_textblock  '   itemprop=\"text\" ><p style=\"text-align: justify;\">Durante el mes febrero, la comuna de Tortel fue escenario del <strong>\u00abEncuentro Patrimonial: Danza, Teatro y Comunidad\u00bb<\/strong>, una iniciativa que busc\u00f3 fortalecer el tejido social, revalorizar el patrimonio local y fomentar el acceso a la cultura. Este proyecto es financiado por el programa Puntos de Cultura Comunitaria del Ministerio de las Culturas, las Artes y el Patrimonio, convocatoria 2024.<\/p>\n<p style=\"text-align: justify;\">Este evento, gestionado por las agrupaciones Arte y Mate de Puerto Cisnes, Atelakoya Tribal de Coyhaique y Colectivo de Madereros de Tortel, invit\u00f3 a la comunidad a apropiarse de los espacios p\u00fablicos mediante talleres de muebler\u00eda, danza y teatro. Adem\u00e1s, busc\u00f3 reconocer formas de trabajo, y conocerse entre las organizaciones y artistas, promoviendo el intercambio de saberes en torno a las artes esc\u00e9nicas, y la gesti\u00f3n cultural.<\/p>\n<p style=\"text-align: justify;\">El Seremi de las Culturas, las Artes y el Patrimonio, Felipe Quiroz, destac\u00f3 la importancia de esta iniciativa: \u00ab<em>Como gobierno y como ministerio estamos muy contentos de que el programa Puntos de Cultura Comunitaria est\u00e9 ya avanzado en el territorio y que en esta oportunidad se haya podido financiar esta iniciativa tan importante como es generar un plan de articulaci\u00f3n desde Puerto Cisnes hasta Caleta Tortel\u00bb.<\/em><\/p>\n<p style=\"text-align: justify;\">Adem\u00e1s de ofrecer espect\u00e1culos y talleres para los habitantes y visitantes de Tortel, este encuentro tuvo como objetivo proyectar la riqueza cultural de la comunidad m\u00e1s all\u00e1 de sus fronteras. Todas las actividades fueron documentadas y ser\u00e1n difundidas a trav\u00e9s de redes sociales de las organizaciones que han sido parte de este proyecto y medios locales, con el objetivo de lograr alcanzar a m\u00e1s de 5.000 personas interesadas en la historia, el patrimonio y la vida en esta hermosa Patagonia.<\/p>\n<p style=\"text-align: justify;\">La organizaci\u00f3n anfitriona tambi\u00e9n promueve un turismo responsable y sostenible, invitando a visitantes a conocer la arquitectura y el modo de vida \u00fanico de Tortel a trav\u00e9s de experiencias culturales aut\u00e9nticas.<\/p>\n<\/div><\/section><\/div><div  style='height:50px' class='hr hr-invisible   avia-builder-el-6  el_after_av_one_full  el_before_av_social_share '><span class='hr-inner ' ><span class='hr-inner-style'><\/span><\/span><\/div><\/p>\n<div  class='av-social-sharing-box  avia-builder-el-7  el_after_av_hr  el_before_av_hr  '><div class='av-share-box'><h5 class='av-share-link-description av-no-toc '>Compartir esta noticia<\/h5><ul class='av-share-box-list noLightbox'><li class='av-share-link av-social-link-facebook' ><a target=\"_blank\" aria-label=\"Compartir en Facebook\" href='https:\/\/www.facebook.com\/sharer.php?u=https:\/\/radiorevelacionfm.cl\/?p=50944&#038;t=Tortel%20celebra%20el%20%C2%ABEncuentro%20Patrimonial%3A%20Danza%2C%20Teatro%20y%20Comunidad%C2%BB%20con%20arte%2C%20cultura%20y%20participaci%C3%B3n%20ciudadana' aria-hidden='false' data-av_icon='\ue8f3' data-av_iconfont='entypo-fontello' title='' data-avia-related-tooltip='Compartir en Facebook' rel=\"noopener\"><span class='avia_hidden_link_text'>Compartir en Facebook<\/span><\/a><\/li><li class='av-share-link av-social-link-twitter' ><a target=\"_blank\" aria-label=\"Compartir en Twitter\" href='https:\/\/twitter.com\/share?text=Tortel%20celebra%20el%20%C2%ABEncuentro%20Patrimonial%3A%20Danza%2C%20Teatro%20y%20Comunidad%C2%BB%20con%20arte%2C%20cultura%20y%20participaci%C3%B3n%20ciudadana&#038;url=https:\/\/radiorevelacionfm.cl\/?p=50944' aria-hidden='false' data-av_icon='\ue8f1' data-av_iconfont='entypo-fontello' title='' data-avia-related-tooltip='Compartir en Twitter' rel=\"noopener\"><span class='avia_hidden_link_text'>Compartir en Twitter<\/span><\/a><\/li><li class='av-share-link av-social-link-whatsapp' ><a target=\"_blank\" aria-label=\"Compartir en Whatsapp\" href='https:\/\/api.whatsapp.com\/send?text=https:\/\/radiorevelacionfm.cl\/?p=50944' aria-hidden='false' data-av_icon='\uf232' data-av_iconfont='entypo-fontello' title='' data-avia-related-tooltip='Compartir en Whatsapp' rel=\"noopener\"><span class='avia_hidden_link_text'>Compartir en Whatsapp<\/span><\/a><\/li><li class='av-share-link av-social-link-linkedin' ><a target=\"_blank\" aria-label=\"Compartir en LinkedIn\" href='https:\/\/linkedin.com\/shareArticle?mini=true&#038;title=Tortel%20celebra%20el%20%C2%ABEncuentro%20Patrimonial%3A%20Danza%2C%20Teatro%20y%20Comunidad%C2%BB%20con%20arte%2C%20cultura%20y%20participaci%C3%B3n%20ciudadana&#038;url=https:\/\/radiorevelacionfm.cl\/?p=50944' aria-hidden='false' data-av_icon='\ue8fc' data-av_iconfont='entypo-fontello' title='' data-avia-related-tooltip='Compartir en LinkedIn' rel=\"noopener\"><span class='avia_hidden_link_text'>Compartir en LinkedIn<\/span><\/a><\/li><li class='av-share-link av-social-link-mail' ><a  aria-label=\"Compartir por correo\" href='mailto:?subject=Tortel%20celebra%20el%20%C2%ABEncuentro%20Patrimonial%3A%20Danza%2C%20Teatro%20y%20Comunidad%C2%BB%20con%20arte%2C%20cultura%20y%20participaci%C3%B3n%20ciudadana&#038;body=https:\/\/radiorevelacionfm.cl\/?p=50944' aria-hidden='false' data-av_icon='\ue805' data-av_iconfont='entypo-fontello' title='' data-avia-related-tooltip='Compartir por correo'><span class='avia_hidden_link_text'>Compartir por correo<\/span><\/a><\/li><\/ul><\/div><\/div>\n<div  style='height:50px' class='hr hr-invisible   avia-builder-el-8  el_after_av_social_share  el_before_av_comments_list '><span class='hr-inner ' ><span class='hr-inner-style'><\/span><\/span><\/div>\n<div  class='av-buildercomment  av-blog-meta-html-info-disabled av-blog-meta-tag-disabled  '><\/div>\n","protected":false},"excerpt":{"rendered":"","protected":false},"author":1,"featured_media":50945,"comment_status":"open","ping_status":"open","sticky":false,"template":"","format":"standard","meta":{"footnotes":""},"categories":[52],"tags":[],"class_list":["post-50944","post","type-post","status-publish","format-standard","has-post-thumbnail","hentry","category-cultura"],"jetpack_featured_media_url":"https:\/\/radiorevelacionfm.cl\/wp-content\/uploads\/2025\/02\/img-20250226-wa0016-1-1_optimized-1.jpg","_links":{"self":[{"href":"https:\/\/radiorevelacionfm.cl\/index.php?rest_route=\/wp\/v2\/posts\/50944","targetHints":{"allow":["GET"]}}],"collection":[{"href":"https:\/\/radiorevelacionfm.cl\/index.php?rest_route=\/wp\/v2\/posts"}],"about":[{"href":"https:\/\/radiorevelacionfm.cl\/index.php?rest_route=\/wp\/v2\/types\/post"}],"author":[{"embeddable":true,"href":"https:\/\/radiorevelacionfm.cl\/index.php?rest_route=\/wp\/v2\/users\/1"}],"replies":[{"embeddable":true,"href":"https:\/\/radiorevelacionfm.cl\/index.php?rest_route=%2Fwp%2Fv2%2Fcomments&post=50944"}],"version-history":[{"count":1,"href":"https:\/\/radiorevelacionfm.cl\/index.php?rest_route=\/wp\/v2\/posts\/50944\/revisions"}],"predecessor-version":[{"id":50946,"href":"https:\/\/radiorevelacionfm.cl\/index.php?rest_route=\/wp\/v2\/posts\/50944\/revisions\/50946"}],"wp:featuredmedia":[{"embeddable":true,"href":"https:\/\/radiorevelacionfm.cl\/index.php?rest_route=\/wp\/v2\/media\/50945"}],"wp:attachment":[{"href":"https:\/\/radiorevelacionfm.cl\/index.php?rest_route=%2Fwp%2Fv2%2Fmedia&parent=50944"}],"wp:term":[{"taxonomy":"category","embeddable":true,"href":"https:\/\/radiorevelacionfm.cl\/index.php?rest_route=%2Fwp%2Fv2%2Fcategories&post=50944"},{"taxonomy":"post_tag","embeddable":true,"href":"https:\/\/radiorevelacionfm.cl\/index.php?rest_route=%2Fwp%2Fv2%2Ftags&post=50944"}],"curies":[{"name":"wp","href":"https:\/\/api.w.org\/{rel}","templated":true}]}}