{"id":50941,"date":"2025-02-26T18:40:48","date_gmt":"2025-02-26T21:40:48","guid":{"rendered":"https:\/\/radiorevelacionfm.cl\/?p=50941"},"modified":"2025-03-05T18:41:14","modified_gmt":"2025-03-05T21:41:14","slug":"promulgan-ley-de-modernizacion-de-escalafon-de-agentes-policiales","status":"publish","type":"post","link":"https:\/\/radiorevelacionfm.cl\/?p=50941","title":{"rendered":"Promulgan ley de modernizaci\u00f3n de escalaf\u00f3n de agentes policiales"},"content":{"rendered":"<div class=\"flex_column av_one_full  flex_column_div av-zero-column-padding first  avia-builder-el-0  el_before_av_one_full  avia-builder-el-first  \" style='border-radius:0px; '><div  class='avia-image-container  av-styling-    avia-builder-el-1  avia-builder-el-no-sibling  avia-align-center '  itemprop=\"image\" itemscope=\"itemscope\" itemtype=\"https:\/\/schema.org\/ImageObject\"  ><div class='avia-image-container-inner'><div class='avia-image-overlay-wrap'><img decoding=\"async\" class='wp-image-6578 avia-img-lazy-loading-not-6578 avia_image' src=\"https:\/\/radiorevelacionfm.cl\/wp-content\/uploads\/2021\/07\/PDI-detencion1-1.jpg\" alt='' title='PDI-detencion1 (1)' height=\"600\" width=\"778\"  itemprop=\"thumbnailUrl\" srcset=\"https:\/\/radiorevelacionfm.cl\/wp-content\/uploads\/2021\/07\/PDI-detencion1-1.jpg 778w, https:\/\/radiorevelacionfm.cl\/wp-content\/uploads\/2021\/07\/PDI-detencion1-1-300x231.jpg 300w, https:\/\/radiorevelacionfm.cl\/wp-content\/uploads\/2021\/07\/PDI-detencion1-1-768x592.jpg 768w, https:\/\/radiorevelacionfm.cl\/wp-content\/uploads\/2021\/07\/PDI-detencion1-1-705x544.jpg 705w, https:\/\/radiorevelacionfm.cl\/wp-content\/uploads\/2021\/07\/PDI-detencion1-1-600x463.jpg 600w\" sizes=\"(max-width: 778px) 100vw, 778px\" \/><\/div><\/div><\/div><\/div><div class=\"flex_column av_one_full  flex_column_div av-zero-column-padding first  avia-builder-el-2  el_after_av_one_full  el_before_av_one_full  column-top-margin\" style='border-radius:0px; '><section class=\"av_textblock_section \"  itemscope=\"itemscope\" itemtype=\"https:\/\/schema.org\/BlogPosting\" itemprop=\"blogPost\" ><div class='avia_textblock  '   itemprop=\"text\" ><p style=\"text-align: center;\"><strong><span style=\"font-size: 18pt;\">Promulgan ley de modernizaci\u00f3n de escalaf\u00f3n de agentes policiales<\/span><\/strong><\/p>\n<div id=\"gtx-trans\" style=\"position: absolute; left: -50px; top: 4.31534px;\">\n<div class=\"gtx-trans-icon\"><\/div>\n<\/div>\n<\/div><\/section><\/div><div class=\"flex_column av_one_full  flex_column_div av-zero-column-padding first  avia-builder-el-4  el_after_av_one_full  el_before_av_hr  column-top-margin\" style='border-radius:0px; '><section class=\"av_textblock_section \"  itemscope=\"itemscope\" itemtype=\"https:\/\/schema.org\/BlogPosting\" itemprop=\"blogPost\" ><div class='avia_textblock  '   itemprop=\"text\" ><p style=\"text-align: justify;\">Este 25 de marzo, el Presidente de la Rep\u00fablica Gabriel Boric Font, promulg\u00f3 la Ley que \u201cModifica diversos cuerpos legales, con el objeto de modernizar el escalaf\u00f3n de los Agentes Policiales de la Polic\u00eda de Investigaciones de Chile y su Estatuto del Personal, manifestando en su discurso que, este proyecto es importante en materia de seguridad y suscit\u00f3 un in\u00e9dito consenso y velocidad en el parlamento al ser aprobado por unanimidad. Asimismo, agradeci\u00f3\u00a0al Director General de la PDI, Eduardo Cerna Lozano, manifestando que, \u201ca prop\u00f3sito de los 250 cupos que tenemos hoy en d\u00eda\u00a0con este proyecto de ley que ya est\u00e1n implementados, hay 4.700 postulantes, lo que demuestra el prestigio de la Polic\u00eda de Investigaciones en la ciudadan\u00eda, el inter\u00e9s que genera en nuestros j\u00f3venes poder ser parte de esta instituci\u00f3n\u201d. En la misma l\u00ednea, el La m\u00e1xima autoridad Policial, coment\u00f3 que, \u201cLa promulgaci\u00f3n de esta ley para nosotros tiene efectos inmediatos, por cuanto al proceso de postulaci\u00f3n para el ingreso de los nuevos agentes policiales, con este nuevo marco estatutario, ha generado una alta convocatoria acudiendo a este llamado m\u00e1s de 4.300 hombres y mujeres, lo que refleja el inter\u00e9s por ser parte de nuestra instituci\u00f3n\u201d.<\/p>\n<p style=\"text-align: justify;\">La nueva Ley fortalece la carrera funcionaria incrementando de 950 Agentes Policiales a 4.022 en raz\u00f3n de 250 plazas por a\u00f1o, lo que representa un incremento cercano al 50% de la fuerza policial, lo que permitir\u00e1 robustecer los procesos investigativos. \u201cHoy es un d\u00eda hist\u00f3rico para la PDI. En nuestra Escuela de Investigaciones Policiales, el principal plantel formador de quienes en el futuro ser\u00e1n nuestra fuerza investigadora, su Excelencia el Presidente de la Rep\u00fablica promulg\u00f3 una Ley hist\u00f3rica para nuestra instituci\u00f3n que moderniza el escalaf\u00f3n de Agentes Policiales. Esta ley no es solo un cambio normativo. Ella representa el mayor incremento en la dotaci\u00f3n del personal en nuestros casi 92 a\u00f1os de historia institucional\u201d, detall\u00f3 el Director general de la PDI.<\/p>\n<p style=\"text-align: justify;\">Este incremento permitir\u00e1 ampliar la capacidad de respuesta de las distintas \u00e1reas, como lo son los equipos recolectores de evidencia, el control migratorio, los centros de toma de denuncias, la seguridad de nuestros cuarteles, los equipos de operaciones especiales, los recursos criminal\u00edsticos, gu\u00edas caninos, operadores de aeronaves no tripuladas, entre otros.<\/p>\n<\/div><\/section><\/div><div  style='height:50px' class='hr hr-invisible   avia-builder-el-6  el_after_av_one_full  el_before_av_social_share '><span class='hr-inner ' ><span class='hr-inner-style'><\/span><\/span><\/div><\/p>\n<div  class='av-social-sharing-box  avia-builder-el-7  el_after_av_hr  el_before_av_hr  '><div class='av-share-box'><h5 class='av-share-link-description av-no-toc '>Compartir esta noticia<\/h5><ul class='av-share-box-list noLightbox'><li class='av-share-link av-social-link-facebook' ><a target=\"_blank\" aria-label=\"Compartir en Facebook\" href='https:\/\/www.facebook.com\/sharer.php?u=https:\/\/radiorevelacionfm.cl\/?p=50941&#038;t=Promulgan%20ley%20de%20modernizaci%C3%B3n%20de%20escalaf%C3%B3n%20de%20agentes%20policiales' aria-hidden='false' data-av_icon='\ue8f3' data-av_iconfont='entypo-fontello' title='' data-avia-related-tooltip='Compartir en Facebook' rel=\"noopener\"><span class='avia_hidden_link_text'>Compartir en Facebook<\/span><\/a><\/li><li class='av-share-link av-social-link-twitter' ><a target=\"_blank\" aria-label=\"Compartir en Twitter\" href='https:\/\/twitter.com\/share?text=Promulgan%20ley%20de%20modernizaci%C3%B3n%20de%20escalaf%C3%B3n%20de%20agentes%20policiales&#038;url=https:\/\/radiorevelacionfm.cl\/?p=50941' aria-hidden='false' data-av_icon='\ue8f1' data-av_iconfont='entypo-fontello' title='' data-avia-related-tooltip='Compartir en Twitter' rel=\"noopener\"><span class='avia_hidden_link_text'>Compartir en Twitter<\/span><\/a><\/li><li class='av-share-link av-social-link-whatsapp' ><a target=\"_blank\" aria-label=\"Compartir en Whatsapp\" href='https:\/\/api.whatsapp.com\/send?text=https:\/\/radiorevelacionfm.cl\/?p=50941' aria-hidden='false' data-av_icon='\uf232' data-av_iconfont='entypo-fontello' title='' data-avia-related-tooltip='Compartir en Whatsapp' rel=\"noopener\"><span class='avia_hidden_link_text'>Compartir en Whatsapp<\/span><\/a><\/li><li class='av-share-link av-social-link-linkedin' ><a target=\"_blank\" aria-label=\"Compartir en LinkedIn\" href='https:\/\/linkedin.com\/shareArticle?mini=true&#038;title=Promulgan%20ley%20de%20modernizaci%C3%B3n%20de%20escalaf%C3%B3n%20de%20agentes%20policiales&#038;url=https:\/\/radiorevelacionfm.cl\/?p=50941' aria-hidden='false' data-av_icon='\ue8fc' data-av_iconfont='entypo-fontello' title='' data-avia-related-tooltip='Compartir en LinkedIn' rel=\"noopener\"><span class='avia_hidden_link_text'>Compartir en LinkedIn<\/span><\/a><\/li><li class='av-share-link av-social-link-mail' ><a  aria-label=\"Compartir por correo\" href='mailto:?subject=Promulgan%20ley%20de%20modernizaci%C3%B3n%20de%20escalaf%C3%B3n%20de%20agentes%20policiales&#038;body=https:\/\/radiorevelacionfm.cl\/?p=50941' aria-hidden='false' data-av_icon='\ue805' data-av_iconfont='entypo-fontello' title='' data-avia-related-tooltip='Compartir por correo'><span class='avia_hidden_link_text'>Compartir por correo<\/span><\/a><\/li><\/ul><\/div><\/div>\n<div  style='height:50px' class='hr hr-invisible   avia-builder-el-8  el_after_av_social_share  el_before_av_comments_list '><span class='hr-inner ' ><span class='hr-inner-style'><\/span><\/span><\/div>\n<div  class='av-buildercomment  av-blog-meta-html-info-disabled av-blog-meta-tag-disabled  '><\/div>\n","protected":false},"excerpt":{"rendered":"","protected":false},"author":1,"featured_media":6578,"comment_status":"open","ping_status":"open","sticky":false,"template":"","format":"standard","meta":{"footnotes":""},"categories":[36],"tags":[],"class_list":["post-50941","post","type-post","status-publish","format-standard","has-post-thumbnail","hentry","category-policial"],"jetpack_featured_media_url":"https:\/\/radiorevelacionfm.cl\/wp-content\/uploads\/2021\/07\/PDI-detencion1-1.jpg","_links":{"self":[{"href":"https:\/\/radiorevelacionfm.cl\/index.php?rest_route=\/wp\/v2\/posts\/50941","targetHints":{"allow":["GET"]}}],"collection":[{"href":"https:\/\/radiorevelacionfm.cl\/index.php?rest_route=\/wp\/v2\/posts"}],"about":[{"href":"https:\/\/radiorevelacionfm.cl\/index.php?rest_route=\/wp\/v2\/types\/post"}],"author":[{"embeddable":true,"href":"https:\/\/radiorevelacionfm.cl\/index.php?rest_route=\/wp\/v2\/users\/1"}],"replies":[{"embeddable":true,"href":"https:\/\/radiorevelacionfm.cl\/index.php?rest_route=%2Fwp%2Fv2%2Fcomments&post=50941"}],"version-history":[{"count":1,"href":"https:\/\/radiorevelacionfm.cl\/index.php?rest_route=\/wp\/v2\/posts\/50941\/revisions"}],"predecessor-version":[{"id":50942,"href":"https:\/\/radiorevelacionfm.cl\/index.php?rest_route=\/wp\/v2\/posts\/50941\/revisions\/50942"}],"wp:featuredmedia":[{"embeddable":true,"href":"https:\/\/radiorevelacionfm.cl\/index.php?rest_route=\/wp\/v2\/media\/6578"}],"wp:attachment":[{"href":"https:\/\/radiorevelacionfm.cl\/index.php?rest_route=%2Fwp%2Fv2%2Fmedia&parent=50941"}],"wp:term":[{"taxonomy":"category","embeddable":true,"href":"https:\/\/radiorevelacionfm.cl\/index.php?rest_route=%2Fwp%2Fv2%2Fcategories&post=50941"},{"taxonomy":"post_tag","embeddable":true,"href":"https:\/\/radiorevelacionfm.cl\/index.php?rest_route=%2Fwp%2Fv2%2Ftags&post=50941"}],"curies":[{"name":"wp","href":"https:\/\/api.w.org\/{rel}","templated":true}]}}