{"id":50935,"date":"2025-02-27T12:10:53","date_gmt":"2025-02-27T15:10:53","guid":{"rendered":"https:\/\/radiorevelacionfm.cl\/?p=50935"},"modified":"2025-02-27T12:10:53","modified_gmt":"2025-02-27T15:10:53","slug":"villa-frei-avanza-en-la-concrecion-de-su-proyecto-habitacional-con-financiamiento-adicional","status":"publish","type":"post","link":"https:\/\/radiorevelacionfm.cl\/?p=50935","title":{"rendered":"Villa Frei avanza en la concreci\u00f3n de su proyecto habitacional con financiamiento adicional"},"content":{"rendered":"<div class=\"flex_column av_one_full  flex_column_div av-zero-column-padding first  avia-builder-el-0  el_before_av_one_full  avia-builder-el-first  \" style='border-radius:0px; '><div  class='avia-image-container  av-styling-    avia-builder-el-1  avia-builder-el-no-sibling  avia-align-center '  itemprop=\"image\" itemscope=\"itemscope\" itemtype=\"https:\/\/schema.org\/ImageObject\"  ><div class='avia-image-container-inner'><div class='avia-image-overlay-wrap'><img decoding=\"async\" class='wp-image-50936 avia-img-lazy-loading-not-50936 avia_image' src=\"https:\/\/radiorevelacionfm.cl\/wp-content\/uploads\/2025\/02\/foto-grupal-4-1_optimized.jpg\" alt='' title='foto-grupal-(4)-(1)_optimized' height=\"600\" width=\"1067\"  itemprop=\"thumbnailUrl\" srcset=\"https:\/\/radiorevelacionfm.cl\/wp-content\/uploads\/2025\/02\/foto-grupal-4-1_optimized.jpg 1067w, https:\/\/radiorevelacionfm.cl\/wp-content\/uploads\/2025\/02\/foto-grupal-4-1_optimized-300x169.jpg 300w, https:\/\/radiorevelacionfm.cl\/wp-content\/uploads\/2025\/02\/foto-grupal-4-1_optimized-1030x579.jpg 1030w, https:\/\/radiorevelacionfm.cl\/wp-content\/uploads\/2025\/02\/foto-grupal-4-1_optimized-768x432.jpg 768w, https:\/\/radiorevelacionfm.cl\/wp-content\/uploads\/2025\/02\/foto-grupal-4-1_optimized-705x396.jpg 705w, https:\/\/radiorevelacionfm.cl\/wp-content\/uploads\/2025\/02\/foto-grupal-4-1_optimized-450x253.jpg 450w, https:\/\/radiorevelacionfm.cl\/wp-content\/uploads\/2025\/02\/foto-grupal-4-1_optimized-600x337.jpg 600w\" sizes=\"(max-width: 1067px) 100vw, 1067px\" \/><\/div><\/div><\/div><\/div><div class=\"flex_column av_one_full  flex_column_div av-zero-column-padding first  avia-builder-el-2  el_after_av_one_full  el_before_av_one_full  column-top-margin\" style='border-radius:0px; '><section class=\"av_textblock_section \"  itemscope=\"itemscope\" itemtype=\"https:\/\/schema.org\/BlogPosting\" itemprop=\"blogPost\" ><div class='avia_textblock  '   itemprop=\"text\" ><p style=\"text-align: center;\"><span style=\"font-size: 18pt;\"><strong>Villa Frei avanza en la concreci\u00f3n de su proyecto habitacional con financiamiento adicional<\/strong><\/span><\/p>\n<div id=\"gtx-trans\" style=\"position: absolute; left: -50px; top: 4.31534px;\">\n<div class=\"gtx-trans-icon\"><\/div>\n<\/div>\n<\/div><\/section><\/div><div class=\"flex_column av_one_full  flex_column_div av-zero-column-padding first  avia-builder-el-4  el_after_av_one_full  el_before_av_hr  column-top-margin\" style='border-radius:0px; '><section class=\"av_textblock_section \"  itemscope=\"itemscope\" itemtype=\"https:\/\/schema.org\/BlogPosting\" itemprop=\"blogPost\" ><div class='avia_textblock  '   itemprop=\"text\" ><p style=\"text-align: justify;\">Un importante paso se dio para el desarrollo del proyecto habitacional de Villa Frei, donde 100 familias de los comit\u00e9s <em>Ilusi\u00f3n de Villa Frei<\/em>, <em>Tehuelche<\/em> y <em>Caminando por un Sue\u00f1o<\/em> podr\u00e1n acceder a la casa propia. Gracias a la aprobaci\u00f3n de un financiamiento adicional de m\u00e1s de <strong>2.271 millones de pesos<\/strong> provenientes del Fondo Nacional de Desarrollo Regional (FNDR), se garantizar\u00e1 la implementaci\u00f3n de obras sanitarias fundamentales de la red de alcantarillado, como colectores de aguas servidas y una planta de tratamiento de aguas servidas.<\/p>\n<p style=\"text-align: justify;\">El Gobernador Regional de Ays\u00e9n, <strong>Marcelo Santana<\/strong>, destac\u00f3 la importancia de este financiamiento para completar el presupuesto total del proyecto, que asciende a m\u00e1s de <strong>10.000 millones de pesos<\/strong>. \u201cEstamos contentos por las familias de estos tres comit\u00e9s que van a tener su vivienda. Este es un esfuerzo conjunto entre el Ministerio de Vivienda y Urbanismo, el Gobierno Regional y los propios comit\u00e9s. Esperamos que los permisos municipales se agilicen para iniciar las obras en el segundo semestre de este a\u00f1o y que el pr\u00f3ximo a\u00f1o podamos ver la entrega de estas viviendas\u201d, afirm\u00f3.<\/p>\n<p style=\"text-align: justify;\">Por su parte, la Seremi (s) de Vivienda y Urbanismo, <strong>Natacha Pot<\/strong>, valor\u00f3 el aporte del FNDR, que complementa los <strong>8.388 millones de pesos<\/strong> ya asignados la semana pasada por el Minvu a trav\u00e9s de subsidios del Fondo Solidario de Elecci\u00f3n de Vivienda (D.S. 49). \u201cEste financiamiento adicional nos permitir\u00e1 dar inicio a las obras en los pr\u00f3ximos meses. Adem\u00e1s, la infraestructura sanitaria que se ejecutar\u00e1 con este proyecto habitacional, podr\u00e1 beneficiar a futuro tambi\u00e9n a las <strong>70 viviendas existentes<\/strong> en Villa Frei, mejorando la calidad de vida de m\u00e1s familias en la localidad\u201d, explic\u00f3.<\/p>\n<p style=\"text-align: justify;\">Desde el Consejo Regional, la <strong>consejera Marisol Mart\u00ednez<\/strong> destac\u00f3 el compromiso del organismo con la vivienda y el bienestar de la comunidad. \u201cEstamos felices de poder aportar a la calidad de vida de 100 familias nuevas y, a futuro, a las 70 familias que ya residen en Villa Frei. Este proyecto no solo significa la concreci\u00f3n del sue\u00f1o de la casa propia, sino tambi\u00e9n el acceso a un alcantarillado acorde a las necesidades de cualquier familia de la regi\u00f3n\u201d, se\u00f1al\u00f3.<\/p>\n<p style=\"text-align: justify;\">Finalmente, la presidenta del comit\u00e9 <em>Ilusi\u00f3n de Villa Frei<\/em>, <strong>Viviana Rauque<\/strong>, expres\u00f3 su emoci\u00f3n por este avance. \u201cEstamos muy contentos con la aprobaci\u00f3n de la planta de tratamiento, es un gran logro para nuestra comunidad. Esto nos acerca al sue\u00f1o de tener nuestra casa y, adem\u00e1s, permitir\u00e1 que m\u00e1s familias puedan acceder a servicios b\u00e1sicos como el alcantarillado\u201d, manifest\u00f3.<\/p>\n<p style=\"text-align: justify;\">Con estos recursos ya asegurados, se espera que el proyecto habitacional de Villa Frei inicie su ejecuci\u00f3n dentro de los pr\u00f3ximos meses, marcando un hito para el desarrollo urbano y social de la zona.<\/p>\n<\/div><\/section><\/div><div  style='height:50px' class='hr hr-invisible   avia-builder-el-6  el_after_av_one_full  el_before_av_social_share '><span class='hr-inner ' ><span class='hr-inner-style'><\/span><\/span><\/div><\/p>\n<div  class='av-social-sharing-box  avia-builder-el-7  el_after_av_hr  el_before_av_hr  '><div class='av-share-box'><h5 class='av-share-link-description av-no-toc '>Compartir esta noticia<\/h5><ul class='av-share-box-list noLightbox'><li class='av-share-link av-social-link-facebook' ><a target=\"_blank\" aria-label=\"Compartir en Facebook\" href='https:\/\/www.facebook.com\/sharer.php?u=https:\/\/radiorevelacionfm.cl\/?p=50935&#038;t=Villa%20Frei%20avanza%20en%20la%20concreci%C3%B3n%20de%20su%20proyecto%20habitacional%20con%20financiamiento%20adicional' aria-hidden='false' data-av_icon='\ue8f3' data-av_iconfont='entypo-fontello' title='' data-avia-related-tooltip='Compartir en Facebook' rel=\"noopener\"><span class='avia_hidden_link_text'>Compartir en Facebook<\/span><\/a><\/li><li class='av-share-link av-social-link-twitter' ><a target=\"_blank\" aria-label=\"Compartir en Twitter\" href='https:\/\/twitter.com\/share?text=Villa%20Frei%20avanza%20en%20la%20concreci%C3%B3n%20de%20su%20proyecto%20habitacional%20con%20financiamiento%20adicional&#038;url=https:\/\/radiorevelacionfm.cl\/?p=50935' aria-hidden='false' data-av_icon='\ue8f1' data-av_iconfont='entypo-fontello' title='' data-avia-related-tooltip='Compartir en Twitter' rel=\"noopener\"><span class='avia_hidden_link_text'>Compartir en Twitter<\/span><\/a><\/li><li class='av-share-link av-social-link-whatsapp' ><a target=\"_blank\" aria-label=\"Compartir en Whatsapp\" href='https:\/\/api.whatsapp.com\/send?text=https:\/\/radiorevelacionfm.cl\/?p=50935' aria-hidden='false' data-av_icon='\uf232' data-av_iconfont='entypo-fontello' title='' data-avia-related-tooltip='Compartir en Whatsapp' rel=\"noopener\"><span class='avia_hidden_link_text'>Compartir en Whatsapp<\/span><\/a><\/li><li class='av-share-link av-social-link-linkedin' ><a target=\"_blank\" aria-label=\"Compartir en LinkedIn\" href='https:\/\/linkedin.com\/shareArticle?mini=true&#038;title=Villa%20Frei%20avanza%20en%20la%20concreci%C3%B3n%20de%20su%20proyecto%20habitacional%20con%20financiamiento%20adicional&#038;url=https:\/\/radiorevelacionfm.cl\/?p=50935' aria-hidden='false' data-av_icon='\ue8fc' data-av_iconfont='entypo-fontello' title='' data-avia-related-tooltip='Compartir en LinkedIn' rel=\"noopener\"><span class='avia_hidden_link_text'>Compartir en LinkedIn<\/span><\/a><\/li><li class='av-share-link av-social-link-mail' ><a  aria-label=\"Compartir por correo\" href='mailto:?subject=Villa%20Frei%20avanza%20en%20la%20concreci%C3%B3n%20de%20su%20proyecto%20habitacional%20con%20financiamiento%20adicional&#038;body=https:\/\/radiorevelacionfm.cl\/?p=50935' aria-hidden='false' data-av_icon='\ue805' data-av_iconfont='entypo-fontello' title='' data-avia-related-tooltip='Compartir por correo'><span class='avia_hidden_link_text'>Compartir por correo<\/span><\/a><\/li><\/ul><\/div><\/div>\n<div  style='height:50px' class='hr hr-invisible   avia-builder-el-8  el_after_av_social_share  el_before_av_comments_list '><span class='hr-inner ' ><span class='hr-inner-style'><\/span><\/span><\/div>\n<div  class='av-buildercomment  av-blog-meta-html-info-disabled av-blog-meta-tag-disabled  '><\/div>\n","protected":false},"excerpt":{"rendered":"","protected":false},"author":1,"featured_media":50936,"comment_status":"open","ping_status":"open","sticky":false,"template":"","format":"standard","meta":{"footnotes":""},"categories":[57],"tags":[],"class_list":["post-50935","post","type-post","status-publish","format-standard","has-post-thumbnail","hentry","category-vivienda"],"jetpack_featured_media_url":"https:\/\/radiorevelacionfm.cl\/wp-content\/uploads\/2025\/02\/foto-grupal-4-1_optimized.jpg","_links":{"self":[{"href":"https:\/\/radiorevelacionfm.cl\/index.php?rest_route=\/wp\/v2\/posts\/50935","targetHints":{"allow":["GET"]}}],"collection":[{"href":"https:\/\/radiorevelacionfm.cl\/index.php?rest_route=\/wp\/v2\/posts"}],"about":[{"href":"https:\/\/radiorevelacionfm.cl\/index.php?rest_route=\/wp\/v2\/types\/post"}],"author":[{"embeddable":true,"href":"https:\/\/radiorevelacionfm.cl\/index.php?rest_route=\/wp\/v2\/users\/1"}],"replies":[{"embeddable":true,"href":"https:\/\/radiorevelacionfm.cl\/index.php?rest_route=%2Fwp%2Fv2%2Fcomments&post=50935"}],"version-history":[{"count":1,"href":"https:\/\/radiorevelacionfm.cl\/index.php?rest_route=\/wp\/v2\/posts\/50935\/revisions"}],"predecessor-version":[{"id":50937,"href":"https:\/\/radiorevelacionfm.cl\/index.php?rest_route=\/wp\/v2\/posts\/50935\/revisions\/50937"}],"wp:featuredmedia":[{"embeddable":true,"href":"https:\/\/radiorevelacionfm.cl\/index.php?rest_route=\/wp\/v2\/media\/50936"}],"wp:attachment":[{"href":"https:\/\/radiorevelacionfm.cl\/index.php?rest_route=%2Fwp%2Fv2%2Fmedia&parent=50935"}],"wp:term":[{"taxonomy":"category","embeddable":true,"href":"https:\/\/radiorevelacionfm.cl\/index.php?rest_route=%2Fwp%2Fv2%2Fcategories&post=50935"},{"taxonomy":"post_tag","embeddable":true,"href":"https:\/\/radiorevelacionfm.cl\/index.php?rest_route=%2Fwp%2Fv2%2Ftags&post=50935"}],"curies":[{"name":"wp","href":"https:\/\/api.w.org\/{rel}","templated":true}]}}