{"id":50932,"date":"2025-02-26T18:59:16","date_gmt":"2025-02-26T21:59:16","guid":{"rendered":"https:\/\/radiorevelacionfm.cl\/?p=50932"},"modified":"2025-02-26T18:59:16","modified_gmt":"2025-02-26T21:59:16","slug":"rallymobil-regresa-a-la-region-de-aysen-tras-12-anos","status":"publish","type":"post","link":"https:\/\/radiorevelacionfm.cl\/?p=50932","title":{"rendered":"Rallymobil regresa a la regi\u00f3n de Ays\u00e9n tras 12 a\u00f1os"},"content":{"rendered":"<div class=\"flex_column av_one_full  flex_column_div av-zero-column-padding first  avia-builder-el-0  el_before_av_one_full  avia-builder-el-first  \" style='border-radius:0px; '><div  class='avia-image-container  av-styling-    avia-builder-el-1  avia-builder-el-no-sibling  avia-align-center '  itemprop=\"image\" itemscope=\"itemscope\" itemtype=\"https:\/\/schema.org\/ImageObject\"  ><div class='avia-image-container-inner'><div class='avia-image-overlay-wrap'><img decoding=\"async\" class='wp-image-50933 avia-img-lazy-loading-not-50933 avia_image' src=\"https:\/\/radiorevelacionfm.cl\/wp-content\/uploads\/2025\/02\/copec-rally-mobil_coyhaique-4-1_optimized-1.jpg\" alt='' title='copec-rally-mobil_coyhaique-4-(1)_optimized (1)' height=\"600\" width=\"1065\"  itemprop=\"thumbnailUrl\" srcset=\"https:\/\/radiorevelacionfm.cl\/wp-content\/uploads\/2025\/02\/copec-rally-mobil_coyhaique-4-1_optimized-1.jpg 1065w, https:\/\/radiorevelacionfm.cl\/wp-content\/uploads\/2025\/02\/copec-rally-mobil_coyhaique-4-1_optimized-1-300x169.jpg 300w, https:\/\/radiorevelacionfm.cl\/wp-content\/uploads\/2025\/02\/copec-rally-mobil_coyhaique-4-1_optimized-1-1030x580.jpg 1030w, https:\/\/radiorevelacionfm.cl\/wp-content\/uploads\/2025\/02\/copec-rally-mobil_coyhaique-4-1_optimized-1-768x433.jpg 768w, https:\/\/radiorevelacionfm.cl\/wp-content\/uploads\/2025\/02\/copec-rally-mobil_coyhaique-4-1_optimized-1-705x397.jpg 705w, https:\/\/radiorevelacionfm.cl\/wp-content\/uploads\/2025\/02\/copec-rally-mobil_coyhaique-4-1_optimized-1-450x254.jpg 450w, https:\/\/radiorevelacionfm.cl\/wp-content\/uploads\/2025\/02\/copec-rally-mobil_coyhaique-4-1_optimized-1-600x338.jpg 600w\" sizes=\"(max-width: 1065px) 100vw, 1065px\" \/><\/div><\/div><\/div><\/div><div class=\"flex_column av_one_full  flex_column_div av-zero-column-padding first  avia-builder-el-2  el_after_av_one_full  el_before_av_one_full  column-top-margin\" style='border-radius:0px; '><section class=\"av_textblock_section \"  itemscope=\"itemscope\" itemtype=\"https:\/\/schema.org\/BlogPosting\" itemprop=\"blogPost\" ><div class='avia_textblock  '   itemprop=\"text\" ><p style=\"text-align: center;\"><strong><span style=\"font-size: 18pt;\">Rallymobil regresa a la regi\u00f3n de Ays\u00e9n tras 12 a\u00f1os<\/span><\/strong><\/p>\n<div id=\"gtx-trans\" style=\"position: absolute; left: -50px; top: 4.31534px;\">\n<div class=\"gtx-trans-icon\"><\/div>\n<\/div>\n<\/div><\/section><\/div><div class=\"flex_column av_one_full  flex_column_div av-zero-column-padding first  avia-builder-el-4  el_after_av_one_full  el_before_av_hr  column-top-margin\" style='border-radius:0px; '><section class=\"av_textblock_section \"  itemscope=\"itemscope\" itemtype=\"https:\/\/schema.org\/BlogPosting\" itemprop=\"blogPost\" ><div class='avia_textblock  '   itemprop=\"text\" ><div class=\"v1m_1223694260375300415WordSection1\" style=\"text-align: justify;\"><em>En el marco de celebraci\u00f3n de sus 90 a\u00f1os de historia, Copec anunci\u00f3 junto autoridades locales y organizadores del evento, el regreso del Copec RallyMobil a la regi\u00f3n de Ays\u00e9n tras doce a\u00f1os.<\/em><\/div>\n<div class=\"v1m_1223694260375300415WordSection1\">\n<p class=\"v1MsoNormal\" style=\"text-align: justify;\"><span lang=\"ES-AR\">En una ceremonia que se realiz\u00f3 en la Plaza de Armas de Coyhaique, se inform\u00f3 que\u00a0<\/span>la competencia se disputar\u00e1 entre el 10 y el 12 de octubre de 2025, con Coyhaique como escenario de la s\u00e9ptima fecha del campeonato, marcando su quinta edici\u00f3n en la regi\u00f3n (2005, 2006, 2008, 2013 y 2025).<\/p>\n<p class=\"v1MsoNormal\" style=\"text-align: justify;\"><span lang=\"ES-AR\">En la instancia, se destaco\u0301 que la llegada del Copec RallyMobil no solo traera\u0301 adrenalina y velocidad, sino que tambie\u0301n consolidara\u0301 una puesta en escena de alto nivel, con un impacto positivo para la comunidad y la actividad turi\u0301stica\u00a0de\u00a0la\u00a0regio\u0301n.<\/span><\/p>\n<p class=\"v1MsoNormal\" style=\"text-align: justify;\"><span lang=\"ES-AR\">El Gobernador Regional de Ays\u00e9n, Marcelo Santana Vargas, encabez\u00f3 la actividad enfatizando que \u00ab<i>Quiero agradecer a todos los que hacen posible que el rally regrese tras 12 a\u00f1os a nuestra regi\u00f3n. El rally le hace bien a Ays\u00e9n, reactiva e impulsa la econom\u00eda local.\u00a0 Con esta fecha queremos potenciar el turismo y el comercio en el mes de octubre para lograr romper la estacionalidad, as\u00ed que estamos muy felices. Adem\u00e1s, el evento se desarrollar\u00e1 en las comunas de Ays\u00e9n y Coyhaique, donde esperamos impulsar el desarrollo productivo\u00bb.<\/i><\/span><\/p>\n<p class=\"v1MsoNormal\" style=\"text-align: justify;\"><span lang=\"ES-AR\">En representaci\u00f3n del Delegado Presidencial Regional de Ays\u00e9n, el Seremi de Econom\u00eda, Felipe Rojas Pizarro, se uni\u00f3 a las palabras del Gobernador, resaltando tambi\u00e9n los aspectos positivos de la fecha que se disputar\u00e1 en octubre. \u00ab<i>Estamos comprometidos en seguir reactivando la econom\u00eda regional y el rally viene a empujar eso y adelantar la temporada, por lo que se agradece el esfuerzo y trabajo de todos los involucrados\u00bb.<\/i><\/span><\/p>\n<p class=\"v1MsoNormal\" style=\"text-align: justify;\"><span lang=\"ES-AR\">Vale destacar que el rally es un deporte que se entrega al p\u00fablico de forma 100% gratuita, donde los asistentes no deben pagar un ticket ni comprar una entrada, y su pago es simplemente disfrutando del evento y siguiendo las instrucciones de seguridad para ver la carrera, para as\u00ed no poner en riesgo la integridad de nadie. En base a eso, Mar\u00eda Eugenia Dur\u00e1n, Seremi del Deporte de Ays\u00e9n, indic\u00f3 que \u00abEl Ministro de Deportes, Jaime Pizarro, est\u00e1 muy contento de apoyar las distintas fechas del rally y por la idea de descentralizar este evento. El rally pone sin duda a Ays\u00e9n como un destino tur\u00edstico que va a recibir adem\u00e1s a diferentes deportistas de distintos pa\u00edses que nos vienen a visitar\u00bb.<\/span><\/p>\n<p class=\"v1MsoNormal\" style=\"text-align: justify;\"><span lang=\"ES-AR\">En la realizaci\u00f3n de la fecha en el mes de octubre, dos ser\u00e1n las ciudades de la Regi\u00f3n de Ays\u00e9n que jugar\u00e1n un rol clave como due\u00f1as de casa: Coyhaique y Ays\u00e9n. Es por ello, que ambas Municipalidades se mostraron sumamente entusiasmadas con la llegada del Copec RallyMobil a sus ciudades. En primera instancia, Carlos Gatica Villegas, alcalde de Coyhaique, se\u00f1al\u00f3 que \u00ab<i>Estamos felices de recibir esta fecha (&#8230;) El rally llega cuando nuestra comuna va a cumplir 96 a\u00f1os y eso nos llena de orgullo y agradecimientos, porque esto nos ayuda mucho a levantar nuestra comuna y regi\u00f3n, as\u00ed que a celebrar y a apoyar esta hermosa actividad<\/i>\u00ab. Muy similar fue la visi\u00f3n de Felisa Ojeda, Administradora Municipal, quien agreg\u00f3 que: \u00ab<i>El alcalde Luis Mart\u00ednez Gallardo hizo grandes esfuerzos para incorporar a Ays\u00e9n a esta iniciativa. Estamos convencidos que el turismo deportivo es una excelente v\u00eda para generar activos. Nosotros como comuna tenemos hermosos paisajes: la Laguna San Rafael, cascadas, lagos, rutas; que son una ventana para abrir el turismo de la zona\u00bb.<\/i><\/span><\/p>\n<p class=\"v1MsoNormal\" style=\"text-align: justify;\"><span lang=\"ES-AR\">Juan Pablo Do\u00f1as, Gerente de Asuntos P\u00fablicos de Copec, posteriormente tom\u00f3 la palabra para analizar la realizaci\u00f3n continua por 25 a\u00f1os de esta competencia apoyada desde el d\u00eda uno por Copec: \u00ab<i>Este a\u00f1o celebramos 90 a\u00f1os impulsando el movimiento de las personas, las empresas y el pa\u00eds, con un compromiso firme con las zonas m\u00e1s aisladas. Prueba de ello es la conmemoraci\u00f3n de los 50 a\u00f1os desde que instalamos el primer surtidor en la Carretera Austral, en Chait\u00e9n, y que hoy ya forma parte de una red de 18 estaciones de servicio en la zona. Con la misma pasi\u00f3n, llevamos 25 a\u00f1os acompa\u00f1ando al Copec RallyMobil, un evento que no solo acerca el automovilismo de primer nivel a los chilenos, sino que impulsa el desarrollo y turismo local. Hoy reafirmamos ese compromiso trayendo nuevamente el rally a Ays\u00e9n, una fecha que reunir\u00e1 a miles de espectadores y proyectar\u00e1 la regi\u00f3n al mundo\u00bb.<\/i><\/span><\/p>\n<p class=\"v1MsoNormal\" style=\"text-align: justify;\"><span lang=\"ES-AR\">La seguridad siempre es un punto clave en el \u00e9xito y continuidad de este evento en cualquier lugar d\u00f3nde vaya. Por eso, Carabineros de Chile se est\u00e1 preparando desde ya en la Regi\u00f3n de Ays\u00e9n para garantizar se cumpla con esos est\u00e1ndares:\u00a0<i>\u00abQueremos dar en nombre de nuestra Instituci\u00f3n la tranquilidad de que este rally se realizar\u00e1 de forma segura. Es un evento tremendamente importante para nuestra regi\u00f3n, por lo que se est\u00e1 trabajando en conjunto las coordinaciones de seguridad para que todo salga bien y se puedan seguir realizando estas actividades\u00bb,\u00a0<\/i>coment\u00f3 el\u00a0<\/span>General Eduardo Palma Fuentes, Jefe de la XI zona de Carabineros de Chile de Ays\u00e9n.<i><\/i><\/p>\n<p class=\"v1MsoNormal\" style=\"text-align: justify;\">Sin dudas los beneficios econ\u00f3micos que el campeonato genera para las comunidades a las que llega, es uno de los aspectos que m\u00e1s destacan las autoridades y habitantes de las comunas. \u00ab<i>La econom\u00eda es compleja en Ays\u00e9n, por lo que eventos como este le hacen muy bien a nuestras personas y comercio\u00bb,<\/i>\u00a0mencion\u00f3 el Presidente de la Comisi\u00f3n Fomento Productivo del Core, Eligio Montecinos.<\/p>\n<p class=\"v1MsoNormal\" style=\"text-align: justify;\">Por su parte, el Consejero Regional de Fomento Productivo del Core, Pablo Guglielme, aprovech\u00f3 la instancia para realizar un llamado a las PYMES para estar listas ante la pr\u00f3xima llegada del rally en octubre:<i>\u00a0\u00abTenemos siete meses para poder organizarnos y prepararnos para recibir a mucha gente que va a venir para disfrutar de esta fiesta del Copec RallyMobil. Es importante empezar a activarnos en t\u00e9rminos de comercio, turismo y gastronom\u00eda. Somos la regi\u00f3n m\u00e1s linda de nuestro pa\u00eds y estamos muy contentos de poder recibir este evento<\/i>\u00ab.<i><\/i><\/p>\n<p class=\"v1MsoNormal\" style=\"text-align: justify;\"><span lang=\"ES-AR\">El arribo de personas de todo Chile, de los equipos y de la organizaci\u00f3n del campeonato, es un hecho que entusiasma, pues tendr\u00e1 un gran impacto en la econom\u00eda local. As\u00ed lo destac\u00f3 Claudio Montecinos Angulo, Director Regional de Sernatur Ays\u00e9n. \u00ab<i>La realizaci\u00f3n del Copec RallyMobil es una muy buena noticia para el turismo. Se trata de una prestigiosa competencia nacional y mundial que nos va a permitir mostrar nuestro destino y activar la econom\u00eda regional. Estamos muy contentos. Adem\u00e1s, este evento permite desestacionalizar nuestra temporada de turismo en un mes que estamos iniciando la temporada alta\u00bb.<\/i><\/span><\/p>\n<p class=\"v1MsoNormal\" style=\"text-align: justify;\"><span lang=\"ES-AR\">Finalmente, el productor general del Copec RallyMobil, Felipe Horta C\u00e1ceres, destac\u00f3 la implicancia que tiene que este campeonato se realice en una zona como Coyhaique y Ays\u00e9n y anunci\u00f3 novedades: \u00abEstoy muy emocionado. Regresamos a una regi\u00f3n hermosa con lugares \u00fanicos en el planeta. Este evento tiene un impacto que va m\u00e1s all\u00e1 de ser una carrera de autos, y se ha convertido en un fen\u00f3meno social con la gratuidad, el cuidado del medio ambiente y c\u00f3mo trabajamos con los emprendedores. Vamos a venir con sorpresas que son muy importantes. En el \u00e1mbito motor, la primera gran noticia es que para los clubes deportivos de Ays\u00e9n, tenemos un auto preparado para que un binomio (piloto y navegante) de la regi\u00f3n puedan correr en el campeonato en una fecha oficial.\u00bb<\/span><\/p>\n<\/div>\n<\/div><\/section><\/div><div  style='height:50px' class='hr hr-invisible   avia-builder-el-6  el_after_av_one_full  el_before_av_social_share '><span class='hr-inner ' ><span class='hr-inner-style'><\/span><\/span><\/div><\/p>\n<div  class='av-social-sharing-box  avia-builder-el-7  el_after_av_hr  el_before_av_hr  '><div class='av-share-box'><h5 class='av-share-link-description av-no-toc '>Compartir esta noticia<\/h5><ul class='av-share-box-list noLightbox'><li class='av-share-link av-social-link-facebook' ><a target=\"_blank\" aria-label=\"Compartir en Facebook\" href='https:\/\/www.facebook.com\/sharer.php?u=https:\/\/radiorevelacionfm.cl\/?p=50932&#038;t=Rallymobil%20regresa%20a%20la%20regi%C3%B3n%20de%20Ays%C3%A9n%20tras%2012%20a%C3%B1os' aria-hidden='false' data-av_icon='\ue8f3' data-av_iconfont='entypo-fontello' title='' data-avia-related-tooltip='Compartir en Facebook' rel=\"noopener\"><span class='avia_hidden_link_text'>Compartir en Facebook<\/span><\/a><\/li><li class='av-share-link av-social-link-twitter' ><a target=\"_blank\" aria-label=\"Compartir en Twitter\" href='https:\/\/twitter.com\/share?text=Rallymobil%20regresa%20a%20la%20regi%C3%B3n%20de%20Ays%C3%A9n%20tras%2012%20a%C3%B1os&#038;url=https:\/\/radiorevelacionfm.cl\/?p=50932' aria-hidden='false' data-av_icon='\ue8f1' data-av_iconfont='entypo-fontello' title='' data-avia-related-tooltip='Compartir en Twitter' rel=\"noopener\"><span class='avia_hidden_link_text'>Compartir en Twitter<\/span><\/a><\/li><li class='av-share-link av-social-link-whatsapp' ><a target=\"_blank\" aria-label=\"Compartir en Whatsapp\" href='https:\/\/api.whatsapp.com\/send?text=https:\/\/radiorevelacionfm.cl\/?p=50932' aria-hidden='false' data-av_icon='\uf232' data-av_iconfont='entypo-fontello' title='' data-avia-related-tooltip='Compartir en Whatsapp' rel=\"noopener\"><span class='avia_hidden_link_text'>Compartir en Whatsapp<\/span><\/a><\/li><li class='av-share-link av-social-link-linkedin' ><a target=\"_blank\" aria-label=\"Compartir en LinkedIn\" href='https:\/\/linkedin.com\/shareArticle?mini=true&#038;title=Rallymobil%20regresa%20a%20la%20regi%C3%B3n%20de%20Ays%C3%A9n%20tras%2012%20a%C3%B1os&#038;url=https:\/\/radiorevelacionfm.cl\/?p=50932' aria-hidden='false' data-av_icon='\ue8fc' data-av_iconfont='entypo-fontello' title='' data-avia-related-tooltip='Compartir en LinkedIn' rel=\"noopener\"><span class='avia_hidden_link_text'>Compartir en LinkedIn<\/span><\/a><\/li><li class='av-share-link av-social-link-mail' ><a  aria-label=\"Compartir por correo\" href='mailto:?subject=Rallymobil%20regresa%20a%20la%20regi%C3%B3n%20de%20Ays%C3%A9n%20tras%2012%20a%C3%B1os&#038;body=https:\/\/radiorevelacionfm.cl\/?p=50932' aria-hidden='false' data-av_icon='\ue805' data-av_iconfont='entypo-fontello' title='' data-avia-related-tooltip='Compartir por correo'><span class='avia_hidden_link_text'>Compartir por correo<\/span><\/a><\/li><\/ul><\/div><\/div>\n<div  style='height:50px' class='hr hr-invisible   avia-builder-el-8  el_after_av_social_share  el_before_av_comments_list '><span class='hr-inner ' ><span class='hr-inner-style'><\/span><\/span><\/div>\n<div  class='av-buildercomment  av-blog-meta-html-info-disabled av-blog-meta-tag-disabled  '><\/div>\n","protected":false},"excerpt":{"rendered":"","protected":false},"author":1,"featured_media":50933,"comment_status":"open","ping_status":"open","sticky":false,"template":"","format":"standard","meta":{"footnotes":""},"categories":[40],"tags":[],"class_list":["post-50932","post","type-post","status-publish","format-standard","has-post-thumbnail","hentry","category-deportes"],"jetpack_featured_media_url":"https:\/\/radiorevelacionfm.cl\/wp-content\/uploads\/2025\/02\/copec-rally-mobil_coyhaique-4-1_optimized-1.jpg","_links":{"self":[{"href":"https:\/\/radiorevelacionfm.cl\/index.php?rest_route=\/wp\/v2\/posts\/50932","targetHints":{"allow":["GET"]}}],"collection":[{"href":"https:\/\/radiorevelacionfm.cl\/index.php?rest_route=\/wp\/v2\/posts"}],"about":[{"href":"https:\/\/radiorevelacionfm.cl\/index.php?rest_route=\/wp\/v2\/types\/post"}],"author":[{"embeddable":true,"href":"https:\/\/radiorevelacionfm.cl\/index.php?rest_route=\/wp\/v2\/users\/1"}],"replies":[{"embeddable":true,"href":"https:\/\/radiorevelacionfm.cl\/index.php?rest_route=%2Fwp%2Fv2%2Fcomments&post=50932"}],"version-history":[{"count":1,"href":"https:\/\/radiorevelacionfm.cl\/index.php?rest_route=\/wp\/v2\/posts\/50932\/revisions"}],"predecessor-version":[{"id":50934,"href":"https:\/\/radiorevelacionfm.cl\/index.php?rest_route=\/wp\/v2\/posts\/50932\/revisions\/50934"}],"wp:featuredmedia":[{"embeddable":true,"href":"https:\/\/radiorevelacionfm.cl\/index.php?rest_route=\/wp\/v2\/media\/50933"}],"wp:attachment":[{"href":"https:\/\/radiorevelacionfm.cl\/index.php?rest_route=%2Fwp%2Fv2%2Fmedia&parent=50932"}],"wp:term":[{"taxonomy":"category","embeddable":true,"href":"https:\/\/radiorevelacionfm.cl\/index.php?rest_route=%2Fwp%2Fv2%2Fcategories&post=50932"},{"taxonomy":"post_tag","embeddable":true,"href":"https:\/\/radiorevelacionfm.cl\/index.php?rest_route=%2Fwp%2Fv2%2Ftags&post=50932"}],"curies":[{"name":"wp","href":"https:\/\/api.w.org\/{rel}","templated":true}]}}