{"id":50929,"date":"2025-02-26T18:16:15","date_gmt":"2025-02-26T21:16:15","guid":{"rendered":"https:\/\/radiorevelacionfm.cl\/?p=50929"},"modified":"2025-02-26T18:16:15","modified_gmt":"2025-02-26T21:16:15","slug":"junji-entrega-recomendaciones-para-el-primer-dia-de-jardin-infantil","status":"publish","type":"post","link":"https:\/\/radiorevelacionfm.cl\/?p=50929","title":{"rendered":"JUNJI entrega recomendaciones para el primer d\u00eda de jard\u00edn infantil"},"content":{"rendered":"<div class=\"flex_column av_one_full  flex_column_div av-zero-column-padding first  avia-builder-el-0  el_before_av_one_full  avia-builder-el-first  \" style='border-radius:0px; '><div  class='avia-image-container  av-styling-    avia-builder-el-1  avia-builder-el-no-sibling  avia-align-center '  itemprop=\"image\" itemscope=\"itemscope\" itemtype=\"https:\/\/schema.org\/ImageObject\"  ><div class='avia-image-container-inner'><div class='avia-image-overlay-wrap'><img decoding=\"async\" class='wp-image-50930 avia-img-lazy-loading-not-50930 avia_image' src=\"https:\/\/radiorevelacionfm.cl\/wp-content\/uploads\/2025\/02\/img_20250212_100017-1_optimized.jpg\" alt='' title='img_20250212_100017-(1)_optimized' height=\"600\" width=\"1067\"  itemprop=\"thumbnailUrl\" srcset=\"https:\/\/radiorevelacionfm.cl\/wp-content\/uploads\/2025\/02\/img_20250212_100017-1_optimized.jpg 1067w, https:\/\/radiorevelacionfm.cl\/wp-content\/uploads\/2025\/02\/img_20250212_100017-1_optimized-300x169.jpg 300w, https:\/\/radiorevelacionfm.cl\/wp-content\/uploads\/2025\/02\/img_20250212_100017-1_optimized-1030x579.jpg 1030w, https:\/\/radiorevelacionfm.cl\/wp-content\/uploads\/2025\/02\/img_20250212_100017-1_optimized-768x432.jpg 768w, https:\/\/radiorevelacionfm.cl\/wp-content\/uploads\/2025\/02\/img_20250212_100017-1_optimized-705x396.jpg 705w, https:\/\/radiorevelacionfm.cl\/wp-content\/uploads\/2025\/02\/img_20250212_100017-1_optimized-450x253.jpg 450w, https:\/\/radiorevelacionfm.cl\/wp-content\/uploads\/2025\/02\/img_20250212_100017-1_optimized-600x337.jpg 600w\" sizes=\"(max-width: 1067px) 100vw, 1067px\" \/><\/div><\/div><\/div><\/div><div class=\"flex_column av_one_full  flex_column_div av-zero-column-padding first  avia-builder-el-2  el_after_av_one_full  el_before_av_one_full  column-top-margin\" style='border-radius:0px; '><section class=\"av_textblock_section \"  itemscope=\"itemscope\" itemtype=\"https:\/\/schema.org\/BlogPosting\" itemprop=\"blogPost\" ><div class='avia_textblock  '   itemprop=\"text\" ><p style=\"text-align: center;\"><strong><span style=\"font-size: 18pt;\">JUNJI entrega recomendaciones para el primer d\u00eda de jard\u00edn infantil <\/span><\/strong><\/p>\n<div id=\"gtx-trans\" style=\"position: absolute; left: -50px; top: 4.31534px;\">\n<div class=\"gtx-trans-icon\"><\/div>\n<\/div>\n<\/div><\/section><\/div><div class=\"flex_column av_one_full  flex_column_div av-zero-column-padding first  avia-builder-el-4  el_after_av_one_full  el_before_av_hr  column-top-margin\" style='border-radius:0px; '><section class=\"av_textblock_section \"  itemscope=\"itemscope\" itemtype=\"https:\/\/schema.org\/BlogPosting\" itemprop=\"blogPost\" ><div class='avia_textblock  '   itemprop=\"text\" ><p><em>Este proceso de familiarizaci\u00f3n resulta fundamental, especialmente, para las ni\u00f1as y ni\u00f1os que asistir\u00e1n por primera vez a la unidad educativa.<\/em><\/p>\n<p style=\"text-align: justify;\">A pocos d\u00edas de iniciar un nuevo a\u00f1o parvulario junto a ni\u00f1as y ni\u00f1os, la Junta Nacional de Jardines Infantiles, JUNJI, entrega a las familias diversas recomendaciones que permitan enfrentar un proceso de familiarizaci\u00f3n respetuoso y pertinente. Un periodo que ser\u00e1 muy importante, especialmente, para quienes asisten por primera vez a la Educaci\u00f3n Parvularia.<\/p>\n<p style=\"text-align: justify;\">La <strong>vicepresidenta ejecutiva de JUNJI, Daniela Trivi\u00f1o Millar,<\/strong> explica que este tiempo de familiarizaci\u00f3n puede durar algunas semanas, por lo que <em>\u201ces crucial respetar su tiempos y ritmos en este periodo, ya sea porque entran por primera vez al Jard\u00edn Infantil o porque cambian de nivel. Invito a las familias y equipos educativos a trabajar de manera articulada, promoviendo una comunicaci\u00f3n horizontal y cercana que les permita abordar este proceso tan importante\u201d.<\/em><\/p>\n<p style=\"text-align: justify;\">En la misma l\u00ednea, la <strong>autoridad de JUNJI<\/strong> refuerza que <em>\u201cel trabajo conjunto de estrategias es muy importante, porque debemos promover una asistencia permanente al jard\u00edn infantil. La educaci\u00f3n es un derecho y su asistencia permanente permitir\u00e1 que este periodo de familiarizaci\u00f3n sea exitoso\u201d.\u00a0 <\/em><\/p>\n<p style=\"text-align: justify;\"><em>\u201cEl regreso al jard\u00edn infantil despu\u00e9s de las vacaciones de verano puede ser un momento desafiante, pero tambi\u00e9n es crucial para su desarrollo el que retornen. Es importante que el regreso al jard\u00edn sea gradual, con un enfoque de acompa\u00f1amiento emocional. En Junji contamos con equipos educativos especializados es importante que las familias se apoyen y conversen con la educadora y t\u00e9cnicos de su nivel de acuerdo con cada caso\u201d <strong>se\u00f1al\u00f3 Nicol\u00e1s Salas Silva, director (s) de Junji Ays\u00e9n<\/strong><\/em><\/p>\n<p style=\"text-align: justify;\"><strong>\u00a0<\/strong><strong><u>RECOMENDACIONES\u00a0 <\/u><\/strong><\/p>\n<ul style=\"text-align: justify;\">\n<li><strong>Promuevan familiarmente rutinas para los nuevos horarios de acostarse y levantarse.\u00a0<\/strong>As\u00ed, se acostumbrar\u00e1n paulatinamente a la rutina que tendr\u00e1n en el jard\u00edn infantil. Aqu\u00ed, es importante el compromiso de toda la familia.<\/li>\n<li><strong>Conversen sobre la nueva etapa que comienza<\/strong>. Con un lenguaje cercano y pertinente, transmiti\u00e9ndole a ni\u00f1as y ni\u00f1os tranquilidad.<\/li>\n<li><strong>Visiten en conjunto el jard\u00edn infantil unos d\u00edas antes<\/strong>. Esto puede ser un buen ejercicio, ya que les permitir\u00e1 conocer el frontis de la unidad educativa, las calles cercanas, etc. as\u00ed ni\u00f1os y ni\u00f1as podr\u00e1n reconocer los espacios en los que se desenvolver\u00e1n.<\/li>\n<li><strong>Preparen en familia su bolso para asistir al jard\u00edn infantil<\/strong>. Si bien JUNJI no exige \u00fatiles escolares o uniforme, pueden considerar llevar una muda de ropa, una pechera, su cepillo de dientes, as\u00ed como un objeto significativo para el ni\u00f1o o ni\u00f1a. Inv\u00edtale a elegir estos elementos y hazlo part\u00edcipe de este momento.<\/li>\n<li><strong>Cada ni\u00f1a o ni\u00f1o tiene su propio ritmo de familiarizaci\u00f3n<\/strong>. Por ello, es importante la comunicaci\u00f3n entre las familias y el equipo educativo, para que las experiencias de ni\u00f1os y ni\u00f1as en este periodo en el jard\u00edn infantil se desarrollen de manera respetuosa y acompa\u00f1ada.<\/li>\n<li><strong>Cu\u00e9ntale al equipo educativo sobre el ni\u00f1o o ni\u00f1a para que puedan conocerle<\/strong>. Por ejemplo, cu\u00e1les son sus juegos preferidos, sus caracter\u00edsticas, gustos, etc.<\/li>\n<li><strong>Si est\u00e1s amamantando, puedes extraer\u00a0la leche y entregarla al jard\u00edn infantil\u00a0<\/strong>para que la mantengan refrigerada y se la den a tu beb\u00e9 cuando corresponda. Tambi\u00e9n, si gustas, puedes ocupar las salas de\u00a0lactancia disponibles en la unidad educativa.<\/li>\n<li><strong>La asistencia permanente al jard\u00edn infantil es fundamental<\/strong>para\u00a0los procesos de aprendizaje y familiarizaci\u00f3n.<\/li>\n<\/ul>\n<p style=\"text-align: justify;\">Junta Nacional de Jardines Infantiles, Junji Ays\u00e9n cuenta con vacantes en las 4 provincias de la regi\u00f3n para ni\u00f1os y ni\u00f1as de 0 a 4 a\u00f1os para este a\u00f1o 2025. M\u00e1s informaci\u00f3n comunic\u00e1ndote con la plataforma SIAC: 672577307- 672577371 \u00f3 mjarar@junji.cl &#8211; snaguelquin@junji.cl. Adem\u00e1s, se puede inscribir directamente en www.junji.gob.cl<\/p>\n<\/div><\/section><\/div><div  style='height:50px' class='hr hr-invisible   avia-builder-el-6  el_after_av_one_full  el_before_av_social_share '><span class='hr-inner ' ><span class='hr-inner-style'><\/span><\/span><\/div><\/p>\n<div  class='av-social-sharing-box  avia-builder-el-7  el_after_av_hr  el_before_av_hr  '><div class='av-share-box'><h5 class='av-share-link-description av-no-toc '>Compartir esta noticia<\/h5><ul class='av-share-box-list noLightbox'><li class='av-share-link av-social-link-facebook' ><a target=\"_blank\" aria-label=\"Compartir en Facebook\" href='https:\/\/www.facebook.com\/sharer.php?u=https:\/\/radiorevelacionfm.cl\/?p=50929&#038;t=JUNJI%20entrega%20recomendaciones%20para%20el%20primer%20d%C3%ADa%20de%20jard%C3%ADn%20infantil' aria-hidden='false' data-av_icon='\ue8f3' data-av_iconfont='entypo-fontello' title='' data-avia-related-tooltip='Compartir en Facebook' rel=\"noopener\"><span class='avia_hidden_link_text'>Compartir en Facebook<\/span><\/a><\/li><li class='av-share-link av-social-link-twitter' ><a target=\"_blank\" aria-label=\"Compartir en Twitter\" href='https:\/\/twitter.com\/share?text=JUNJI%20entrega%20recomendaciones%20para%20el%20primer%20d%C3%ADa%20de%20jard%C3%ADn%20infantil&#038;url=https:\/\/radiorevelacionfm.cl\/?p=50929' aria-hidden='false' data-av_icon='\ue8f1' data-av_iconfont='entypo-fontello' title='' data-avia-related-tooltip='Compartir en Twitter' rel=\"noopener\"><span class='avia_hidden_link_text'>Compartir en Twitter<\/span><\/a><\/li><li class='av-share-link av-social-link-whatsapp' ><a target=\"_blank\" aria-label=\"Compartir en Whatsapp\" href='https:\/\/api.whatsapp.com\/send?text=https:\/\/radiorevelacionfm.cl\/?p=50929' aria-hidden='false' data-av_icon='\uf232' data-av_iconfont='entypo-fontello' title='' data-avia-related-tooltip='Compartir en Whatsapp' rel=\"noopener\"><span class='avia_hidden_link_text'>Compartir en Whatsapp<\/span><\/a><\/li><li class='av-share-link av-social-link-linkedin' ><a target=\"_blank\" aria-label=\"Compartir en LinkedIn\" href='https:\/\/linkedin.com\/shareArticle?mini=true&#038;title=JUNJI%20entrega%20recomendaciones%20para%20el%20primer%20d%C3%ADa%20de%20jard%C3%ADn%20infantil&#038;url=https:\/\/radiorevelacionfm.cl\/?p=50929' aria-hidden='false' data-av_icon='\ue8fc' data-av_iconfont='entypo-fontello' title='' data-avia-related-tooltip='Compartir en LinkedIn' rel=\"noopener\"><span class='avia_hidden_link_text'>Compartir en LinkedIn<\/span><\/a><\/li><li class='av-share-link av-social-link-mail' ><a  aria-label=\"Compartir por correo\" href='mailto:?subject=JUNJI%20entrega%20recomendaciones%20para%20el%20primer%20d%C3%ADa%20de%20jard%C3%ADn%20infantil&#038;body=https:\/\/radiorevelacionfm.cl\/?p=50929' aria-hidden='false' data-av_icon='\ue805' data-av_iconfont='entypo-fontello' title='' data-avia-related-tooltip='Compartir por correo'><span class='avia_hidden_link_text'>Compartir por correo<\/span><\/a><\/li><\/ul><\/div><\/div>\n<div  style='height:50px' class='hr hr-invisible   avia-builder-el-8  el_after_av_social_share  el_before_av_comments_list '><span class='hr-inner ' ><span class='hr-inner-style'><\/span><\/span><\/div>\n<div  class='av-buildercomment  av-blog-meta-html-info-disabled av-blog-meta-tag-disabled  '><\/div>\n","protected":false},"excerpt":{"rendered":"","protected":false},"author":1,"featured_media":50930,"comment_status":"open","ping_status":"open","sticky":false,"template":"","format":"standard","meta":{"footnotes":""},"categories":[49],"tags":[],"class_list":["post-50929","post","type-post","status-publish","format-standard","has-post-thumbnail","hentry","category-educacion"],"jetpack_featured_media_url":"https:\/\/radiorevelacionfm.cl\/wp-content\/uploads\/2025\/02\/img_20250212_100017-1_optimized.jpg","_links":{"self":[{"href":"https:\/\/radiorevelacionfm.cl\/index.php?rest_route=\/wp\/v2\/posts\/50929","targetHints":{"allow":["GET"]}}],"collection":[{"href":"https:\/\/radiorevelacionfm.cl\/index.php?rest_route=\/wp\/v2\/posts"}],"about":[{"href":"https:\/\/radiorevelacionfm.cl\/index.php?rest_route=\/wp\/v2\/types\/post"}],"author":[{"embeddable":true,"href":"https:\/\/radiorevelacionfm.cl\/index.php?rest_route=\/wp\/v2\/users\/1"}],"replies":[{"embeddable":true,"href":"https:\/\/radiorevelacionfm.cl\/index.php?rest_route=%2Fwp%2Fv2%2Fcomments&post=50929"}],"version-history":[{"count":1,"href":"https:\/\/radiorevelacionfm.cl\/index.php?rest_route=\/wp\/v2\/posts\/50929\/revisions"}],"predecessor-version":[{"id":50931,"href":"https:\/\/radiorevelacionfm.cl\/index.php?rest_route=\/wp\/v2\/posts\/50929\/revisions\/50931"}],"wp:featuredmedia":[{"embeddable":true,"href":"https:\/\/radiorevelacionfm.cl\/index.php?rest_route=\/wp\/v2\/media\/50930"}],"wp:attachment":[{"href":"https:\/\/radiorevelacionfm.cl\/index.php?rest_route=%2Fwp%2Fv2%2Fmedia&parent=50929"}],"wp:term":[{"taxonomy":"category","embeddable":true,"href":"https:\/\/radiorevelacionfm.cl\/index.php?rest_route=%2Fwp%2Fv2%2Fcategories&post=50929"},{"taxonomy":"post_tag","embeddable":true,"href":"https:\/\/radiorevelacionfm.cl\/index.php?rest_route=%2Fwp%2Fv2%2Ftags&post=50929"}],"curies":[{"name":"wp","href":"https:\/\/api.w.org\/{rel}","templated":true}]}}