{"id":50926,"date":"2025-02-26T20:01:58","date_gmt":"2025-02-26T23:01:58","guid":{"rendered":"https:\/\/radiorevelacionfm.cl\/?p=50926"},"modified":"2025-02-26T20:01:58","modified_gmt":"2025-02-26T23:01:58","slug":"listas-coordinaciones-de-seguridad-vial-y-gestion-de-transito-para-masivo-retorno-a-clases","status":"publish","type":"post","link":"https:\/\/radiorevelacionfm.cl\/?p=50926","title":{"rendered":"Listas coordinaciones de seguridad vial y gesti\u00f3n de tr\u00e1nsito para masivo retorno a clases"},"content":{"rendered":"<div class=\"flex_column av_one_full  flex_column_div av-zero-column-padding first  avia-builder-el-0  el_before_av_one_full  avia-builder-el-first  \" style='border-radius:0px; '><div  class='avia-image-container  av-styling-    avia-builder-el-1  avia-builder-el-no-sibling  avia-align-center '  itemprop=\"image\" itemscope=\"itemscope\" itemtype=\"https:\/\/schema.org\/ImageObject\"  ><div class='avia-image-container-inner'><div class='avia-image-overlay-wrap'><img decoding=\"async\" class='wp-image-50927 avia-img-lazy-loading-not-50927 avia_image' src=\"https:\/\/radiorevelacionfm.cl\/wp-content\/uploads\/2025\/02\/20250226_103028-1_optimized-1.jpg\" alt='' title='20250226_103028-(1)_optimized (1)' height=\"600\" width=\"1066\"  itemprop=\"thumbnailUrl\" srcset=\"https:\/\/radiorevelacionfm.cl\/wp-content\/uploads\/2025\/02\/20250226_103028-1_optimized-1.jpg 1066w, https:\/\/radiorevelacionfm.cl\/wp-content\/uploads\/2025\/02\/20250226_103028-1_optimized-1-300x169.jpg 300w, https:\/\/radiorevelacionfm.cl\/wp-content\/uploads\/2025\/02\/20250226_103028-1_optimized-1-1030x580.jpg 1030w, https:\/\/radiorevelacionfm.cl\/wp-content\/uploads\/2025\/02\/20250226_103028-1_optimized-1-768x432.jpg 768w, https:\/\/radiorevelacionfm.cl\/wp-content\/uploads\/2025\/02\/20250226_103028-1_optimized-1-705x397.jpg 705w, https:\/\/radiorevelacionfm.cl\/wp-content\/uploads\/2025\/02\/20250226_103028-1_optimized-1-450x253.jpg 450w, https:\/\/radiorevelacionfm.cl\/wp-content\/uploads\/2025\/02\/20250226_103028-1_optimized-1-600x338.jpg 600w\" sizes=\"(max-width: 1066px) 100vw, 1066px\" \/><\/div><\/div><\/div><\/div>\n<div class=\"flex_column av_one_full  flex_column_div av-zero-column-padding first  avia-builder-el-2  el_after_av_one_full  el_before_av_one_full  column-top-margin\" style='border-radius:0px; '><section class=\"av_textblock_section \"  itemscope=\"itemscope\" itemtype=\"https:\/\/schema.org\/BlogPosting\" itemprop=\"blogPost\" ><div class='avia_textblock  '   itemprop=\"text\" ><p style=\"text-align: center;\"><strong><span style=\"font-size: 18pt;\">Listas coordinaciones de seguridad vial y gesti\u00f3n de tr\u00e1nsito para masivo retorno a clases<\/span><\/strong><\/p>\n<div id=\"gtx-trans\" style=\"position: absolute; left: -50px; top: 4.31534px;\">\n<div class=\"gtx-trans-icon\"><\/div>\n<\/div>\n<\/div><\/section><\/div><div class=\"flex_column av_one_full  flex_column_div av-zero-column-padding first  avia-builder-el-4  el_after_av_one_full  el_before_av_hr  column-top-margin\" style='border-radius:0px; '><section class=\"av_textblock_section \"  itemscope=\"itemscope\" itemtype=\"https:\/\/schema.org\/BlogPosting\" itemprop=\"blogPost\" ><div class='avia_textblock  '   itemprop=\"text\" ><p style=\"text-align: justify;\">Con la mayor\u00eda de los establecimientos educacionales de la regi\u00f3n en funcionamiento, la comisi\u00f3n regional de seguridad de tr\u00e1nsito (Coreset) defini\u00f3 medidas para agilizar el flujo vehicular y resguardar la seguridad de estudiantes en su retorno a clases.<\/p>\n<p style=\"text-align: justify;\">Previendo el aumento de veh\u00edculos en hora punta, habitual en la \u00e9poca de retorno a clases que se avecina la semana pr\u00f3xima, la comisi\u00f3n regional de seguridad de tr\u00e1nsito se reuni\u00f3 para definir acciones conjuntas que permitan mitigar los efectos del mayor tr\u00e1fico vehicular y sobre todo, velar por que el ingreso a clases se realice en forma segura y ordenada.<\/p>\n<p style=\"text-align: justify;\">En este sentido la seremiTT Ays\u00e9n, delegaci\u00f3n presidencial regional, Carabineros, Senapred, coordinaci\u00f3n regional de seguridad p\u00fablica, vocer\u00eda de Gobierno y los municipios de Coyhaique y Ays\u00e9n, planificaron operativos de control integrados por la instituci\u00f3n policial e inspectores fiscales, as\u00ed como refuerzo de se\u00f1ales viales en \u00e1reas cercanas a los establecimientos educacionales.<\/p>\n<p style=\"text-align: justify;\">El seremiTT Hans Zimmermann indic\u00f3 que esta \u00e9poca es \u201cun periodo donde los flujos de tr\u00e1nsito se van a recuperar, donde podremos encontrarnos con ciertos atochamientos viales, mayor congesti\u00f3n vehicular, pero lo importante es hacer el llamado a la comunidad a planificar sus viajes, a salir m\u00e1s temprano de las casas para evitar los horarios punta. Hay un espacio en la ma\u00f1ana, entre las 7.40 de la ma\u00f1ana y las 8.20 de la ma\u00f1ana, donde se genera mayor congesti\u00f3n vehicular, y en la medida que las personas puedan salir m\u00e1s temprano o despu\u00e9s de ese horario, podemos evitar esta congesti\u00f3n y tener un tr\u00e1nsito que sea m\u00e1s expedito\u201d, explic\u00f3 la autoridad de Transportes.<\/p>\n<p style=\"text-align: justify;\">Zimmermann agreg\u00f3 que es importante recordar a padres y apoderados la necesidad de mantener una buena convivencia vial con veh\u00edculos de transporte p\u00fablico y transporte escolar: \u201chacemos un llamado tambi\u00e9n a la comunidad, a los conductores que van a concurrir hasta los establecimientos para dejar a sus hijos que sean respetuosos con los espacios que son reservados para el transporte escolar. Los servicios de transporte escolar transportan a un gran n\u00famero de ni\u00f1os, son una herramienta que facilita incluso el acceso a la educaci\u00f3n, y por algo existen estos espacios que son reservados y que son vitales para la seguridad tambi\u00e9n de los estudiantes\u201d.<\/p>\n<p style=\"text-align: justify;\">Por parte de Carabineros, el subprefecto de servicios Hugo Garc\u00e9s, indic\u00f3 que se realizar\u00e1 un fuerte despliegue regional de funcionarios a fin de otorgar seguridad a estudiantes y a otros usuarios de las v\u00edas, instando tambi\u00e9n a la planificaci\u00f3n y responsabilidad. \u00a0\u201cNuestra recomendaci\u00f3n principal es que los padres dejen a sus hijos y puedan circular r\u00e1pidamente para poder agilizar este tr\u00e1nsito y no sea una espera para otros padres. Si nosotros no nos organizamos como comunidad para ir a dejar a nuestros hijos al colegio, no hay mitigaci\u00f3n que funcione, porque finalmente los padres deben poder planificar sus viajes con antelaci\u00f3n, no estar todos a los mismos horarios porque no permitir\u00eda un \u00e1gil ingreso al colegio\u201d, afirm\u00f3 el funcionario de Carabineros.<\/p>\n<p style=\"text-align: justify;\">Finalmente el profesional de la direcci\u00f3n de tr\u00e1nsito del municipio de Coyhaique, Manuel Maldonado, se refiri\u00f3 a las obras realizadas por la unidad. \u201cDe acuerdo a la calendarizaci\u00f3n que tenemos como departamento de tr\u00e1nsito, dimos inicio hace alrededor de una semana a la demarcaci\u00f3n y el pintado de todos los establecimientos educacionales. Tambi\u00e9n hacemos un llamado a los vecinos, a los automovilistas, a tener un poco m\u00e1s de prudencia en la conducci\u00f3n. El personal que hace estos trabajos se encuentra realizando y la demarcaci\u00f3n estos d\u00edas en terreno. As\u00ed que de lo que queda de la semana y la pr\u00f3xima semana pretendemos abordar y demarcar todos los establecimientos educacionales de la ciudad de Coyhaique\u201d.<\/p>\n<p style=\"text-align: justify;\">En total m\u00e1s de 17 mil estudiantes de la Regi\u00f3n de Ays\u00e9n iniciar\u00e1n el periodo escolar la semana pr\u00f3xima, por lo cual tambi\u00e9n se invita a la comunidad escolar a tomar acciones de convivencia vial y de respeto a la normativa de tr\u00e1nsito, en este retorno a la normalidad.<\/p>\n<\/div><\/section><\/div><\/p>\n<div  style='height:50px' class='hr hr-invisible   avia-builder-el-6  el_after_av_one_full  el_before_av_social_share '><span class='hr-inner ' ><span class='hr-inner-style'><\/span><\/span><\/div>\n<div  class='av-social-sharing-box  avia-builder-el-7  el_after_av_hr  el_before_av_hr  '><div class='av-share-box'><h5 class='av-share-link-description av-no-toc '>Compartir esta noticia<\/h5><ul class='av-share-box-list noLightbox'><li class='av-share-link av-social-link-facebook' ><a target=\"_blank\" aria-label=\"Compartir en Facebook\" href='https:\/\/www.facebook.com\/sharer.php?u=https:\/\/radiorevelacionfm.cl\/?p=50926&#038;t=Listas%20coordinaciones%20de%20seguridad%20vial%20y%20gesti%C3%B3n%20de%20tr%C3%A1nsito%20para%20masivo%20retorno%20a%20clases' aria-hidden='false' data-av_icon='\ue8f3' data-av_iconfont='entypo-fontello' title='' data-avia-related-tooltip='Compartir en Facebook' rel=\"noopener\"><span class='avia_hidden_link_text'>Compartir en Facebook<\/span><\/a><\/li><li class='av-share-link av-social-link-twitter' ><a target=\"_blank\" aria-label=\"Compartir en Twitter\" href='https:\/\/twitter.com\/share?text=Listas%20coordinaciones%20de%20seguridad%20vial%20y%20gesti%C3%B3n%20de%20tr%C3%A1nsito%20para%20masivo%20retorno%20a%20clases&#038;url=https:\/\/radiorevelacionfm.cl\/?p=50926' aria-hidden='false' data-av_icon='\ue8f1' data-av_iconfont='entypo-fontello' title='' data-avia-related-tooltip='Compartir en Twitter' rel=\"noopener\"><span class='avia_hidden_link_text'>Compartir en Twitter<\/span><\/a><\/li><li class='av-share-link av-social-link-whatsapp' ><a target=\"_blank\" aria-label=\"Compartir en Whatsapp\" href='https:\/\/api.whatsapp.com\/send?text=https:\/\/radiorevelacionfm.cl\/?p=50926' aria-hidden='false' data-av_icon='\uf232' data-av_iconfont='entypo-fontello' title='' data-avia-related-tooltip='Compartir en Whatsapp' rel=\"noopener\"><span class='avia_hidden_link_text'>Compartir en Whatsapp<\/span><\/a><\/li><li class='av-share-link av-social-link-linkedin' ><a target=\"_blank\" aria-label=\"Compartir en LinkedIn\" href='https:\/\/linkedin.com\/shareArticle?mini=true&#038;title=Listas%20coordinaciones%20de%20seguridad%20vial%20y%20gesti%C3%B3n%20de%20tr%C3%A1nsito%20para%20masivo%20retorno%20a%20clases&#038;url=https:\/\/radiorevelacionfm.cl\/?p=50926' aria-hidden='false' data-av_icon='\ue8fc' data-av_iconfont='entypo-fontello' title='' data-avia-related-tooltip='Compartir en LinkedIn' rel=\"noopener\"><span class='avia_hidden_link_text'>Compartir en LinkedIn<\/span><\/a><\/li><li class='av-share-link av-social-link-mail' ><a  aria-label=\"Compartir por correo\" href='mailto:?subject=Listas%20coordinaciones%20de%20seguridad%20vial%20y%20gesti%C3%B3n%20de%20tr%C3%A1nsito%20para%20masivo%20retorno%20a%20clases&#038;body=https:\/\/radiorevelacionfm.cl\/?p=50926' aria-hidden='false' data-av_icon='\ue805' data-av_iconfont='entypo-fontello' title='' data-avia-related-tooltip='Compartir por correo'><span class='avia_hidden_link_text'>Compartir por correo<\/span><\/a><\/li><\/ul><\/div><\/div>\n<div  style='height:50px' class='hr hr-invisible   avia-builder-el-8  el_after_av_social_share  el_before_av_comments_list '><span class='hr-inner ' ><span class='hr-inner-style'><\/span><\/span><\/div>\n<div  class='av-buildercomment  av-blog-meta-html-info-disabled av-blog-meta-tag-disabled  '><\/div>\n","protected":false},"excerpt":{"rendered":"","protected":false},"author":1,"featured_media":50927,"comment_status":"open","ping_status":"open","sticky":false,"template":"","format":"standard","meta":{"footnotes":""},"categories":[59],"tags":[],"class_list":["post-50926","post","type-post","status-publish","format-standard","has-post-thumbnail","hentry","category-transporte"],"jetpack_featured_media_url":"https:\/\/radiorevelacionfm.cl\/wp-content\/uploads\/2025\/02\/20250226_103028-1_optimized-1.jpg","_links":{"self":[{"href":"https:\/\/radiorevelacionfm.cl\/index.php?rest_route=\/wp\/v2\/posts\/50926","targetHints":{"allow":["GET"]}}],"collection":[{"href":"https:\/\/radiorevelacionfm.cl\/index.php?rest_route=\/wp\/v2\/posts"}],"about":[{"href":"https:\/\/radiorevelacionfm.cl\/index.php?rest_route=\/wp\/v2\/types\/post"}],"author":[{"embeddable":true,"href":"https:\/\/radiorevelacionfm.cl\/index.php?rest_route=\/wp\/v2\/users\/1"}],"replies":[{"embeddable":true,"href":"https:\/\/radiorevelacionfm.cl\/index.php?rest_route=%2Fwp%2Fv2%2Fcomments&post=50926"}],"version-history":[{"count":2,"href":"https:\/\/radiorevelacionfm.cl\/index.php?rest_route=\/wp\/v2\/posts\/50926\/revisions"}],"predecessor-version":[{"id":50943,"href":"https:\/\/radiorevelacionfm.cl\/index.php?rest_route=\/wp\/v2\/posts\/50926\/revisions\/50943"}],"wp:featuredmedia":[{"embeddable":true,"href":"https:\/\/radiorevelacionfm.cl\/index.php?rest_route=\/wp\/v2\/media\/50927"}],"wp:attachment":[{"href":"https:\/\/radiorevelacionfm.cl\/index.php?rest_route=%2Fwp%2Fv2%2Fmedia&parent=50926"}],"wp:term":[{"taxonomy":"category","embeddable":true,"href":"https:\/\/radiorevelacionfm.cl\/index.php?rest_route=%2Fwp%2Fv2%2Fcategories&post=50926"},{"taxonomy":"post_tag","embeddable":true,"href":"https:\/\/radiorevelacionfm.cl\/index.php?rest_route=%2Fwp%2Fv2%2Ftags&post=50926"}],"curies":[{"name":"wp","href":"https:\/\/api.w.org\/{rel}","templated":true}]}}