{"id":50923,"date":"2025-02-26T17:08:23","date_gmt":"2025-02-26T20:08:23","guid":{"rendered":"https:\/\/radiorevelacionfm.cl\/?p=50923"},"modified":"2025-02-26T17:08:23","modified_gmt":"2025-02-26T20:08:23","slug":"isla-las-huichas-tiene-soberana-2025-barbara-chavez","status":"publish","type":"post","link":"https:\/\/radiorevelacionfm.cl\/?p=50923","title":{"rendered":"Isla Las Huichas tiene soberana 2025: B\u00e1rbara Ch\u00e1vez"},"content":{"rendered":"<div class=\"flex_column av_one_full  flex_column_div av-zero-column-padding first  avia-builder-el-0  el_before_av_one_full  avia-builder-el-first  \" style='border-radius:0px; '><div  class='avia-image-container  av-styling-    avia-builder-el-1  avia-builder-el-no-sibling  avia-align-center '  itemprop=\"image\" itemscope=\"itemscope\" itemtype=\"https:\/\/schema.org\/ImageObject\"  ><div class='avia-image-container-inner'><div class='avia-image-overlay-wrap'><img decoding=\"async\" class='wp-image-50924 avia-img-lazy-loading-not-50924 avia_image' src=\"https:\/\/radiorevelacionfm.cl\/wp-content\/uploads\/2025\/02\/20250226_001504-1-1.jpg\" alt='' title='20250226_001504 (1) (1)' height=\"600\" width=\"940\"  itemprop=\"thumbnailUrl\" srcset=\"https:\/\/radiorevelacionfm.cl\/wp-content\/uploads\/2025\/02\/20250226_001504-1-1.jpg 940w, https:\/\/radiorevelacionfm.cl\/wp-content\/uploads\/2025\/02\/20250226_001504-1-1-300x191.jpg 300w, https:\/\/radiorevelacionfm.cl\/wp-content\/uploads\/2025\/02\/20250226_001504-1-1-768x490.jpg 768w, https:\/\/radiorevelacionfm.cl\/wp-content\/uploads\/2025\/02\/20250226_001504-1-1-705x450.jpg 705w, https:\/\/radiorevelacionfm.cl\/wp-content\/uploads\/2025\/02\/20250226_001504-1-1-450x287.jpg 450w, https:\/\/radiorevelacionfm.cl\/wp-content\/uploads\/2025\/02\/20250226_001504-1-1-600x383.jpg 600w\" sizes=\"(max-width: 940px) 100vw, 940px\" \/><\/div><\/div><\/div><\/div><div class=\"flex_column av_one_full  flex_column_div av-zero-column-padding first  avia-builder-el-2  el_after_av_one_full  el_before_av_one_full  column-top-margin\" style='border-radius:0px; '><section class=\"av_textblock_section \"  itemscope=\"itemscope\" itemtype=\"https:\/\/schema.org\/BlogPosting\" itemprop=\"blogPost\" ><div class='avia_textblock  '   itemprop=\"text\" ><p style=\"text-align: center;\"><strong><span style=\"font-size: 18pt;\">Isla Las Huichas tiene soberana 2025: B\u00e1rbara Ch\u00e1vez<\/span><\/strong><\/p>\n<div id=\"gtx-trans\" style=\"position: absolute; left: -50px; top: 4.31534px;\">\n<div class=\"gtx-trans-icon\"><\/div>\n<\/div>\n<\/div><\/section><\/div><div class=\"flex_column av_one_full  flex_column_div av-zero-column-padding first  avia-builder-el-4  el_after_av_one_full  el_before_av_hr  column-top-margin\" style='border-radius:0px; '><section class=\"av_textblock_section \"  itemscope=\"itemscope\" itemtype=\"https:\/\/schema.org\/BlogPosting\" itemprop=\"blogPost\" ><div class='avia_textblock  '   itemprop=\"text\" ><p style=\"text-align: justify;\"><em>En el certamen las cuatro candidatas conmocionaron al p\u00fablico brillando en el escenario, presentaron una hermosa competencia en la cual mostraron su belleza, su ingenio y la cercan\u00eda con su gente.<\/em><\/p>\n<p style=\"text-align: justify;\">Un buen marco de p\u00fablico se reuni\u00f3 en el Gimnasio Demetrio C\u00e1rdenas, lugar en el que se desarroll\u00f3 la competencia entre las j\u00f3venes participantes isle\u00f1as en el certamen para ser la reina de la isla 2025, una celebraci\u00f3n enmarcada en la parrilla de actividades del 83 aniversario de Puerto Aguirre, Estero Copa y Caleta Andrade.<\/p>\n<p style=\"text-align: justify;\">El alcalde de Ays\u00e9n, Luis Mart\u00ednez, expres\u00f3 estar \u201cmuy feliz junto al equipo municipal de que haya resultado este espect\u00e1culo en la isla, un marco de p\u00fablico impresionante, en una competici\u00f3n con mucho respeto, un jurado que estuvo a la altura y tambi\u00e9n a las candidatas a reina que lo dieron todo. Queremos saludar a la soberana, al igual que felicitar a Islas Las Huichas por la participaci\u00f3n que han tenido y que esperamos que hayan disfrutado esta bella fiesta\u201d.<\/p>\n<p style=\"text-align: justify;\">Previo a la noche del certamen, se realizaron actividades para que las candidatas sumaran puntos, como en la gincana o el hermoseamiento de alg\u00fan lado de la isla. Igualmente se realiz\u00f3 una votaci\u00f3n popular durante el certamen, mientras las candidatas realizaron presentaciones de baile, la prenda reciclada, el vestido de gala y la sesi\u00f3n de preguntas; se declar\u00f3 como Reina de Isla Las Huichas a la joven B\u00e1rbara Ch\u00e1vez Bahamonde.<\/p>\n<p style=\"text-align: justify;\">La nueva reina de Las Huichas dio su primera impresi\u00f3n luego de su anuncio como ganadora, \u201cestoy muy contenta de haber salido elegida Reina 2025, espero poder ayudar a todas las personas, poder hacer movimientos socioculturales y no dejar ninguna persona afuera, tratar de abarcar a todas las comunidades, trabajar para que los pr\u00f3ximos aniversarios sean mejores, que retomemos nuestras tradiciones y lo que nos hace huichanos\u201d.<\/p>\n<p style=\"text-align: justify;\">La nombrada como Virreina fue Romina Espinoza Chihuay, mientras que la Segunda Virreina fue Isidora Contreras C\u00e1rcamo. Aunque, desde la municipalidad el mensaje es que independiente de quien haya ganado, todas se esforzaron al m\u00e1ximo para alcanzar su cometido y ese es el valor que mejor representa a las isle\u00f1as, mujeres de esfuerzo y que no se rinden hasta conseguir resultados.<\/p>\n<\/div><\/section><\/div><div  style='height:50px' class='hr hr-invisible   avia-builder-el-6  el_after_av_one_full  el_before_av_social_share '><span class='hr-inner ' ><span class='hr-inner-style'><\/span><\/span><\/div><\/p>\n<div  class='av-social-sharing-box  avia-builder-el-7  el_after_av_hr  el_before_av_hr  '><div class='av-share-box'><h5 class='av-share-link-description av-no-toc '>Compartir esta noticia<\/h5><ul class='av-share-box-list noLightbox'><li class='av-share-link av-social-link-facebook' ><a target=\"_blank\" aria-label=\"Compartir en Facebook\" href='https:\/\/www.facebook.com\/sharer.php?u=https:\/\/radiorevelacionfm.cl\/?p=50923&#038;t=Isla%20Las%20Huichas%20tiene%20soberana%202025%3A%20B%C3%A1rbara%20Ch%C3%A1vez' aria-hidden='false' data-av_icon='\ue8f3' data-av_iconfont='entypo-fontello' title='' data-avia-related-tooltip='Compartir en Facebook' rel=\"noopener\"><span class='avia_hidden_link_text'>Compartir en Facebook<\/span><\/a><\/li><li class='av-share-link av-social-link-twitter' ><a target=\"_blank\" aria-label=\"Compartir en Twitter\" href='https:\/\/twitter.com\/share?text=Isla%20Las%20Huichas%20tiene%20soberana%202025%3A%20B%C3%A1rbara%20Ch%C3%A1vez&#038;url=https:\/\/radiorevelacionfm.cl\/?p=50923' aria-hidden='false' data-av_icon='\ue8f1' data-av_iconfont='entypo-fontello' title='' data-avia-related-tooltip='Compartir en Twitter' rel=\"noopener\"><span class='avia_hidden_link_text'>Compartir en Twitter<\/span><\/a><\/li><li class='av-share-link av-social-link-whatsapp' ><a target=\"_blank\" aria-label=\"Compartir en Whatsapp\" href='https:\/\/api.whatsapp.com\/send?text=https:\/\/radiorevelacionfm.cl\/?p=50923' aria-hidden='false' data-av_icon='\uf232' data-av_iconfont='entypo-fontello' title='' data-avia-related-tooltip='Compartir en Whatsapp' rel=\"noopener\"><span class='avia_hidden_link_text'>Compartir en Whatsapp<\/span><\/a><\/li><li class='av-share-link av-social-link-linkedin' ><a target=\"_blank\" aria-label=\"Compartir en LinkedIn\" href='https:\/\/linkedin.com\/shareArticle?mini=true&#038;title=Isla%20Las%20Huichas%20tiene%20soberana%202025%3A%20B%C3%A1rbara%20Ch%C3%A1vez&#038;url=https:\/\/radiorevelacionfm.cl\/?p=50923' aria-hidden='false' data-av_icon='\ue8fc' data-av_iconfont='entypo-fontello' title='' data-avia-related-tooltip='Compartir en LinkedIn' rel=\"noopener\"><span class='avia_hidden_link_text'>Compartir en LinkedIn<\/span><\/a><\/li><li class='av-share-link av-social-link-mail' ><a  aria-label=\"Compartir por correo\" href='mailto:?subject=Isla%20Las%20Huichas%20tiene%20soberana%202025%3A%20B%C3%A1rbara%20Ch%C3%A1vez&#038;body=https:\/\/radiorevelacionfm.cl\/?p=50923' aria-hidden='false' data-av_icon='\ue805' data-av_iconfont='entypo-fontello' title='' data-avia-related-tooltip='Compartir por correo'><span class='avia_hidden_link_text'>Compartir por correo<\/span><\/a><\/li><\/ul><\/div><\/div>\n<div  style='height:50px' class='hr hr-invisible   avia-builder-el-8  el_after_av_social_share  el_before_av_comments_list '><span class='hr-inner ' ><span class='hr-inner-style'><\/span><\/span><\/div>\n<div  class='av-buildercomment  av-blog-meta-html-info-disabled av-blog-meta-tag-disabled  '><\/div>\n","protected":false},"excerpt":{"rendered":"","protected":false},"author":1,"featured_media":50924,"comment_status":"open","ping_status":"open","sticky":false,"template":"","format":"standard","meta":{"footnotes":""},"categories":[38],"tags":[],"class_list":["post-50923","post","type-post","status-publish","format-standard","has-post-thumbnail","hentry","category-regional"],"jetpack_featured_media_url":"https:\/\/radiorevelacionfm.cl\/wp-content\/uploads\/2025\/02\/20250226_001504-1-1.jpg","_links":{"self":[{"href":"https:\/\/radiorevelacionfm.cl\/index.php?rest_route=\/wp\/v2\/posts\/50923","targetHints":{"allow":["GET"]}}],"collection":[{"href":"https:\/\/radiorevelacionfm.cl\/index.php?rest_route=\/wp\/v2\/posts"}],"about":[{"href":"https:\/\/radiorevelacionfm.cl\/index.php?rest_route=\/wp\/v2\/types\/post"}],"author":[{"embeddable":true,"href":"https:\/\/radiorevelacionfm.cl\/index.php?rest_route=\/wp\/v2\/users\/1"}],"replies":[{"embeddable":true,"href":"https:\/\/radiorevelacionfm.cl\/index.php?rest_route=%2Fwp%2Fv2%2Fcomments&post=50923"}],"version-history":[{"count":1,"href":"https:\/\/radiorevelacionfm.cl\/index.php?rest_route=\/wp\/v2\/posts\/50923\/revisions"}],"predecessor-version":[{"id":50925,"href":"https:\/\/radiorevelacionfm.cl\/index.php?rest_route=\/wp\/v2\/posts\/50923\/revisions\/50925"}],"wp:featuredmedia":[{"embeddable":true,"href":"https:\/\/radiorevelacionfm.cl\/index.php?rest_route=\/wp\/v2\/media\/50924"}],"wp:attachment":[{"href":"https:\/\/radiorevelacionfm.cl\/index.php?rest_route=%2Fwp%2Fv2%2Fmedia&parent=50923"}],"wp:term":[{"taxonomy":"category","embeddable":true,"href":"https:\/\/radiorevelacionfm.cl\/index.php?rest_route=%2Fwp%2Fv2%2Fcategories&post=50923"},{"taxonomy":"post_tag","embeddable":true,"href":"https:\/\/radiorevelacionfm.cl\/index.php?rest_route=%2Fwp%2Fv2%2Ftags&post=50923"}],"curies":[{"name":"wp","href":"https:\/\/api.w.org\/{rel}","templated":true}]}}