{"id":50920,"date":"2025-02-28T12:04:27","date_gmt":"2025-02-28T15:04:27","guid":{"rendered":"https:\/\/radiorevelacionfm.cl\/?p=50920"},"modified":"2025-02-28T12:04:27","modified_gmt":"2025-02-28T15:04:27","slug":"consejero-rossel-respalda-creacion-de-comision-de-personas-mayores-en-el-core","status":"publish","type":"post","link":"https:\/\/radiorevelacionfm.cl\/?p=50920","title":{"rendered":"Consejero Rossel respalda creaci\u00f3n de comisi\u00f3n de personas mayores en el CORE"},"content":{"rendered":"<div class=\"flex_column av_one_full  flex_column_div av-zero-column-padding first  avia-builder-el-0  el_before_av_one_full  avia-builder-el-first  \" style='border-radius:0px; '><div  class='avia-image-container  av-styling-    avia-builder-el-1  avia-builder-el-no-sibling  avia-align-center '  itemprop=\"image\" itemscope=\"itemscope\" itemtype=\"https:\/\/schema.org\/ImageObject\"  ><div class='avia-image-container-inner'><div class='avia-image-overlay-wrap'><img decoding=\"async\" class='wp-image-50921 avia-img-lazy-loading-not-50921 avia_image' src=\"https:\/\/radiorevelacionfm.cl\/wp-content\/uploads\/2025\/02\/Consejro-Rossel-1-1.jpg\" alt='' title='Consejro Rossel (1) (1)' height=\"645\" width=\"802\"  itemprop=\"thumbnailUrl\" srcset=\"https:\/\/radiorevelacionfm.cl\/wp-content\/uploads\/2025\/02\/Consejro-Rossel-1-1.jpg 802w, https:\/\/radiorevelacionfm.cl\/wp-content\/uploads\/2025\/02\/Consejro-Rossel-1-1-300x241.jpg 300w, https:\/\/radiorevelacionfm.cl\/wp-content\/uploads\/2025\/02\/Consejro-Rossel-1-1-768x618.jpg 768w, https:\/\/radiorevelacionfm.cl\/wp-content\/uploads\/2025\/02\/Consejro-Rossel-1-1-705x567.jpg 705w, https:\/\/radiorevelacionfm.cl\/wp-content\/uploads\/2025\/02\/Consejro-Rossel-1-1-450x362.jpg 450w, https:\/\/radiorevelacionfm.cl\/wp-content\/uploads\/2025\/02\/Consejro-Rossel-1-1-600x483.jpg 600w\" sizes=\"(max-width: 802px) 100vw, 802px\" \/><\/div><\/div><\/div><\/div><div class=\"flex_column av_one_full  flex_column_div av-zero-column-padding first  avia-builder-el-2  el_after_av_one_full  el_before_av_one_full  column-top-margin\" style='border-radius:0px; '><section class=\"av_textblock_section \"  itemscope=\"itemscope\" itemtype=\"https:\/\/schema.org\/BlogPosting\" itemprop=\"blogPost\" ><div class='avia_textblock  '   itemprop=\"text\" ><p style=\"text-align: center;\"><strong><span style=\"font-size: 18pt;\">Consejero Rossel respalda creaci\u00f3n de comisi\u00f3n de personas mayores en el CORE<\/span><\/strong><\/p>\n<div id=\"gtx-trans\" style=\"position: absolute; left: -50px; top: 4.31534px;\">\n<div class=\"gtx-trans-icon\"><\/div>\n<\/div>\n<\/div><\/section><\/div><div class=\"flex_column av_one_full  flex_column_div av-zero-column-padding first  avia-builder-el-4  el_after_av_one_full  el_before_av_hr  column-top-margin\" style='border-radius:0px; '><section class=\"av_textblock_section \"  itemscope=\"itemscope\" itemtype=\"https:\/\/schema.org\/BlogPosting\" itemprop=\"blogPost\" ><div class='avia_textblock  '   itemprop=\"text\" ><p style=\"text-align: justify;\"><em>La autoridad regional expres\u00f3 que esta instancia debiera aumentar los recursos destinados a las necesidades de este segmento de la poblaci\u00f3n en virtud de sus necesidades b\u00e1sicas como tambi\u00e9n espacios de promoci\u00f3n. <\/em><\/p>\n<p style=\"text-align: justify;\">El Consejero Regional, Julio Rossel, mostr\u00f3 su disposici\u00f3n a apoyar la creaci\u00f3n de una Comisi\u00f3n Transitoria de Personas Mayores donde se aborde las necesidades y demandas de un segmento de la ciudadan\u00eda que crece aceleradamente en Chile y la Regi\u00f3n de Ays\u00e9n, pudiendo llegar en los pr\u00f3ximos 10 a\u00f1os a superar el 30% de la poblaci\u00f3n, no obstante, fue enf\u00e1tico en decir que \u201capoyar\u00e9 esta instancia en la medida que se pueda disponer de m\u00e1s recursos, pudiendo as\u00ed aumentar la cobertura de programas exitosos como V\u00ednculos, Red Local de Apoyo y Cuidados, Habitabilidad y por cierto la creaci\u00f3n de nuevos Establecimientos de Larga Estad\u00eda para Personas Mayores (ELEAM) en distintos punto de la Regi\u00f3n de Ays\u00e9n. No debe ser un espacio para la reflexi\u00f3n, debe ser un espacio para la acci\u00f3n\u201d.<\/p>\n<p style=\"text-align: justify;\">Julio Rossel, consejero regional de Ays\u00e9n, en relaci\u00f3n a los datos presentados por la Divisi\u00f3n de Desarrollo Social (DIDESO) del Gobierno Regional dijo que las acciones del Estado y proyectos relacionados a este segmento de la poblaci\u00f3n son insuficientes y si a eso se le suma la proyecci\u00f3n de este segmento la situaci\u00f3n regional resulta preocupante. \u201cEn 10 a\u00f1os llegaremos al 30% de adultos mayores, actualmente se invierten alrededor de $1.755 millones y en este GORE se han aprobado proyectos de medialunas de m\u00e1s de $3.000 millones y por favor que no se malinterprete, no tengo nada contra los huasos\u201d.<\/p>\n<p style=\"text-align: justify;\">Respecto a la creaci\u00f3n de una Comisi\u00f3n Transitoria de Personas Mayores en el Gobierno Regional \u201cnos gustar\u00eda saber que esta comisi\u00f3n lleva consigo una inyecci\u00f3n fuerte de recursos, una priorizaci\u00f3n de proyectos e iniciativas destinada a personas mayores, para que no sea s\u00f3lo un titular rimbombante. No quiero que esto se transforme en un debate pol\u00edtico, sino todo lo contrario, en la urgencia que amerita una tem\u00e1tica como esta y que ha sido tan bien expuesta en la presentaci\u00f3n de DIDESO\u201d, enfatiz\u00f3 el Consejero Regional.<\/p>\n<p style=\"text-align: justify;\">Por otra parte, Julio Rossel, explic\u00f3 que la oferta que actualmente tiene el Estado a trav\u00e9s de distintos servicios podr\u00eda potenciarse con recursos del Gobierno Regional, no s\u00f3lo mejorando las prestaciones y ampliando la cobertura de beneficiarios, sino llegando a m\u00e1s territorios, muchos de ellos aislados y concretando proyectos emblem\u00e1ticos para la Regi\u00f3n de Ays\u00e9n. \u201cMuchos de ellos \u2013 personas mayores \u2013 no tienen posibilidad de acceder a los ELEAM a pesar que mucho se ha dicho de nuevos establecimientos, es m\u00e1s \u00a0el 2012 se hablaba del ELEAM Puerto Ays\u00e9n y no existe ning\u00fan proyecto. En el PEDZE aparece el ELEAM Ays\u00e9n, pero es s\u00f3lo un papel como dijo el Gobernador Regional y con recursos para un dise\u00f1o el 2027, es decir el 2029 reci\u00e9n podr\u00edamos tener un proyecto\u201d.<\/p>\n<p style=\"text-align: justify;\">Finalmente, el Consejero Regional Socialista fue enf\u00e1tico en decir que apoyar\u00e1\u00a0 la creaci\u00f3n de una Comisi\u00f3n Transitoria de Personas Mayores en el Gobierno Regional pues a trav\u00e9s de ella\u00a0 se puede generar justicia social para un segmento de la poblaci\u00f3n que dio su vida y trabajo para poblar y desarrollar un\u00a0 territorio tan aislado como los es la Regi\u00f3n de Ays\u00e9n.<\/p>\n<\/div><\/section><\/div><div  style='height:50px' class='hr hr-invisible   avia-builder-el-6  el_after_av_one_full  el_before_av_social_share '><span class='hr-inner ' ><span class='hr-inner-style'><\/span><\/span><\/div><\/p>\n<div  class='av-social-sharing-box  avia-builder-el-7  el_after_av_hr  el_before_av_hr  '><div class='av-share-box'><h5 class='av-share-link-description av-no-toc '>Compartir esta noticia<\/h5><ul class='av-share-box-list noLightbox'><li class='av-share-link av-social-link-facebook' ><a target=\"_blank\" aria-label=\"Compartir en Facebook\" href='https:\/\/www.facebook.com\/sharer.php?u=https:\/\/radiorevelacionfm.cl\/?p=50920&#038;t=Consejero%20Rossel%20respalda%20creaci%C3%B3n%20de%20comisi%C3%B3n%20de%20personas%20mayores%20en%20el%20CORE' aria-hidden='false' data-av_icon='\ue8f3' data-av_iconfont='entypo-fontello' title='' data-avia-related-tooltip='Compartir en Facebook' rel=\"noopener\"><span class='avia_hidden_link_text'>Compartir en Facebook<\/span><\/a><\/li><li class='av-share-link av-social-link-twitter' ><a target=\"_blank\" aria-label=\"Compartir en Twitter\" href='https:\/\/twitter.com\/share?text=Consejero%20Rossel%20respalda%20creaci%C3%B3n%20de%20comisi%C3%B3n%20de%20personas%20mayores%20en%20el%20CORE&#038;url=https:\/\/radiorevelacionfm.cl\/?p=50920' aria-hidden='false' data-av_icon='\ue8f1' data-av_iconfont='entypo-fontello' title='' data-avia-related-tooltip='Compartir en Twitter' rel=\"noopener\"><span class='avia_hidden_link_text'>Compartir en Twitter<\/span><\/a><\/li><li class='av-share-link av-social-link-whatsapp' ><a target=\"_blank\" aria-label=\"Compartir en Whatsapp\" href='https:\/\/api.whatsapp.com\/send?text=https:\/\/radiorevelacionfm.cl\/?p=50920' aria-hidden='false' data-av_icon='\uf232' data-av_iconfont='entypo-fontello' title='' data-avia-related-tooltip='Compartir en Whatsapp' rel=\"noopener\"><span class='avia_hidden_link_text'>Compartir en Whatsapp<\/span><\/a><\/li><li class='av-share-link av-social-link-linkedin' ><a target=\"_blank\" aria-label=\"Compartir en LinkedIn\" href='https:\/\/linkedin.com\/shareArticle?mini=true&#038;title=Consejero%20Rossel%20respalda%20creaci%C3%B3n%20de%20comisi%C3%B3n%20de%20personas%20mayores%20en%20el%20CORE&#038;url=https:\/\/radiorevelacionfm.cl\/?p=50920' aria-hidden='false' data-av_icon='\ue8fc' data-av_iconfont='entypo-fontello' title='' data-avia-related-tooltip='Compartir en LinkedIn' rel=\"noopener\"><span class='avia_hidden_link_text'>Compartir en LinkedIn<\/span><\/a><\/li><li class='av-share-link av-social-link-mail' ><a  aria-label=\"Compartir por correo\" href='mailto:?subject=Consejero%20Rossel%20respalda%20creaci%C3%B3n%20de%20comisi%C3%B3n%20de%20personas%20mayores%20en%20el%20CORE&#038;body=https:\/\/radiorevelacionfm.cl\/?p=50920' aria-hidden='false' data-av_icon='\ue805' data-av_iconfont='entypo-fontello' title='' data-avia-related-tooltip='Compartir por correo'><span class='avia_hidden_link_text'>Compartir por correo<\/span><\/a><\/li><\/ul><\/div><\/div>\n<div  style='height:50px' class='hr hr-invisible   avia-builder-el-8  el_after_av_social_share  el_before_av_comments_list '><span class='hr-inner ' ><span class='hr-inner-style'><\/span><\/span><\/div>\n<div  class='av-buildercomment  av-blog-meta-html-info-disabled av-blog-meta-tag-disabled  '><\/div>\n","protected":false},"excerpt":{"rendered":"","protected":false},"author":1,"featured_media":50921,"comment_status":"open","ping_status":"open","sticky":false,"template":"","format":"standard","meta":{"footnotes":""},"categories":[35],"tags":[],"class_list":["post-50920","post","type-post","status-publish","format-standard","has-post-thumbnail","hentry","category-politica"],"jetpack_featured_media_url":"https:\/\/radiorevelacionfm.cl\/wp-content\/uploads\/2025\/02\/Consejro-Rossel-1-1.jpg","_links":{"self":[{"href":"https:\/\/radiorevelacionfm.cl\/index.php?rest_route=\/wp\/v2\/posts\/50920","targetHints":{"allow":["GET"]}}],"collection":[{"href":"https:\/\/radiorevelacionfm.cl\/index.php?rest_route=\/wp\/v2\/posts"}],"about":[{"href":"https:\/\/radiorevelacionfm.cl\/index.php?rest_route=\/wp\/v2\/types\/post"}],"author":[{"embeddable":true,"href":"https:\/\/radiorevelacionfm.cl\/index.php?rest_route=\/wp\/v2\/users\/1"}],"replies":[{"embeddable":true,"href":"https:\/\/radiorevelacionfm.cl\/index.php?rest_route=%2Fwp%2Fv2%2Fcomments&post=50920"}],"version-history":[{"count":1,"href":"https:\/\/radiorevelacionfm.cl\/index.php?rest_route=\/wp\/v2\/posts\/50920\/revisions"}],"predecessor-version":[{"id":50922,"href":"https:\/\/radiorevelacionfm.cl\/index.php?rest_route=\/wp\/v2\/posts\/50920\/revisions\/50922"}],"wp:featuredmedia":[{"embeddable":true,"href":"https:\/\/radiorevelacionfm.cl\/index.php?rest_route=\/wp\/v2\/media\/50921"}],"wp:attachment":[{"href":"https:\/\/radiorevelacionfm.cl\/index.php?rest_route=%2Fwp%2Fv2%2Fmedia&parent=50920"}],"wp:term":[{"taxonomy":"category","embeddable":true,"href":"https:\/\/radiorevelacionfm.cl\/index.php?rest_route=%2Fwp%2Fv2%2Fcategories&post=50920"},{"taxonomy":"post_tag","embeddable":true,"href":"https:\/\/radiorevelacionfm.cl\/index.php?rest_route=%2Fwp%2Fv2%2Ftags&post=50920"}],"curies":[{"name":"wp","href":"https:\/\/api.w.org\/{rel}","templated":true}]}}