{"id":5092,"date":"2021-06-10T11:40:15","date_gmt":"2021-06-10T14:40:15","guid":{"rendered":"https:\/\/radiorevelacionfm.cl\/?p=5092"},"modified":"2021-06-10T11:40:15","modified_gmt":"2021-06-10T14:40:15","slug":"global-teacher-prize-chile-2021-elige-educar-invita-a-reconocer-y-agradecer-a-los-profesores-en-chile","status":"publish","type":"post","link":"https:\/\/radiorevelacionfm.cl\/?p=5092","title":{"rendered":"Global Teacher Prize Chile 2021: Elige Educar invita a reconocer y agradecer a los profesores en Chile"},"content":{"rendered":"<div class=\"flex_column av_one_full  flex_column_div av-zero-column-padding first  avia-builder-el-0  el_before_av_one_full  avia-builder-el-first  \" style='border-radius:0px; '><div  class='avia-image-container  av-styling-    avia-builder-el-1  avia-builder-el-no-sibling  avia-align-center '  itemprop=\"image\" itemscope=\"itemscope\" itemtype=\"https:\/\/schema.org\/ImageObject\"  ><div class='avia-image-container-inner'><div class='avia-image-overlay-wrap'><img decoding=\"async\" class='wp-image-5093 avia-img-lazy-loading-not-5093 avia_image' src=\"https:\/\/radiorevelacionfm.cl\/wp-content\/uploads\/2021\/06\/unnamed-1-2-1.jpeg\" alt='' title='unnamed 1 (2) (1)' height=\"588\" width=\"997\"  itemprop=\"thumbnailUrl\" srcset=\"https:\/\/radiorevelacionfm.cl\/wp-content\/uploads\/2021\/06\/unnamed-1-2-1.jpeg 997w, https:\/\/radiorevelacionfm.cl\/wp-content\/uploads\/2021\/06\/unnamed-1-2-1-300x177.jpeg 300w, https:\/\/radiorevelacionfm.cl\/wp-content\/uploads\/2021\/06\/unnamed-1-2-1-768x453.jpeg 768w, https:\/\/radiorevelacionfm.cl\/wp-content\/uploads\/2021\/06\/unnamed-1-2-1-705x416.jpeg 705w, https:\/\/radiorevelacionfm.cl\/wp-content\/uploads\/2021\/06\/unnamed-1-2-1-600x354.jpeg 600w\" sizes=\"(max-width: 997px) 100vw, 997px\" \/><\/div><\/div><\/div><\/div><div class=\"flex_column av_one_full  flex_column_div av-zero-column-padding first  avia-builder-el-2  el_after_av_one_full  el_before_av_one_full  column-top-margin\" style='border-radius:0px; '><section class=\"av_textblock_section \"  itemscope=\"itemscope\" itemtype=\"https:\/\/schema.org\/BlogPosting\" itemprop=\"blogPost\" ><div class='avia_textblock  '   itemprop=\"text\" ><p style=\"text-align: center;\"><strong><span style=\"font-size: 18pt;\">Global Teacher Prize Chile 2021: Elige Educar invita a reconocer y agradecer a los profesores en Chile <\/span><\/strong><\/p>\n<div id=\"gtx-trans\" style=\"position: absolute; left: -50px; top: 4.31534px;\">\n<div class=\"gtx-trans-icon\"><\/div>\n<\/div>\n<\/div><\/section><\/div><div class=\"flex_column av_one_full  flex_column_div av-zero-column-padding first  avia-builder-el-4  el_after_av_one_full  el_before_av_hr  column-top-margin\" style='border-radius:0px; '><section class=\"av_textblock_section \"  itemscope=\"itemscope\" itemtype=\"https:\/\/schema.org\/BlogPosting\" itemprop=\"blogPost\" ><div class='avia_textblock  '   itemprop=\"text\" ><p style=\"text-align: justify;\">Bajo el lema \u201cM\u00e1s presentes que nunca\u201d y con una clase con Ranjitsinh Disale \u2013el mejor profesor del mundo\u2013, se dio el puntapi\u00e9 inicial a la sexta versi\u00f3n del Global Teacher Prize Chile 2021.<\/p>\n<p style=\"text-align: justify;\">Ranjitsinh Disale es docente de educaci\u00f3n b\u00e1sica y desde 2009 trabaja en Zilla Parishad, una escuela ubicada en una peque\u00f1a aldea cercana a Solapur \u2013en el estado de Maharashtra\u2013 que estaba pr\u00e1cticamente abandonada, porque en la comunidad ir al colegio no era una prioridad. En la zona, los ni\u00f1os estaban obligados a trabajar la tierra y las ni\u00f1as deb\u00edan casarse, para evitar ser un gasto en la familia. Sin embargo, gracias a la presencia de Ranjitsinh, todo cambi\u00f3. El ganador actual del Global Teacher Prize internacional tradujo los libros escolares de la clase a la lengua materna de sus alumnos y desarroll\u00f3 un sistema de c\u00f3digos QR en los textos escolares para crear una experiencia de aprendizaje para cada estudiante. Estas \u2013entre otras\u2013 innovaciones incrementaron la asistencia de sus estudiantes en un 100 por ciento y al mismo tiempo, disminuyeron los matrimonios adolescentes en la aldea.<\/p>\n<p style=\"text-align: justify;\">\u201cEl cambio que podemos generar los profesores en los estudiantes es incre\u00edble. Es por ello, que debemos ser profesores del siglo XXI. Debemos mirar a los estudiantes que hoy est\u00e1n en la sala de clases como los l\u00edderes del ma\u00f1ana. Como maestros, debemos preparar a los ni\u00f1os y j\u00f3venes para el ma\u00f1ana, no para el pasado. Lo que aprendo de mis estudiantes lo aplico en mi vida y mi objetivo es que ellos se conviertan en buenos seres humanos\u201d, plante\u00f3 el mejor profesor del mundo en el encuentro.<\/p>\n<p style=\"text-align: justify;\"><strong>Nominaciones y postulaciones<\/strong><\/p>\n<p style=\"text-align: justify;\">El Global Teacher Prize Chile, organizado por Elige Educar, es reconocido a nivel mundial como el \u201cNobel de la Ense\u00f1anza\u201d y busca relevar la labor docente y celebrar a aquellos maestros y maestras que cumplan un destacado rol profesional e impacto social.<\/p>\n<p style=\"text-align: justify;\">A partir de hoy y hasta el martes 27 de julio, la ciudadan\u00eda podr\u00e1 nominar a aquellos maestros y maestras que consideren son agentes transformadores a trav\u00e9s del sitio http:\/\/www.nominaatuprofe.cl.<\/p>\n<p style=\"text-align: justify;\">\u201cHoy queremos celebrar y agradecer a los y las docentes de Chile con una nueva versi\u00f3n del Global Teacher Prize Chile. Estar presentes con este reconocimiento este a\u00f1o es un simple pero significativo gesto de gratitud a la profesi\u00f3n m\u00e1s transformadora de nuestra sociedad\u201d, afirm\u00f3 el Director Ejecutivo de Elige Educar, Joaqu\u00edn Walker.<\/p>\n<p style=\"text-align: justify;\">En la edici\u00f3n de 2020 fueron nominados m\u00e1s de 9,500 mil docentes de todo el pa\u00eds y m\u00e1s de 580 postularon al premio. En esa gran b\u00fasqueda, Manuel Calcagni \u2013profesor de Historia del Instituto Nacional General Jos\u00e9 Miguel Carrera\u2013 result\u00f3 ganador del Global Teacher Prize 2020. Gracias a un taller extracurricular de Cine creado hace m\u00e1s de 3 a\u00f1os \u2013llamado Creavisi\u00f3n\u2013, Manuel ha logrado que sus estudiantes participen en festivales, conversen con grandes directores y sean capaces de ver la historia con mayor sentido cr\u00edtico. Adem\u00e1s, es un docente que va m\u00e1s all\u00e1, porque en sus clases de Historia y gracias al s\u00e9ptimo arte, este docente invita constantemente a indagar y cuestionar el entorno, a trav\u00e9s de realizaciones documentales.<\/p>\n<p style=\"text-align: justify;\">\u201cEl premio es una gran oportunidad para que la sociedad valore a docentes que, en cada rinc\u00f3n del pa\u00eds y de las formas m\u00e1s diversas, se la juegan a diario por entregar una educaci\u00f3n comprometida y de calidad. Siempre han habido docentes as\u00ed, pero hoy, considerando las transformaciones y dificultades que estamos atravesando, con mayor raz\u00f3n debemos valorar esta maravillosa profesi\u00f3n\u201d, dijo el ganador del Global Teacher Prize Chile 2020.<\/p>\n<p style=\"text-align: justify;\"><strong>Segunda edici\u00f3n de la subcategor\u00eda: Profesor o Profesora de M\u00fasica<\/strong><\/p>\n<p style=\"text-align: justify;\">Este a\u00f1o se dar\u00e1 continuidad a la convocatoria para destacar el trabajo de un profesor o profesora de M\u00fasica. Esta categor\u00eda \u2013que fue estrenada el a\u00f1o pasado\u2013 busca reconocer el trabajo realizado por los maestros de esta asignatura, quienes durante el proceso de confinamiento han fortalecido habilidades como la empat\u00eda, resiliencia, autocuidado, comprensi\u00f3n, entre otras.<\/p>\n<p style=\"text-align: justify;\">En la edici\u00f3n de 2020, el ganador de esta subcategor\u00eda fue Crist\u00f3bal Rojas, director de La Orquesta Sonidos de Luz desde el a\u00f1o 2015, una agrupaci\u00f3n que est\u00e1 integrada por m\u00fasicos ciegos o baja visi\u00f3n, todos ex alumnos del Colegio Santa Luc\u00eda de la Fundaci\u00f3n Luz. A trav\u00e9s de su inspirador trabajo ha empoderado a sus estudiantes a ir mucho m\u00e1s all\u00e1, logrando que sus integrantes desarrollen sus capacidades al m\u00e1ximo y sean personas activas dentro del mundo laboral.<\/p>\n<\/div><\/section><\/div><div  style='height:50px' class='hr hr-invisible   avia-builder-el-6  el_after_av_one_full  el_before_av_social_share '><span class='hr-inner ' ><span class='hr-inner-style'><\/span><\/span><\/div><\/p>\n<div  class='av-social-sharing-box  avia-builder-el-7  el_after_av_hr  el_before_av_hr  '><div class='av-share-box'><h5 class='av-share-link-description av-no-toc '>Compartir esta noticia<\/h5><ul class='av-share-box-list noLightbox'><li class='av-share-link av-social-link-facebook' ><a target=\"_blank\" aria-label=\"Compartir en Facebook\" href='https:\/\/www.facebook.com\/sharer.php?u=https:\/\/radiorevelacionfm.cl\/?p=5092&#038;t=Global%20Teacher%20Prize%20Chile%202021%3A%20Elige%20Educar%20invita%20a%20reconocer%20y%20agradecer%20a%20los%20profesores%20en%20Chile' aria-hidden='false' data-av_icon='\ue8f3' data-av_iconfont='entypo-fontello' title='' data-avia-related-tooltip='Compartir en Facebook' rel=\"noopener\"><span class='avia_hidden_link_text'>Compartir en Facebook<\/span><\/a><\/li><li class='av-share-link av-social-link-twitter' ><a target=\"_blank\" aria-label=\"Compartir en Twitter\" href='https:\/\/twitter.com\/share?text=Global%20Teacher%20Prize%20Chile%202021%3A%20Elige%20Educar%20invita%20a%20reconocer%20y%20agradecer%20a%20los%20profesores%20en%20Chile&#038;url=https:\/\/radiorevelacionfm.cl\/?p=5092' aria-hidden='false' data-av_icon='\ue8f1' data-av_iconfont='entypo-fontello' title='' data-avia-related-tooltip='Compartir en Twitter' rel=\"noopener\"><span class='avia_hidden_link_text'>Compartir en Twitter<\/span><\/a><\/li><li class='av-share-link av-social-link-whatsapp' ><a target=\"_blank\" aria-label=\"Compartir en Whatsapp\" href='https:\/\/api.whatsapp.com\/send?text=https:\/\/radiorevelacionfm.cl\/?p=5092' aria-hidden='false' data-av_icon='\uf232' data-av_iconfont='entypo-fontello' title='' data-avia-related-tooltip='Compartir en Whatsapp' rel=\"noopener\"><span class='avia_hidden_link_text'>Compartir en Whatsapp<\/span><\/a><\/li><li class='av-share-link av-social-link-linkedin' ><a target=\"_blank\" aria-label=\"Compartir en LinkedIn\" href='https:\/\/linkedin.com\/shareArticle?mini=true&#038;title=Global%20Teacher%20Prize%20Chile%202021%3A%20Elige%20Educar%20invita%20a%20reconocer%20y%20agradecer%20a%20los%20profesores%20en%20Chile&#038;url=https:\/\/radiorevelacionfm.cl\/?p=5092' aria-hidden='false' data-av_icon='\ue8fc' data-av_iconfont='entypo-fontello' title='' data-avia-related-tooltip='Compartir en LinkedIn' rel=\"noopener\"><span class='avia_hidden_link_text'>Compartir en LinkedIn<\/span><\/a><\/li><li class='av-share-link av-social-link-mail' ><a  aria-label=\"Compartir por correo\" href='mailto:?subject=Global%20Teacher%20Prize%20Chile%202021%3A%20Elige%20Educar%20invita%20a%20reconocer%20y%20agradecer%20a%20los%20profesores%20en%20Chile&#038;body=https:\/\/radiorevelacionfm.cl\/?p=5092' aria-hidden='false' data-av_icon='\ue805' data-av_iconfont='entypo-fontello' title='' data-avia-related-tooltip='Compartir por correo'><span class='avia_hidden_link_text'>Compartir por correo<\/span><\/a><\/li><\/ul><\/div><\/div>\n<div  style='height:50px' class='hr hr-invisible   avia-builder-el-8  el_after_av_social_share  el_before_av_comments_list '><span class='hr-inner ' ><span class='hr-inner-style'><\/span><\/span><\/div>\n<div  class='av-buildercomment  av-blog-meta-html-info-disabled av-blog-meta-tag-disabled  '><\/div>\n","protected":false},"excerpt":{"rendered":"","protected":false},"author":1,"featured_media":5093,"comment_status":"open","ping_status":"open","sticky":false,"template":"","format":"standard","meta":{"footnotes":""},"categories":[49],"tags":[],"class_list":["post-5092","post","type-post","status-publish","format-standard","has-post-thumbnail","hentry","category-educacion"],"jetpack_featured_media_url":"https:\/\/radiorevelacionfm.cl\/wp-content\/uploads\/2021\/06\/unnamed-1-2-1.jpeg","_links":{"self":[{"href":"https:\/\/radiorevelacionfm.cl\/index.php?rest_route=\/wp\/v2\/posts\/5092","targetHints":{"allow":["GET"]}}],"collection":[{"href":"https:\/\/radiorevelacionfm.cl\/index.php?rest_route=\/wp\/v2\/posts"}],"about":[{"href":"https:\/\/radiorevelacionfm.cl\/index.php?rest_route=\/wp\/v2\/types\/post"}],"author":[{"embeddable":true,"href":"https:\/\/radiorevelacionfm.cl\/index.php?rest_route=\/wp\/v2\/users\/1"}],"replies":[{"embeddable":true,"href":"https:\/\/radiorevelacionfm.cl\/index.php?rest_route=%2Fwp%2Fv2%2Fcomments&post=5092"}],"version-history":[{"count":1,"href":"https:\/\/radiorevelacionfm.cl\/index.php?rest_route=\/wp\/v2\/posts\/5092\/revisions"}],"predecessor-version":[{"id":5094,"href":"https:\/\/radiorevelacionfm.cl\/index.php?rest_route=\/wp\/v2\/posts\/5092\/revisions\/5094"}],"wp:featuredmedia":[{"embeddable":true,"href":"https:\/\/radiorevelacionfm.cl\/index.php?rest_route=\/wp\/v2\/media\/5093"}],"wp:attachment":[{"href":"https:\/\/radiorevelacionfm.cl\/index.php?rest_route=%2Fwp%2Fv2%2Fmedia&parent=5092"}],"wp:term":[{"taxonomy":"category","embeddable":true,"href":"https:\/\/radiorevelacionfm.cl\/index.php?rest_route=%2Fwp%2Fv2%2Fcategories&post=5092"},{"taxonomy":"post_tag","embeddable":true,"href":"https:\/\/radiorevelacionfm.cl\/index.php?rest_route=%2Fwp%2Fv2%2Ftags&post=5092"}],"curies":[{"name":"wp","href":"https:\/\/api.w.org\/{rel}","templated":true}]}}