{"id":50917,"date":"2025-02-26T15:35:09","date_gmt":"2025-02-26T18:35:09","guid":{"rendered":"https:\/\/radiorevelacionfm.cl\/?p=50917"},"modified":"2025-02-26T15:35:09","modified_gmt":"2025-02-26T18:35:09","slug":"subdere-destaca-incremento-de-transferencia-de-recursos-en-la-region-de-aysen","status":"publish","type":"post","link":"https:\/\/radiorevelacionfm.cl\/?p=50917","title":{"rendered":"Subdere destaca incremento de transferencia de recursos en la Regi\u00f3n de Ays\u00e9n"},"content":{"rendered":"<div class=\"flex_column av_one_full  flex_column_div av-zero-column-padding first  avia-builder-el-0  el_before_av_one_full  avia-builder-el-first  \" style='border-radius:0px; '><div  class='avia-image-container  av-styling-    avia-builder-el-1  avia-builder-el-no-sibling  avia-align-center '  itemprop=\"image\" itemscope=\"itemscope\" itemtype=\"https:\/\/schema.org\/ImageObject\"  ><div class='avia-image-container-inner'><div class='avia-image-overlay-wrap'><img decoding=\"async\" class='wp-image-50918 avia-img-lazy-loading-not-50918 avia_image' src=\"https:\/\/radiorevelacionfm.cl\/wp-content\/uploads\/2025\/02\/WhatsApp-Image-2025-02-26-at-9.35.13-AM-1-1.jpeg\" alt='' title='WhatsApp Image 2025-02-26 at 9.35.13 AM (1) (1)' height=\"600\" width=\"800\"  itemprop=\"thumbnailUrl\" srcset=\"https:\/\/radiorevelacionfm.cl\/wp-content\/uploads\/2025\/02\/WhatsApp-Image-2025-02-26-at-9.35.13-AM-1-1.jpeg 800w, https:\/\/radiorevelacionfm.cl\/wp-content\/uploads\/2025\/02\/WhatsApp-Image-2025-02-26-at-9.35.13-AM-1-1-300x225.jpeg 300w, https:\/\/radiorevelacionfm.cl\/wp-content\/uploads\/2025\/02\/WhatsApp-Image-2025-02-26-at-9.35.13-AM-1-1-768x576.jpeg 768w, https:\/\/radiorevelacionfm.cl\/wp-content\/uploads\/2025\/02\/WhatsApp-Image-2025-02-26-at-9.35.13-AM-1-1-705x529.jpeg 705w, https:\/\/radiorevelacionfm.cl\/wp-content\/uploads\/2025\/02\/WhatsApp-Image-2025-02-26-at-9.35.13-AM-1-1-450x338.jpeg 450w, https:\/\/radiorevelacionfm.cl\/wp-content\/uploads\/2025\/02\/WhatsApp-Image-2025-02-26-at-9.35.13-AM-1-1-600x450.jpeg 600w\" sizes=\"(max-width: 800px) 100vw, 800px\" \/><\/div><\/div><\/div><\/div><div class=\"flex_column av_one_full  flex_column_div av-zero-column-padding first  avia-builder-el-2  el_after_av_one_full  el_before_av_one_full  column-top-margin\" style='border-radius:0px; '><section class=\"av_textblock_section \"  itemscope=\"itemscope\" itemtype=\"https:\/\/schema.org\/BlogPosting\" itemprop=\"blogPost\" ><div class='avia_textblock  '   itemprop=\"text\" ><p style=\"text-align: center;\"><span style=\"font-size: 18pt;\"><b>Subdere destaca incremento de transferencia de recursos en la Regi\u00f3n de Ays\u00e9n<\/b><\/span><\/p>\n<div id=\"gtx-trans\" style=\"position: absolute; left: -50px; top: 4.31534px;\">\n<div class=\"gtx-trans-icon\"><\/div>\n<\/div>\n<\/div><\/section><\/div><div class=\"flex_column av_one_full  flex_column_div av-zero-column-padding first  avia-builder-el-4  el_after_av_one_full  el_before_av_hr  column-top-margin\" style='border-radius:0px; '><section class=\"av_textblock_section \"  itemscope=\"itemscope\" itemtype=\"https:\/\/schema.org\/BlogPosting\" itemprop=\"blogPost\" ><div class='avia_textblock  '   itemprop=\"text\" ><ul>\n<li style=\"font-weight: 400; text-align: justify;\"><em>Desde 2022 hasta ahora, Subdere Ays\u00e9n ya ha transferido para inversi\u00f3n en todos sus programas a los municipios m\u00e1s de 18 mil millones de pesos.<\/em><\/li>\n<li style=\"font-weight: 400; text-align: justify;\"><em>2024 se cerr\u00f3 como el a\u00f1o con mayor transferencia de recursos e inversi\u00f3n durante el gobierno del Presidente Boric en la regi\u00f3n.<\/em><\/li>\n<li style=\"font-weight: 400; text-align: justify;\"><em>La inversi\u00f3n contempla el financiamiento de proyectos en sus programas PMU, PMB y PTRAC.<\/em><\/li>\n<\/ul>\n<p style=\"font-weight: 400; text-align: justify;\">La Subsecretar\u00eda de Desarrollo Regional y Administrativo transfiri\u00f3 a los municipios de la regi\u00f3n de Ays\u00e9n m\u00e1s de 5.690 millones de pesos durante el a\u00f1o 2024 y m\u00e1s de 18 mil millones de pesos desde 2022 a la fecha, de acuerdo al balance entregado por el Delegado Presidencial Regional, Jorge D\u00edaz Guzm\u00e1n, y el director de Subdere, Rodolfo Elgueta Bahamonde.<\/p>\n<p style=\"font-weight: 400; text-align: justify;\">\u201cEl gobierno del presidente Boric cree fuertemente en el rol y trabajo que desarrollan los gobiernos locales, y estos proyectos benefician directamente a las familias y comunidades, impulsando la econom\u00eda local y aportando al desarrollo del territorio. Seguiremos trabajando incansablemente para una gesti\u00f3n mancomunada por la calidad de vida de todas y todos en Ays\u00e9n\u201d, destac\u00f3 Jorge D\u00edaz Guzm\u00e1n.<\/p>\n<p style=\"font-weight: 400; text-align: justify;\">Del total de fondos transferidos, destaca el programa de mejoramiento urbano con m\u00e1s de 3.400 millones de pesos para construcci\u00f3n, reparaci\u00f3n, mejoramiento, conservaci\u00f3n, ampliaci\u00f3n o reposici\u00f3n de servicios higi\u00e9nicos, sedes sociales, canchas, gimnasios, pavimentaci\u00f3n alumbrado p\u00fablico, \u00e1reas verdes, plazas; entre otras iniciativas.<\/p>\n<p style=\"font-weight: 400; text-align: justify;\">\u201cSi consideramos el fondo de recuperaci\u00f3n de ciudades, podemos decir que este ha sido el gobierno que m\u00e1s recursos ha transferido al desarrollo de las comunidades a trav\u00e9s de los municipios. Desde 2022 hasta ahora, Subdere Ays\u00e9n ha transferido para inversi\u00f3n a los municipios, m\u00e1s de 18 mil millones de pesos\u00bb, subray\u00f3 Elgueta.<\/p>\n<p style=\"font-weight: 400; text-align: justify;\">\u201cSubdere \u2013agreg\u00f3- es un organismo fundamental y promotor, que trabaja directamente con las municipalidades y gobiernos regionales, entregando recursos, analizando la inversi\u00f3n y asesorando en materias para el fortalecimiento de los territorios y, por ende, de las comunidades que cohabitan en \u00e9l\u201d.<\/p>\n<p style=\"font-weight: 400; text-align: justify;\">Subdere es la instituci\u00f3n p\u00fablica responsable de conducir y promover el fortalecimiento de los gobiernos subnacionales y el proceso de descentralizaci\u00f3n, a trav\u00e9s de la coordinaci\u00f3n, impulso y evaluaci\u00f3n del desarrollo regional, provincial y local.<\/p>\n<p style=\"font-weight: 400; text-align: justify;\">Tambi\u00e9n considera asesor\u00edas t\u00e9cnicas que permiten a los gobiernos locales contratar profesionales t\u00e9cnicos que apoyen la formulaci\u00f3n de iniciativas como proyectos del Programa de Mejoramiento Urbano y Programa de Mejoramiento de Barrios, que contempla financiamiento para saneamiento sanitario, reparaciones\/ampliaciones de sistemas de agua potable y alcantarillado, plantas de agua potable y aguas servidas, entre otros.<\/p>\n<\/div><\/section><\/div><div  style='height:50px' class='hr hr-invisible   avia-builder-el-6  el_after_av_one_full  el_before_av_social_share '><span class='hr-inner ' ><span class='hr-inner-style'><\/span><\/span><\/div><\/p>\n<div  class='av-social-sharing-box  avia-builder-el-7  el_after_av_hr  el_before_av_hr  '><div class='av-share-box'><h5 class='av-share-link-description av-no-toc '>Compartir esta noticia<\/h5><ul class='av-share-box-list noLightbox'><li class='av-share-link av-social-link-facebook' ><a target=\"_blank\" aria-label=\"Compartir en Facebook\" href='https:\/\/www.facebook.com\/sharer.php?u=https:\/\/radiorevelacionfm.cl\/?p=50917&#038;t=Subdere%20destaca%20incremento%20de%20transferencia%20de%20recursos%20en%20la%20Regi%C3%B3n%20de%20Ays%C3%A9n' aria-hidden='false' data-av_icon='\ue8f3' data-av_iconfont='entypo-fontello' title='' data-avia-related-tooltip='Compartir en Facebook' rel=\"noopener\"><span class='avia_hidden_link_text'>Compartir en Facebook<\/span><\/a><\/li><li class='av-share-link av-social-link-twitter' ><a target=\"_blank\" aria-label=\"Compartir en Twitter\" href='https:\/\/twitter.com\/share?text=Subdere%20destaca%20incremento%20de%20transferencia%20de%20recursos%20en%20la%20Regi%C3%B3n%20de%20Ays%C3%A9n&#038;url=https:\/\/radiorevelacionfm.cl\/?p=50917' aria-hidden='false' data-av_icon='\ue8f1' data-av_iconfont='entypo-fontello' title='' data-avia-related-tooltip='Compartir en Twitter' rel=\"noopener\"><span class='avia_hidden_link_text'>Compartir en Twitter<\/span><\/a><\/li><li class='av-share-link av-social-link-whatsapp' ><a target=\"_blank\" aria-label=\"Compartir en Whatsapp\" href='https:\/\/api.whatsapp.com\/send?text=https:\/\/radiorevelacionfm.cl\/?p=50917' aria-hidden='false' data-av_icon='\uf232' data-av_iconfont='entypo-fontello' title='' data-avia-related-tooltip='Compartir en Whatsapp' rel=\"noopener\"><span class='avia_hidden_link_text'>Compartir en Whatsapp<\/span><\/a><\/li><li class='av-share-link av-social-link-linkedin' ><a target=\"_blank\" aria-label=\"Compartir en LinkedIn\" href='https:\/\/linkedin.com\/shareArticle?mini=true&#038;title=Subdere%20destaca%20incremento%20de%20transferencia%20de%20recursos%20en%20la%20Regi%C3%B3n%20de%20Ays%C3%A9n&#038;url=https:\/\/radiorevelacionfm.cl\/?p=50917' aria-hidden='false' data-av_icon='\ue8fc' data-av_iconfont='entypo-fontello' title='' data-avia-related-tooltip='Compartir en LinkedIn' rel=\"noopener\"><span class='avia_hidden_link_text'>Compartir en LinkedIn<\/span><\/a><\/li><li class='av-share-link av-social-link-mail' ><a  aria-label=\"Compartir por correo\" href='mailto:?subject=Subdere%20destaca%20incremento%20de%20transferencia%20de%20recursos%20en%20la%20Regi%C3%B3n%20de%20Ays%C3%A9n&#038;body=https:\/\/radiorevelacionfm.cl\/?p=50917' aria-hidden='false' data-av_icon='\ue805' data-av_iconfont='entypo-fontello' title='' data-avia-related-tooltip='Compartir por correo'><span class='avia_hidden_link_text'>Compartir por correo<\/span><\/a><\/li><\/ul><\/div><\/div>\n<div  style='height:50px' class='hr hr-invisible   avia-builder-el-8  el_after_av_social_share  el_before_av_comments_list '><span class='hr-inner ' ><span class='hr-inner-style'><\/span><\/span><\/div>\n<div  class='av-buildercomment  av-blog-meta-html-info-disabled av-blog-meta-tag-disabled  '><\/div>\n","protected":false},"excerpt":{"rendered":"","protected":false},"author":1,"featured_media":50918,"comment_status":"open","ping_status":"open","sticky":false,"template":"","format":"standard","meta":{"footnotes":""},"categories":[38],"tags":[],"class_list":["post-50917","post","type-post","status-publish","format-standard","has-post-thumbnail","hentry","category-regional"],"jetpack_featured_media_url":"https:\/\/radiorevelacionfm.cl\/wp-content\/uploads\/2025\/02\/WhatsApp-Image-2025-02-26-at-9.35.13-AM-1-1.jpeg","_links":{"self":[{"href":"https:\/\/radiorevelacionfm.cl\/index.php?rest_route=\/wp\/v2\/posts\/50917","targetHints":{"allow":["GET"]}}],"collection":[{"href":"https:\/\/radiorevelacionfm.cl\/index.php?rest_route=\/wp\/v2\/posts"}],"about":[{"href":"https:\/\/radiorevelacionfm.cl\/index.php?rest_route=\/wp\/v2\/types\/post"}],"author":[{"embeddable":true,"href":"https:\/\/radiorevelacionfm.cl\/index.php?rest_route=\/wp\/v2\/users\/1"}],"replies":[{"embeddable":true,"href":"https:\/\/radiorevelacionfm.cl\/index.php?rest_route=%2Fwp%2Fv2%2Fcomments&post=50917"}],"version-history":[{"count":1,"href":"https:\/\/radiorevelacionfm.cl\/index.php?rest_route=\/wp\/v2\/posts\/50917\/revisions"}],"predecessor-version":[{"id":50919,"href":"https:\/\/radiorevelacionfm.cl\/index.php?rest_route=\/wp\/v2\/posts\/50917\/revisions\/50919"}],"wp:featuredmedia":[{"embeddable":true,"href":"https:\/\/radiorevelacionfm.cl\/index.php?rest_route=\/wp\/v2\/media\/50918"}],"wp:attachment":[{"href":"https:\/\/radiorevelacionfm.cl\/index.php?rest_route=%2Fwp%2Fv2%2Fmedia&parent=50917"}],"wp:term":[{"taxonomy":"category","embeddable":true,"href":"https:\/\/radiorevelacionfm.cl\/index.php?rest_route=%2Fwp%2Fv2%2Fcategories&post=50917"},{"taxonomy":"post_tag","embeddable":true,"href":"https:\/\/radiorevelacionfm.cl\/index.php?rest_route=%2Fwp%2Fv2%2Ftags&post=50917"}],"curies":[{"name":"wp","href":"https:\/\/api.w.org\/{rel}","templated":true}]}}