{"id":50914,"date":"2025-02-26T12:34:24","date_gmt":"2025-02-26T15:34:24","guid":{"rendered":"https:\/\/radiorevelacionfm.cl\/?p=50914"},"modified":"2025-02-26T12:34:24","modified_gmt":"2025-02-26T15:34:24","slug":"indap-aysen-impulsa-la-transicion-a-una-agricultura-mas-resiliente-frente-al-cambio-climatico","status":"publish","type":"post","link":"https:\/\/radiorevelacionfm.cl\/?p=50914","title":{"rendered":"Indap Ays\u00e9n impulsa la transici\u00f3n a una agricultura m\u00e1s resiliente frente al cambio clim\u00e1tico"},"content":{"rendered":"<div class=\"flex_column av_one_full  flex_column_div av-zero-column-padding first  avia-builder-el-0  el_before_av_one_full  avia-builder-el-first  \" style='border-radius:0px; '><div  class='avia-image-container  av-styling-    avia-builder-el-1  avia-builder-el-no-sibling  avia-align-center '  itemprop=\"image\" itemscope=\"itemscope\" itemtype=\"https:\/\/schema.org\/ImageObject\"  ><div class='avia-image-container-inner'><div class='avia-image-overlay-wrap'><img decoding=\"async\" class='wp-image-50915 avia-img-lazy-loading-not-50915 avia_image' src=\"https:\/\/radiorevelacionfm.cl\/wp-content\/uploads\/2025\/02\/red-sustentabilidad-2-1-1_optimized-1.jpeg\" alt='' title='red-sustentabilidad-2-(1)-(1)_optimized (1)' height=\"600\" width=\"800\"  itemprop=\"thumbnailUrl\" srcset=\"https:\/\/radiorevelacionfm.cl\/wp-content\/uploads\/2025\/02\/red-sustentabilidad-2-1-1_optimized-1.jpeg 800w, https:\/\/radiorevelacionfm.cl\/wp-content\/uploads\/2025\/02\/red-sustentabilidad-2-1-1_optimized-1-300x225.jpeg 300w, https:\/\/radiorevelacionfm.cl\/wp-content\/uploads\/2025\/02\/red-sustentabilidad-2-1-1_optimized-1-768x576.jpeg 768w, https:\/\/radiorevelacionfm.cl\/wp-content\/uploads\/2025\/02\/red-sustentabilidad-2-1-1_optimized-1-705x529.jpeg 705w, https:\/\/radiorevelacionfm.cl\/wp-content\/uploads\/2025\/02\/red-sustentabilidad-2-1-1_optimized-1-450x338.jpeg 450w, https:\/\/radiorevelacionfm.cl\/wp-content\/uploads\/2025\/02\/red-sustentabilidad-2-1-1_optimized-1-600x450.jpeg 600w\" sizes=\"(max-width: 800px) 100vw, 800px\" \/><\/div><\/div><\/div><\/div><div class=\"flex_column av_one_full  flex_column_div av-zero-column-padding first  avia-builder-el-2  el_after_av_one_full  el_before_av_one_full  column-top-margin\" style='border-radius:0px; '><section class=\"av_textblock_section \"  itemscope=\"itemscope\" itemtype=\"https:\/\/schema.org\/BlogPosting\" itemprop=\"blogPost\" ><div class='avia_textblock  '   itemprop=\"text\" ><p style=\"text-align: center;\"><strong><span style=\"font-size: 18pt;\">Indap Ays\u00e9n impulsa la transici\u00f3n a una agricultura m\u00e1s resiliente frente al cambio clim\u00e1tico<\/span><\/strong><\/p>\n<div id=\"gtx-trans\" style=\"position: absolute; left: -50px; top: 4.31534px;\">\n<div class=\"gtx-trans-icon\"><\/div>\n<\/div>\n<\/div><\/section><\/div><div class=\"flex_column av_one_full  flex_column_div av-zero-column-padding first  avia-builder-el-4  el_after_av_one_full  el_before_av_hr  column-top-margin\" style='border-radius:0px; '><section class=\"av_textblock_section \"  itemscope=\"itemscope\" itemtype=\"https:\/\/schema.org\/BlogPosting\" itemprop=\"blogPost\" ><div class='avia_textblock  '   itemprop=\"text\" ><p style=\"text-align: justify;\">Para enfrentar los desaf\u00edos que el cambio clim\u00e1tico significa para la agricultura familiar campesina, INDAP Ays\u00e9n est\u00e1 trabajando en fortalecer su capacidad de respuesta y adquirir los conocimientos necesarios para preparar las familias campesinas de Ays\u00e9n para que realicen sus actividades agr\u00edcolas de manera m\u00e1s sustentable. En este contexto, se present\u00f3 en INDAP Ays\u00e9n la propuesta para la Pol\u00edtica Nacional para la Gesti\u00f3n del Riesgo de Desastres y Adaptaci\u00f3n al Cambio Clim\u00e1tico de la Agricultura Familiar Campesina e Ind\u00edgena (AFCI) 2025-2030, un instrumento clave para avanzar hacia sistemas agr\u00edcolas m\u00e1s resilientes.<\/p>\n<p style=\"text-align: justify;\">Ays\u00e9n es una regi\u00f3n con condiciones geogr\u00e1ficas y clim\u00e1ticas particulares: suelos fr\u00e1giles, estaciones cortas y eventos clim\u00e1ticos extremos, como nevadas, sequ\u00edas y lluvias intensas, que afectan la producci\u00f3n agr\u00edcola. Por ello, INDAP trabaja en fortalecer la asesor\u00eda t\u00e9cnica y en generar espacios de aprendizaje para que los productores incorporen pr\u00e1cticas agroecol\u00f3gicas que les permitan adaptarse. \u00abQueremos que nuestras familias campesinas no tengan que luchar contra el cambio clim\u00e1tico, sino que puedan prosperar en armon\u00eda con el entorno considerando sus desaf\u00edos desde el conocimiento. Nuestra misi\u00f3n es acompa\u00f1ar a nuestras agricultoras y agricultores en este camino, entregando herramientas concretas para mejorar su producci\u00f3n de manera sostenible\u00bb, destac\u00f3 Yessica Lagos C\u00e1rdenas, directora regional de INDAP Ays\u00e9n.<\/p>\n<p style=\"text-align: justify;\">En el marco de esta estrategia, la Regi\u00f3n de Ays\u00e9n recibi\u00f3 la visita del Coordinador de la Red de Sostenibilidad de INDAP Patricio Camoglino Escobar, quien sostuvo reuniones con equipos t\u00e9cnicos, visit\u00f3 predios de agricultoras que han avanzado en pr\u00e1cticas agroecol\u00f3gicas y particip\u00f3 en un taller de sostenibilidad y transici\u00f3n agroecol\u00f3gica.<\/p>\n<p style=\"text-align: justify;\">Este trabajo se enmarca en la Estrategia INDAP 2023-2030, que busca fortalecer la agricultura familiar campesina para que produzca m\u00e1s y mejor, con un menor impacto en el medioambiente. Para lograrlo, se han definido tres objetivos clave: impulsar sistemas agroalimentarios sostenibles y biodiversos, lo que significa ayudar a las y los productores a adoptar pr\u00e1cticas que cuiden el suelo, el agua y la biodiversidad; fortalecer sus capacidades y competencias, entreg\u00e1ndoles capacitaci\u00f3n y asesor\u00eda para que enfrenten los desaf\u00edos del cambio clim\u00e1tico; y fomentar la participaci\u00f3n y asociatividad, promoviendo el trabajo conjunto entre agricultores, instituciones y otros actores del territorio.<\/p>\n<\/div><\/section><\/div><div  style='height:50px' class='hr hr-invisible   avia-builder-el-6  el_after_av_one_full  el_before_av_social_share '><span class='hr-inner ' ><span class='hr-inner-style'><\/span><\/span><\/div><\/p>\n<div  class='av-social-sharing-box  avia-builder-el-7  el_after_av_hr  el_before_av_hr  '><div class='av-share-box'><h5 class='av-share-link-description av-no-toc '>Compartir esta noticia<\/h5><ul class='av-share-box-list noLightbox'><li class='av-share-link av-social-link-facebook' ><a target=\"_blank\" aria-label=\"Compartir en Facebook\" href='https:\/\/www.facebook.com\/sharer.php?u=https:\/\/radiorevelacionfm.cl\/?p=50914&#038;t=Indap%20Ays%C3%A9n%20impulsa%20la%20transici%C3%B3n%20a%20una%20agricultura%20m%C3%A1s%20resiliente%20frente%20al%20cambio%20clim%C3%A1tico' aria-hidden='false' data-av_icon='\ue8f3' data-av_iconfont='entypo-fontello' title='' data-avia-related-tooltip='Compartir en Facebook' rel=\"noopener\"><span class='avia_hidden_link_text'>Compartir en Facebook<\/span><\/a><\/li><li class='av-share-link av-social-link-twitter' ><a target=\"_blank\" aria-label=\"Compartir en Twitter\" href='https:\/\/twitter.com\/share?text=Indap%20Ays%C3%A9n%20impulsa%20la%20transici%C3%B3n%20a%20una%20agricultura%20m%C3%A1s%20resiliente%20frente%20al%20cambio%20clim%C3%A1tico&#038;url=https:\/\/radiorevelacionfm.cl\/?p=50914' aria-hidden='false' data-av_icon='\ue8f1' data-av_iconfont='entypo-fontello' title='' data-avia-related-tooltip='Compartir en Twitter' rel=\"noopener\"><span class='avia_hidden_link_text'>Compartir en Twitter<\/span><\/a><\/li><li class='av-share-link av-social-link-whatsapp' ><a target=\"_blank\" aria-label=\"Compartir en Whatsapp\" href='https:\/\/api.whatsapp.com\/send?text=https:\/\/radiorevelacionfm.cl\/?p=50914' aria-hidden='false' data-av_icon='\uf232' data-av_iconfont='entypo-fontello' title='' data-avia-related-tooltip='Compartir en Whatsapp' rel=\"noopener\"><span class='avia_hidden_link_text'>Compartir en Whatsapp<\/span><\/a><\/li><li class='av-share-link av-social-link-linkedin' ><a target=\"_blank\" aria-label=\"Compartir en LinkedIn\" href='https:\/\/linkedin.com\/shareArticle?mini=true&#038;title=Indap%20Ays%C3%A9n%20impulsa%20la%20transici%C3%B3n%20a%20una%20agricultura%20m%C3%A1s%20resiliente%20frente%20al%20cambio%20clim%C3%A1tico&#038;url=https:\/\/radiorevelacionfm.cl\/?p=50914' aria-hidden='false' data-av_icon='\ue8fc' data-av_iconfont='entypo-fontello' title='' data-avia-related-tooltip='Compartir en LinkedIn' rel=\"noopener\"><span class='avia_hidden_link_text'>Compartir en LinkedIn<\/span><\/a><\/li><li class='av-share-link av-social-link-mail' ><a  aria-label=\"Compartir por correo\" href='mailto:?subject=Indap%20Ays%C3%A9n%20impulsa%20la%20transici%C3%B3n%20a%20una%20agricultura%20m%C3%A1s%20resiliente%20frente%20al%20cambio%20clim%C3%A1tico&#038;body=https:\/\/radiorevelacionfm.cl\/?p=50914' aria-hidden='false' data-av_icon='\ue805' data-av_iconfont='entypo-fontello' title='' data-avia-related-tooltip='Compartir por correo'><span class='avia_hidden_link_text'>Compartir por correo<\/span><\/a><\/li><\/ul><\/div><\/div>\n<div  style='height:50px' class='hr hr-invisible   avia-builder-el-8  el_after_av_social_share  el_before_av_comments_list '><span class='hr-inner ' ><span class='hr-inner-style'><\/span><\/span><\/div>\n<div  class='av-buildercomment  av-blog-meta-html-info-disabled av-blog-meta-tag-disabled  '><\/div>\n","protected":false},"excerpt":{"rendered":"","protected":false},"author":1,"featured_media":50915,"comment_status":"open","ping_status":"open","sticky":false,"template":"","format":"standard","meta":{"footnotes":""},"categories":[58],"tags":[],"class_list":["post-50914","post","type-post","status-publish","format-standard","has-post-thumbnail","hentry","category-agricultura"],"jetpack_featured_media_url":"https:\/\/radiorevelacionfm.cl\/wp-content\/uploads\/2025\/02\/red-sustentabilidad-2-1-1_optimized-1.jpeg","_links":{"self":[{"href":"https:\/\/radiorevelacionfm.cl\/index.php?rest_route=\/wp\/v2\/posts\/50914","targetHints":{"allow":["GET"]}}],"collection":[{"href":"https:\/\/radiorevelacionfm.cl\/index.php?rest_route=\/wp\/v2\/posts"}],"about":[{"href":"https:\/\/radiorevelacionfm.cl\/index.php?rest_route=\/wp\/v2\/types\/post"}],"author":[{"embeddable":true,"href":"https:\/\/radiorevelacionfm.cl\/index.php?rest_route=\/wp\/v2\/users\/1"}],"replies":[{"embeddable":true,"href":"https:\/\/radiorevelacionfm.cl\/index.php?rest_route=%2Fwp%2Fv2%2Fcomments&post=50914"}],"version-history":[{"count":1,"href":"https:\/\/radiorevelacionfm.cl\/index.php?rest_route=\/wp\/v2\/posts\/50914\/revisions"}],"predecessor-version":[{"id":50916,"href":"https:\/\/radiorevelacionfm.cl\/index.php?rest_route=\/wp\/v2\/posts\/50914\/revisions\/50916"}],"wp:featuredmedia":[{"embeddable":true,"href":"https:\/\/radiorevelacionfm.cl\/index.php?rest_route=\/wp\/v2\/media\/50915"}],"wp:attachment":[{"href":"https:\/\/radiorevelacionfm.cl\/index.php?rest_route=%2Fwp%2Fv2%2Fmedia&parent=50914"}],"wp:term":[{"taxonomy":"category","embeddable":true,"href":"https:\/\/radiorevelacionfm.cl\/index.php?rest_route=%2Fwp%2Fv2%2Fcategories&post=50914"},{"taxonomy":"post_tag","embeddable":true,"href":"https:\/\/radiorevelacionfm.cl\/index.php?rest_route=%2Fwp%2Fv2%2Ftags&post=50914"}],"curies":[{"name":"wp","href":"https:\/\/api.w.org\/{rel}","templated":true}]}}