{"id":50911,"date":"2025-02-26T14:35:37","date_gmt":"2025-02-26T17:35:37","guid":{"rendered":"https:\/\/radiorevelacionfm.cl\/?p=50911"},"modified":"2025-02-26T14:35:37","modified_gmt":"2025-02-26T17:35:37","slug":"difunden-los-signos-de-alerta-de-cancer-infantil-y-ley-sanna-de-acompanamiento-a-ninos-ninas-y-adolescentes-con-enfermedades-graves","status":"publish","type":"post","link":"https:\/\/radiorevelacionfm.cl\/?p=50911","title":{"rendered":"Difunden los signos de alerta de c\u00e1ncer infantil y Ley Sanna de acompa\u00f1amiento a ni\u00f1os, ni\u00f1as y adolescentes con enfermedades graves"},"content":{"rendered":"<div class=\"flex_column av_one_full  flex_column_div av-zero-column-padding first  avia-builder-el-0  el_before_av_one_full  avia-builder-el-first  \" style='border-radius:0px; '><div  class='avia-image-container  av-styling-    avia-builder-el-1  avia-builder-el-no-sibling  avia-align-center '  itemprop=\"image\" itemscope=\"itemscope\" itemtype=\"https:\/\/schema.org\/ImageObject\"  ><div class='avia-image-container-inner'><div class='avia-image-overlay-wrap'><img decoding=\"async\" class='wp-image-50912 avia-img-lazy-loading-not-50912 avia_image' src=\"https:\/\/radiorevelacionfm.cl\/wp-content\/uploads\/2025\/02\/alertascancerinfantil_leysannafeb2025-1-1_optimized.jpeg\" alt='' title='alertascancerinfantil_leysannafeb2025-(1)-(1)_optimized' height=\"600\" width=\"800\"  itemprop=\"thumbnailUrl\" srcset=\"https:\/\/radiorevelacionfm.cl\/wp-content\/uploads\/2025\/02\/alertascancerinfantil_leysannafeb2025-1-1_optimized.jpeg 800w, https:\/\/radiorevelacionfm.cl\/wp-content\/uploads\/2025\/02\/alertascancerinfantil_leysannafeb2025-1-1_optimized-300x225.jpeg 300w, https:\/\/radiorevelacionfm.cl\/wp-content\/uploads\/2025\/02\/alertascancerinfantil_leysannafeb2025-1-1_optimized-768x576.jpeg 768w, https:\/\/radiorevelacionfm.cl\/wp-content\/uploads\/2025\/02\/alertascancerinfantil_leysannafeb2025-1-1_optimized-705x529.jpeg 705w, https:\/\/radiorevelacionfm.cl\/wp-content\/uploads\/2025\/02\/alertascancerinfantil_leysannafeb2025-1-1_optimized-450x338.jpeg 450w, https:\/\/radiorevelacionfm.cl\/wp-content\/uploads\/2025\/02\/alertascancerinfantil_leysannafeb2025-1-1_optimized-600x450.jpeg 600w\" sizes=\"(max-width: 800px) 100vw, 800px\" \/><\/div><\/div><\/div><\/div><div class=\"flex_column av_one_full  flex_column_div av-zero-column-padding first  avia-builder-el-2  el_after_av_one_full  el_before_av_one_full  column-top-margin\" style='border-radius:0px; '><section class=\"av_textblock_section \"  itemscope=\"itemscope\" itemtype=\"https:\/\/schema.org\/BlogPosting\" itemprop=\"blogPost\" ><div class='avia_textblock  '   itemprop=\"text\" ><p style=\"text-align: center;\"><span style=\"font-size: 18pt;\"><b>Difunden los signos de alerta de c\u00e1ncer infantil y Ley Sanna de acompa\u00f1amiento a ni\u00f1os, ni\u00f1as y adolescentes con enfermedades graves<\/b><\/span><\/p>\n<div id=\"gtx-trans\" style=\"position: absolute; left: -50px; top: 4.31534px;\">\n<div class=\"gtx-trans-icon\"><\/div>\n<\/div>\n<\/div><\/section><\/div><div class=\"flex_column av_one_full  flex_column_div av-zero-column-padding first  avia-builder-el-4  el_after_av_one_full  el_before_av_hr  column-top-margin\" style='border-radius:0px; '><section class=\"av_textblock_section \"  itemscope=\"itemscope\" itemtype=\"https:\/\/schema.org\/BlogPosting\" itemprop=\"blogPost\" ><div class='avia_textblock  '   itemprop=\"text\" ><p style=\"text-align: justify;\"><em>En el contexto del D\u00eda Internacional del C\u00e1ncer Infantil, se realiza un llamado a la detecci\u00f3n temprana, a trav\u00e9s del conocimiento de los signos de alerta.<\/em><\/p>\n<p class=\"v1MsoNormal\" style=\"text-align: justify;\">Con el lema \u00abRecuerda: Juntos podemos detectar a tiempo\u00bb, se realiz\u00f3 una difusi\u00f3n en espacios p\u00fablicos de Coyhaique para concientizar a adultos a cargo de ni\u00f1as, ni\u00f1os y adolescentes (NNA) de las se\u00f1ales de alerta ante el c\u00e1ncer infantil y del Seguro Sanna, de acompa\u00f1amiento a NNA con enfermedades graves, en el contexto de la conmemoraci\u00f3n del D\u00eda Internacional del C\u00e1ncer Infantil.<\/p>\n<p class=\"v1MsoNormal\" style=\"text-align: justify;\">Alejandra Narv\u00e1ez, referente de C\u00e1ncer de la Seremi de Salud Ays\u00e9n, explic\u00f3 sobre esta actividad, \u00abDesde la mesa intersectorial de prevenci\u00f3n del c\u00e1ncer, liderada por la Seremi de Salud, hoy queremos relevar que el 15 de febrero fue el D\u00eda Internacional del c\u00e1ncer infantil. Junto al Servicio de Salud y al Seremi del Trabajo, nos encontramos entregando informaci\u00f3n importante sobre las se\u00f1ales de alerta en este tipo de c\u00e1ncer\u00bb.<\/p>\n<p class=\"v1MsoNormal\" style=\"text-align: justify;\">Una importante noticia es que desde el mes de marzo se contar\u00e1 con un referente en c\u00e1ncer infantil en la regi\u00f3n, as\u00ed lo confirm\u00f3 la coordinadora de la Red Oncol\u00f3gica del servicio de Salud Ays\u00e9n, Pamela Aguirre, \u00abQuiero contarles que desde marzo se incorporar\u00e1 el referente de c\u00e1ncer infantil a la red asistencial, el cual ser\u00e1 un asesor y articulador con el Hospital Regional Coyhaique (HRC). Actualmente\u00a0se mantienen bajo control en el policl\u00ednico de pediatr\u00eda\u00a0del HRC 14 ni\u00f1os menores de 15 a\u00f1os, del cual uno de ellos est\u00e1 en tratamiento activo con quimioterapia. Ac\u00e1 en la Regi\u00f3n de Ays\u00e9n hacemos seguimiento y control de nuestros ni\u00f1os, ni\u00f1as y adolescentes, y ante cualquier signo de alarma, les pedimos consultar inmediatamente al servicio de urgencias del hospital regional\u00bb.<\/p>\n<p class=\"v1MsoNormal\" style=\"text-align: justify;\">Desde el punto de vista laboral, para los padres, madres y tutores legales de NNA con alguna enfermedad grave, como c\u00e1ncer, existe el Seguro Sanna, lo cual fue explicado por el Seremi(s) del trabajo y Previsi\u00f3n Social, Christian Aros y director regional del Trabajo, \u00abComo Ministerio del Trabajo queremos recordar que existe la ley Sanna, que otorga un derecho al padre, madre o cuidador de un ni\u00f1o o ni\u00f1a o adolescente mayor de 1 a\u00f1o menor de 15 o 18 a\u00f1os, seg\u00fan corresponda, de un permiso pagado para poder acompa\u00f1arlo dentro o durante este proceso. Este permiso en el a\u00f1o 2023 aument\u00f3 de 90 a 180 d\u00edas y los requisitos para poder acceder a ellos est\u00e1n en\u00a0<a href=\"http:\/\/www.suceso.cl\/\" target=\"_blank\" rel=\"noopener noreferrer\">www.suceso.cl<\/a>\u00ab.<\/p>\n<p class=\"v1MsoNormal\" style=\"text-align: justify;\">El Seguro Sanna, Ley N\u00b0 21.063, entr\u00f3 en vigencia en enero de 2017 y ha ido avanzando por etapas. Entre las enfermedades que cubre est\u00e1n el c\u00e1ncer de cualquier tipo (para NNA de 1 a 18 a\u00f1os); trasplante de \u00f3rgano s\u00f3lido y de progenitores hematopoy\u00e9ticos (para NNA de 1 a 18 a\u00f1os); Aquellos que se encuentran en fase o estado terminal de su vida y los cuidados paliativos en caso de c\u00e1ncer avanzado (para NNA de 1 a 18 a\u00f1os) y Accidente grave, con riesgo de muerte o secuela funcional grave o permanente (para NNA de 1 a15 a\u00f1os), y tal como mencion\u00f3 el Seremi(s) Christian Aros, en el a\u00f1o 2023 tuvo modificaciones, incorpor\u00e1ndose tambi\u00e9n enfermedades graves que requieran hospitalizaci\u00f3n en una UCI o UTI (para NNA de 1 a\u00f1o hasta 5 a\u00f1os).<\/p>\n<p class=\"v1MsoNormal\" style=\"text-align: justify;\"><b><u>Se\u00f1ales de alerta<\/u><\/b><\/p>\n<p style=\"text-align: justify;\"><span lang=\"ES\">\u00b7\u00a0\u00a0\u00a0\u00a0\u00a0\u00a0\u00a0\u00a0\u00a0<\/span><span lang=\"ES\">Algunas se\u00f1ales de alerta de c\u00e1ncer infantil:<\/span><\/p>\n<p style=\"text-align: justify;\"><span lang=\"ES\">\u00b7\u00a0\u00a0\u00a0\u00a0\u00a0\u00a0\u00a0\u00a0\u00a0<\/span><span lang=\"ES\">Dolor de cabeza, mareos, v\u00f3mitos, cambios en el comportamiento<\/span><\/p>\n<p style=\"text-align: justify;\"><span lang=\"ES\">\u00b7\u00a0\u00a0\u00a0\u00a0\u00a0\u00a0\u00a0\u00a0\u00a0<\/span><span lang=\"ES\">Aumento de volumen del abdomen<\/span><\/p>\n<p style=\"text-align: justify;\"><span lang=\"ES\">\u00b7\u00a0\u00a0\u00a0\u00a0\u00a0\u00a0\u00a0\u00a0\u00a0<\/span><span lang=\"ES\">Aumento de volumen en cualquier parte del cuerpo<\/span><\/p>\n<p style=\"text-align: justify;\"><span lang=\"ES\">\u00b7\u00a0\u00a0\u00a0\u00a0\u00a0\u00a0\u00a0\u00a0\u00a0<\/span><span lang=\"ES\">Sangrado repentino\/persistente de la nariz o las enc\u00edas<\/span><\/p>\n<p style=\"text-align: justify;\"><span lang=\"ES\">\u00b7\u00a0\u00a0\u00a0\u00a0\u00a0\u00a0\u00a0\u00a0\u00a0<\/span><span lang=\"ES\">Bultos o hinchaz\u00f3n, especialmente, en el cuello, las axilas o la ingle<\/span><\/p>\n<p style=\"text-align: justify;\"><span lang=\"ES\">\u00b7\u00a0\u00a0\u00a0\u00a0\u00a0\u00a0\u00a0\u00a0\u00a0<\/span><span lang=\"ES\">Pupila blanca o estrabismo de nueva aparici\u00f3n<\/span><\/p>\n<p style=\"text-align: justify;\"><span lang=\"ES\">\u00b7\u00a0\u00a0\u00a0\u00a0\u00a0\u00a0\u00a0\u00a0\u00a0<\/span><span lang=\"ES\">Moretones o manchas rojas o moradas que no se pueden explicar<\/span><\/p>\n<p style=\"text-align: justify;\"><span lang=\"ES\">\u00b7\u00a0\u00a0\u00a0\u00a0\u00a0\u00a0\u00a0\u00a0\u00a0<\/span><span lang=\"ES\">Palidez, fatiga, letargo<\/span><\/p>\n<p style=\"text-align: justify;\"><span lang=\"ES\">\u00b7\u00a0\u00a0\u00a0\u00a0\u00a0\u00a0\u00a0\u00a0\u00a0<\/span><span lang=\"ES\">P\u00e9rdida de peso inexplicable o fiebre, sudoraci\u00f3n nocturna<\/span><\/p>\n<p style=\"text-align: justify;\"><span lang=\"ES\">\u00b7\u00a0\u00a0\u00a0\u00a0\u00a0\u00a0\u00a0\u00a0\u00a0<\/span><span lang=\"ES\">Dolor \u00f3seo y articular<\/span><\/p>\n<p class=\"v1MsoNormal\" style=\"text-align: justify;\">Para mayor informaci\u00f3n, se puede visitar la p\u00e1gina\u00a0<a href=\"https:\/\/redcronicas.minsal.cl\/cancer-infantoadolescente\/\" target=\"_blank\" rel=\"noopener noreferrer\">https:\/\/redcronicas.minsal.cl\/cancer-infantoadolescente\/<\/a><\/p>\n<\/div><\/section><\/div><div  style='height:50px' class='hr hr-invisible   avia-builder-el-6  el_after_av_one_full  el_before_av_social_share '><span class='hr-inner ' ><span class='hr-inner-style'><\/span><\/span><\/div><\/p>\n<div  class='av-social-sharing-box  avia-builder-el-7  el_after_av_hr  el_before_av_hr  '><div class='av-share-box'><h5 class='av-share-link-description av-no-toc '>Compartir esta noticia<\/h5><ul class='av-share-box-list noLightbox'><li class='av-share-link av-social-link-facebook' ><a target=\"_blank\" aria-label=\"Compartir en Facebook\" href='https:\/\/www.facebook.com\/sharer.php?u=https:\/\/radiorevelacionfm.cl\/?p=50911&#038;t=Difunden%20los%20signos%20de%20alerta%20de%20c%C3%A1ncer%20infantil%20y%20Ley%20Sanna%20de%20acompa%C3%B1amiento%20a%20ni%C3%B1os%2C%20ni%C3%B1as%20y%20adolescentes%20con%20enfermedades%20graves' aria-hidden='false' data-av_icon='\ue8f3' data-av_iconfont='entypo-fontello' title='' data-avia-related-tooltip='Compartir en Facebook' rel=\"noopener\"><span class='avia_hidden_link_text'>Compartir en Facebook<\/span><\/a><\/li><li class='av-share-link av-social-link-twitter' ><a target=\"_blank\" aria-label=\"Compartir en Twitter\" href='https:\/\/twitter.com\/share?text=Difunden%20los%20signos%20de%20alerta%20de%20c%C3%A1ncer%20infantil%20y%20Ley%20Sanna%20de%20acompa%C3%B1amiento%20a%20ni%C3%B1os%2C%20ni%C3%B1as%20y%20adolescentes%20con%20enfermedades%20graves&#038;url=https:\/\/radiorevelacionfm.cl\/?p=50911' aria-hidden='false' data-av_icon='\ue8f1' data-av_iconfont='entypo-fontello' title='' data-avia-related-tooltip='Compartir en Twitter' rel=\"noopener\"><span class='avia_hidden_link_text'>Compartir en Twitter<\/span><\/a><\/li><li class='av-share-link av-social-link-whatsapp' ><a target=\"_blank\" aria-label=\"Compartir en Whatsapp\" href='https:\/\/api.whatsapp.com\/send?text=https:\/\/radiorevelacionfm.cl\/?p=50911' aria-hidden='false' data-av_icon='\uf232' data-av_iconfont='entypo-fontello' title='' data-avia-related-tooltip='Compartir en Whatsapp' rel=\"noopener\"><span class='avia_hidden_link_text'>Compartir en Whatsapp<\/span><\/a><\/li><li class='av-share-link av-social-link-linkedin' ><a target=\"_blank\" aria-label=\"Compartir en LinkedIn\" href='https:\/\/linkedin.com\/shareArticle?mini=true&#038;title=Difunden%20los%20signos%20de%20alerta%20de%20c%C3%A1ncer%20infantil%20y%20Ley%20Sanna%20de%20acompa%C3%B1amiento%20a%20ni%C3%B1os%2C%20ni%C3%B1as%20y%20adolescentes%20con%20enfermedades%20graves&#038;url=https:\/\/radiorevelacionfm.cl\/?p=50911' aria-hidden='false' data-av_icon='\ue8fc' data-av_iconfont='entypo-fontello' title='' data-avia-related-tooltip='Compartir en LinkedIn' rel=\"noopener\"><span class='avia_hidden_link_text'>Compartir en LinkedIn<\/span><\/a><\/li><li class='av-share-link av-social-link-mail' ><a  aria-label=\"Compartir por correo\" href='mailto:?subject=Difunden%20los%20signos%20de%20alerta%20de%20c%C3%A1ncer%20infantil%20y%20Ley%20Sanna%20de%20acompa%C3%B1amiento%20a%20ni%C3%B1os%2C%20ni%C3%B1as%20y%20adolescentes%20con%20enfermedades%20graves&#038;body=https:\/\/radiorevelacionfm.cl\/?p=50911' aria-hidden='false' data-av_icon='\ue805' data-av_iconfont='entypo-fontello' title='' data-avia-related-tooltip='Compartir por correo'><span class='avia_hidden_link_text'>Compartir por correo<\/span><\/a><\/li><\/ul><\/div><\/div>\n<div  style='height:50px' class='hr hr-invisible   avia-builder-el-8  el_after_av_social_share  el_before_av_comments_list '><span class='hr-inner ' ><span class='hr-inner-style'><\/span><\/span><\/div>\n<div  class='av-buildercomment  av-blog-meta-html-info-disabled av-blog-meta-tag-disabled  '><\/div>\n","protected":false},"excerpt":{"rendered":"","protected":false},"author":1,"featured_media":50912,"comment_status":"open","ping_status":"open","sticky":false,"template":"","format":"standard","meta":{"footnotes":""},"categories":[56],"tags":[],"class_list":["post-50911","post","type-post","status-publish","format-standard","has-post-thumbnail","hentry","category-trabajo"],"jetpack_featured_media_url":"https:\/\/radiorevelacionfm.cl\/wp-content\/uploads\/2025\/02\/alertascancerinfantil_leysannafeb2025-1-1_optimized.jpeg","_links":{"self":[{"href":"https:\/\/radiorevelacionfm.cl\/index.php?rest_route=\/wp\/v2\/posts\/50911","targetHints":{"allow":["GET"]}}],"collection":[{"href":"https:\/\/radiorevelacionfm.cl\/index.php?rest_route=\/wp\/v2\/posts"}],"about":[{"href":"https:\/\/radiorevelacionfm.cl\/index.php?rest_route=\/wp\/v2\/types\/post"}],"author":[{"embeddable":true,"href":"https:\/\/radiorevelacionfm.cl\/index.php?rest_route=\/wp\/v2\/users\/1"}],"replies":[{"embeddable":true,"href":"https:\/\/radiorevelacionfm.cl\/index.php?rest_route=%2Fwp%2Fv2%2Fcomments&post=50911"}],"version-history":[{"count":1,"href":"https:\/\/radiorevelacionfm.cl\/index.php?rest_route=\/wp\/v2\/posts\/50911\/revisions"}],"predecessor-version":[{"id":50913,"href":"https:\/\/radiorevelacionfm.cl\/index.php?rest_route=\/wp\/v2\/posts\/50911\/revisions\/50913"}],"wp:featuredmedia":[{"embeddable":true,"href":"https:\/\/radiorevelacionfm.cl\/index.php?rest_route=\/wp\/v2\/media\/50912"}],"wp:attachment":[{"href":"https:\/\/radiorevelacionfm.cl\/index.php?rest_route=%2Fwp%2Fv2%2Fmedia&parent=50911"}],"wp:term":[{"taxonomy":"category","embeddable":true,"href":"https:\/\/radiorevelacionfm.cl\/index.php?rest_route=%2Fwp%2Fv2%2Fcategories&post=50911"},{"taxonomy":"post_tag","embeddable":true,"href":"https:\/\/radiorevelacionfm.cl\/index.php?rest_route=%2Fwp%2Fv2%2Ftags&post=50911"}],"curies":[{"name":"wp","href":"https:\/\/api.w.org\/{rel}","templated":true}]}}