{"id":50907,"date":"2025-02-26T12:14:17","date_gmt":"2025-02-26T15:14:17","guid":{"rendered":"https:\/\/radiorevelacionfm.cl\/?p=50907"},"modified":"2025-02-26T12:14:17","modified_gmt":"2025-02-26T15:14:17","slug":"vecinos-manifiestan-su-preocupacion-por-conectividad-de-sector-pangal-bajo","status":"publish","type":"post","link":"https:\/\/radiorevelacionfm.cl\/?p=50907","title":{"rendered":"Vecinos manifiestan su preocupaci\u00f3n por conectividad de sector Pangal Bajo"},"content":{"rendered":"<div class=\"flex_column av_one_full  flex_column_div av-zero-column-padding first  avia-builder-el-0  el_before_av_one_full  avia-builder-el-first  \" style='border-radius:0px; '><div  class='avia-image-container  av-styling-    avia-builder-el-1  avia-builder-el-no-sibling  avia-align-center '  itemprop=\"image\" itemscope=\"itemscope\" itemtype=\"https:\/\/schema.org\/ImageObject\"  ><div class='avia-image-container-inner'><div class='avia-image-overlay-wrap'><img decoding=\"async\" class='wp-image-50909 avia-img-lazy-loading-not-50909 avia_image' src=\"https:\/\/radiorevelacionfm.cl\/wp-content\/uploads\/2025\/02\/foto-pangal-bajo-1_optimized-2-1.jpeg\" alt='' title='foto-pangal-bajo-(1)_optimized (2) (1)' height=\"600\" width=\"993\"  itemprop=\"thumbnailUrl\" srcset=\"https:\/\/radiorevelacionfm.cl\/wp-content\/uploads\/2025\/02\/foto-pangal-bajo-1_optimized-2-1.jpeg 993w, https:\/\/radiorevelacionfm.cl\/wp-content\/uploads\/2025\/02\/foto-pangal-bajo-1_optimized-2-1-300x181.jpeg 300w, https:\/\/radiorevelacionfm.cl\/wp-content\/uploads\/2025\/02\/foto-pangal-bajo-1_optimized-2-1-768x464.jpeg 768w, https:\/\/radiorevelacionfm.cl\/wp-content\/uploads\/2025\/02\/foto-pangal-bajo-1_optimized-2-1-705x426.jpeg 705w, https:\/\/radiorevelacionfm.cl\/wp-content\/uploads\/2025\/02\/foto-pangal-bajo-1_optimized-2-1-450x272.jpeg 450w, https:\/\/radiorevelacionfm.cl\/wp-content\/uploads\/2025\/02\/foto-pangal-bajo-1_optimized-2-1-600x363.jpeg 600w\" sizes=\"(max-width: 993px) 100vw, 993px\" \/><\/div><\/div><\/div><\/div><div class=\"flex_column av_one_full  flex_column_div av-zero-column-padding first  avia-builder-el-2  el_after_av_one_full  el_before_av_one_full  column-top-margin\" style='border-radius:0px; '><section class=\"av_textblock_section \"  itemscope=\"itemscope\" itemtype=\"https:\/\/schema.org\/BlogPosting\" itemprop=\"blogPost\" ><div class='avia_textblock  '   itemprop=\"text\" ><p style=\"text-align: center;\"><span style=\"font-size: 18pt;\"><b>Vecinos manifiestan su preocupaci\u00f3n por conectividad de sector Pangal Bajo<\/b><\/span><\/p>\n<div id=\"gtx-trans\" style=\"position: absolute; left: -50px; top: 4.31534px;\">\n<div class=\"gtx-trans-icon\"><\/div>\n<\/div>\n<\/div><\/section><\/div><div class=\"flex_column av_one_full  flex_column_div av-zero-column-padding first  avia-builder-el-4  el_after_av_one_full  el_before_av_hr  column-top-margin\" style='border-radius:0px; '><section class=\"av_textblock_section \"  itemscope=\"itemscope\" itemtype=\"https:\/\/schema.org\/BlogPosting\" itemprop=\"blogPost\" ><div class='avia_textblock  '   itemprop=\"text\" ><p style=\"font-weight: 400; text-align: justify;\">Ante la preocupaci\u00f3n de lo vecinos por los problemas de conectividad, el diputado Miguel \u00c1ngel Calisto se traslad\u00f3 hasta el sector Pangal Bajo en la comuna de Puerto Ays\u00e9n, instancia donde pudo reunirse con los dirigentes vecinales y ver en terreno la construcci\u00f3n del nuevo puente mecano, el que presenta algunos meses de retraso.<\/p>\n<p style=\"font-weight: 400; text-align: justify;\">Seg\u00fan el diputado Calisto, \u201cestamos visitando el sector a prop\u00f3sito de la preocupaci\u00f3n que tienen los vecinos respecto a diferentes obras de conectividad. El puente mecano del sector del pangal est\u00e1 en plena ejecuci\u00f3n, la conectividad va. Si bien no se cumplieron los plazos iniciales que eran que el puente ten\u00eda que estar listo en febrero, s\u00ed se nos ha confirmado esta ma\u00f1ana reciente, luego de conversar con el director regional de Vialidad, que el puente va a estar entregado los primeros 10 d\u00edas del mes de abril, por lo tanto eso es un avance concreto e importante para el sector\u201d.<\/p>\n<p style=\"font-weight: 400; text-align: justify;\">\u201cHay preocupaci\u00f3n respecto al puente Pangal 2, se ha se\u00f1alado que se va a reparar con la finalidad de que se mantenga el paso peatonal, pero que tambi\u00e9n hay un estudio que est\u00e1 avanzando con la finalidad de que tambi\u00e9n ese puente tenga el acceso vehicular, tal cual como fue el compromiso original. El director regional de Vialidad nos confirma que hay un estudio garantizar que ese puente tambi\u00e9n tenga el habilitado el paso vehicular\u201d, indic\u00f3.<\/p>\n<p style=\"font-weight: 400; text-align: justify;\">Calisto se\u00f1al\u00f3 que \u201ctambi\u00e9n est\u00e1 el tema de la pavimentaci\u00f3n de la carpeta asf\u00e1ltica de los tres kil\u00f3metros por cada lado, con la finalidad de pavimentar los accesos al puente. Creemos que eso es importante, vamos a estar haciendo seguimiento aqu\u00ed porque evidentemente estas cosas no son de la noche a la ma\u00f1ana, pero es fundamental el rol que cumplen los dirigentes y por supuesto tambi\u00e9n los vecinos que han estado insistentemente fiscalizando este tema\u201d.<\/p>\n<p style=\"font-weight: 400; text-align: justify;\">Seg\u00fan la Consejera Regional Rosa Gonz\u00e1lez, \u201cestamos agradecidos del compromiso de nuestro diputado Miguel \u00c1ngel Calisto. Hay que agradecer tambi\u00e9n a los vecinos. Yo formo parte de la Comisi\u00f3n de Infraestructura del Gobierno Regional, por lo tanto es fundamental poder ver todo este tipo de necesidades que tiene nuestra provincia\u201d.<\/p>\n<p style=\"font-weight: 400; text-align: justify;\">Por su parte, el Presidente del Comit\u00e9 Pro adelanto Entre R\u00edos Pangal Bajo, Jos\u00e9 Jara, asegur\u00f3 que \u201cle agradecemos al diputado y su equipo la llegada a este sector, porque finalmente entendemos que con el apoyo de todos se pueden concretar las necesidades de los vecinos. Y esas necesidades finalmente son ver el puente mecano que hoy d\u00eda se est\u00e1 levantando por el personal de Vialidad, concretado en el pr\u00f3ximo plazo que est\u00e1 establecido hasta la primera quincena de abril\u201d.<\/p>\n<p style=\"font-weight: 400; text-align: justify;\">Finalmente, el dirigente se\u00f1al\u00f3 que \u201chab\u00edan otros compromisos que en la pr\u00e1ctica igual quedaron en tela de duda en la \u00faltima reuni\u00f3n, donde los vecinos quedaron muy alterados porque justamente no hab\u00eda certeza con respecto a lo que se hab\u00eda ofrecido. Hoy d\u00eda, gracias a las gestiones que ha realizado el diputado con el Director de Vialidad, nos confirma que todo lo comprometido est\u00e1 en camino, y eso es una tranquilidad para nosotros como vecinos, pero seguiremos insistiendo porque para nosotros detr\u00e1s de este trabajo hay dignidad y hay necesidad. As\u00ed que no vamos a bajar los brazos como comunidad y vamos a mantenernos unidos frente a todo lo que sea necesario\u201d.<\/p>\n<\/div><\/section><\/div><div  style='height:50px' class='hr hr-invisible   avia-builder-el-6  el_after_av_one_full  el_before_av_social_share '><span class='hr-inner ' ><span class='hr-inner-style'><\/span><\/span><\/div><\/p>\n<div  class='av-social-sharing-box  avia-builder-el-7  el_after_av_hr  el_before_av_hr  '><div class='av-share-box'><h5 class='av-share-link-description av-no-toc '>Compartir esta noticia<\/h5><ul class='av-share-box-list noLightbox'><li class='av-share-link av-social-link-facebook' ><a target=\"_blank\" aria-label=\"Compartir en Facebook\" href='https:\/\/www.facebook.com\/sharer.php?u=https:\/\/radiorevelacionfm.cl\/?p=50907&#038;t=Vecinos%20manifiestan%20su%20preocupaci%C3%B3n%20por%20conectividad%20de%20sector%20Pangal%20Bajo' aria-hidden='false' data-av_icon='\ue8f3' data-av_iconfont='entypo-fontello' title='' data-avia-related-tooltip='Compartir en Facebook' rel=\"noopener\"><span class='avia_hidden_link_text'>Compartir en Facebook<\/span><\/a><\/li><li class='av-share-link av-social-link-twitter' ><a target=\"_blank\" aria-label=\"Compartir en Twitter\" href='https:\/\/twitter.com\/share?text=Vecinos%20manifiestan%20su%20preocupaci%C3%B3n%20por%20conectividad%20de%20sector%20Pangal%20Bajo&#038;url=https:\/\/radiorevelacionfm.cl\/?p=50907' aria-hidden='false' data-av_icon='\ue8f1' data-av_iconfont='entypo-fontello' title='' data-avia-related-tooltip='Compartir en Twitter' rel=\"noopener\"><span class='avia_hidden_link_text'>Compartir en Twitter<\/span><\/a><\/li><li class='av-share-link av-social-link-whatsapp' ><a target=\"_blank\" aria-label=\"Compartir en Whatsapp\" href='https:\/\/api.whatsapp.com\/send?text=https:\/\/radiorevelacionfm.cl\/?p=50907' aria-hidden='false' data-av_icon='\uf232' data-av_iconfont='entypo-fontello' title='' data-avia-related-tooltip='Compartir en Whatsapp' rel=\"noopener\"><span class='avia_hidden_link_text'>Compartir en Whatsapp<\/span><\/a><\/li><li class='av-share-link av-social-link-linkedin' ><a target=\"_blank\" aria-label=\"Compartir en LinkedIn\" href='https:\/\/linkedin.com\/shareArticle?mini=true&#038;title=Vecinos%20manifiestan%20su%20preocupaci%C3%B3n%20por%20conectividad%20de%20sector%20Pangal%20Bajo&#038;url=https:\/\/radiorevelacionfm.cl\/?p=50907' aria-hidden='false' data-av_icon='\ue8fc' data-av_iconfont='entypo-fontello' title='' data-avia-related-tooltip='Compartir en LinkedIn' rel=\"noopener\"><span class='avia_hidden_link_text'>Compartir en LinkedIn<\/span><\/a><\/li><li class='av-share-link av-social-link-mail' ><a  aria-label=\"Compartir por correo\" href='mailto:?subject=Vecinos%20manifiestan%20su%20preocupaci%C3%B3n%20por%20conectividad%20de%20sector%20Pangal%20Bajo&#038;body=https:\/\/radiorevelacionfm.cl\/?p=50907' aria-hidden='false' data-av_icon='\ue805' data-av_iconfont='entypo-fontello' title='' data-avia-related-tooltip='Compartir por correo'><span class='avia_hidden_link_text'>Compartir por correo<\/span><\/a><\/li><\/ul><\/div><\/div>\n<div  style='height:50px' class='hr hr-invisible   avia-builder-el-8  el_after_av_social_share  el_before_av_comments_list '><span class='hr-inner ' ><span class='hr-inner-style'><\/span><\/span><\/div>\n<div  class='av-buildercomment  av-blog-meta-html-info-disabled av-blog-meta-tag-disabled  '><\/div>\n","protected":false},"excerpt":{"rendered":"","protected":false},"author":1,"featured_media":50909,"comment_status":"open","ping_status":"open","sticky":false,"template":"","format":"standard","meta":{"footnotes":""},"categories":[38],"tags":[],"class_list":["post-50907","post","type-post","status-publish","format-standard","has-post-thumbnail","hentry","category-regional"],"jetpack_featured_media_url":"https:\/\/radiorevelacionfm.cl\/wp-content\/uploads\/2025\/02\/foto-pangal-bajo-1_optimized-2-1.jpeg","_links":{"self":[{"href":"https:\/\/radiorevelacionfm.cl\/index.php?rest_route=\/wp\/v2\/posts\/50907","targetHints":{"allow":["GET"]}}],"collection":[{"href":"https:\/\/radiorevelacionfm.cl\/index.php?rest_route=\/wp\/v2\/posts"}],"about":[{"href":"https:\/\/radiorevelacionfm.cl\/index.php?rest_route=\/wp\/v2\/types\/post"}],"author":[{"embeddable":true,"href":"https:\/\/radiorevelacionfm.cl\/index.php?rest_route=\/wp\/v2\/users\/1"}],"replies":[{"embeddable":true,"href":"https:\/\/radiorevelacionfm.cl\/index.php?rest_route=%2Fwp%2Fv2%2Fcomments&post=50907"}],"version-history":[{"count":1,"href":"https:\/\/radiorevelacionfm.cl\/index.php?rest_route=\/wp\/v2\/posts\/50907\/revisions"}],"predecessor-version":[{"id":50910,"href":"https:\/\/radiorevelacionfm.cl\/index.php?rest_route=\/wp\/v2\/posts\/50907\/revisions\/50910"}],"wp:featuredmedia":[{"embeddable":true,"href":"https:\/\/radiorevelacionfm.cl\/index.php?rest_route=\/wp\/v2\/media\/50909"}],"wp:attachment":[{"href":"https:\/\/radiorevelacionfm.cl\/index.php?rest_route=%2Fwp%2Fv2%2Fmedia&parent=50907"}],"wp:term":[{"taxonomy":"category","embeddable":true,"href":"https:\/\/radiorevelacionfm.cl\/index.php?rest_route=%2Fwp%2Fv2%2Fcategories&post=50907"},{"taxonomy":"post_tag","embeddable":true,"href":"https:\/\/radiorevelacionfm.cl\/index.php?rest_route=%2Fwp%2Fv2%2Ftags&post=50907"}],"curies":[{"name":"wp","href":"https:\/\/api.w.org\/{rel}","templated":true}]}}