{"id":50904,"date":"2025-02-26T10:50:28","date_gmt":"2025-02-26T13:50:28","guid":{"rendered":"https:\/\/radiorevelacionfm.cl\/?p=50904"},"modified":"2025-02-26T10:50:28","modified_gmt":"2025-02-26T13:50:28","slug":"en-puerto-aguirre-mujeres-trabajadoras-del-mar-dan-impulso-a-sus-negocios-con-apoyo-del-fosis-e-indespa","status":"publish","type":"post","link":"https:\/\/radiorevelacionfm.cl\/?p=50904","title":{"rendered":"En Puerto Aguirre: Mujeres trabajadoras del mar dan impulso a sus negocios con apoyo del FOSIS e INDESPA"},"content":{"rendered":"<div class=\"flex_column av_one_full  flex_column_div av-zero-column-padding first  avia-builder-el-0  el_before_av_one_full  avia-builder-el-first  \" style='border-radius:0px; '><div  class='avia-image-container  av-styling-    avia-builder-el-1  avia-builder-el-no-sibling  avia-align-center '  itemprop=\"image\" itemscope=\"itemscope\" itemtype=\"https:\/\/schema.org\/ImageObject\"  ><div class='avia-image-container-inner'><div class='avia-image-overlay-wrap'><img decoding=\"async\" class='wp-image-50905 avia-img-lazy-loading-not-50905 avia_image' src=\"https:\/\/radiorevelacionfm.cl\/wp-content\/uploads\/2025\/02\/emprendamos-junto-al-mar-2_optimized-1.jpeg\" alt='' title='emprendamos-junto-al-mar-(2)_optimized (1)' height=\"600\" width=\"943\"  itemprop=\"thumbnailUrl\" srcset=\"https:\/\/radiorevelacionfm.cl\/wp-content\/uploads\/2025\/02\/emprendamos-junto-al-mar-2_optimized-1.jpeg 943w, https:\/\/radiorevelacionfm.cl\/wp-content\/uploads\/2025\/02\/emprendamos-junto-al-mar-2_optimized-1-300x191.jpeg 300w, https:\/\/radiorevelacionfm.cl\/wp-content\/uploads\/2025\/02\/emprendamos-junto-al-mar-2_optimized-1-768x489.jpeg 768w, https:\/\/radiorevelacionfm.cl\/wp-content\/uploads\/2025\/02\/emprendamos-junto-al-mar-2_optimized-1-705x449.jpeg 705w, https:\/\/radiorevelacionfm.cl\/wp-content\/uploads\/2025\/02\/emprendamos-junto-al-mar-2_optimized-1-450x286.jpeg 450w, https:\/\/radiorevelacionfm.cl\/wp-content\/uploads\/2025\/02\/emprendamos-junto-al-mar-2_optimized-1-600x382.jpeg 600w\" sizes=\"(max-width: 943px) 100vw, 943px\" \/><\/div><\/div><\/div><\/div><div class=\"flex_column av_one_full  flex_column_div av-zero-column-padding first  avia-builder-el-2  el_after_av_one_full  el_before_av_one_full  column-top-margin\" style='border-radius:0px; '><section class=\"av_textblock_section \"  itemscope=\"itemscope\" itemtype=\"https:\/\/schema.org\/BlogPosting\" itemprop=\"blogPost\" ><div class='avia_textblock  '   itemprop=\"text\" ><p style=\"text-align: center;\"><strong><span style=\"font-size: 18pt;\">En Puerto Aguirre: Mujeres trabajadoras del mar dan impulso a sus negocios con apoyo del FOSIS e INDESPA<\/span><\/strong><\/p>\n<div id=\"gtx-trans\" style=\"position: absolute; left: -50px; top: 4.31534px;\">\n<div class=\"gtx-trans-icon\"><\/div>\n<\/div>\n<\/div><\/section><\/div><div class=\"flex_column av_one_full  flex_column_div av-zero-column-padding first  avia-builder-el-4  el_after_av_one_full  el_before_av_hr  column-top-margin\" style='border-radius:0px; '><section class=\"av_textblock_section \"  itemscope=\"itemscope\" itemtype=\"https:\/\/schema.org\/BlogPosting\" itemprop=\"blogPost\" ><div class='avia_textblock  '   itemprop=\"text\" ><p style=\"text-align: justify;\"><em>El programa Emprendamos junto al mar, gracias a sus l\u00edneas avanza y consolida, permiti\u00f3 entregar capacitaci\u00f3n, asesor\u00eda y financiamiento a 30 mujeres vinculadas a la pesca artesanal en el litoral de Ays\u00e9n.<\/em><\/p>\n<p style=\"text-align: justify;\">Hasta Puerto Aguirre lleg\u00f3 la directora regional del FOSIS, Fernanda Leiva, para reconocer el trabajo de mujeres vinculadas a la pesca artesana y acuicultura de peque\u00f1a escala que recibieron capacitaci\u00f3n, asesor\u00eda y financiamiento del programa Emprendamos junto al mar, financiado gracias al trabajo colaborativo de INDESPA y el Fondo de Solidaridad e Inversi\u00f3n Social, FOSIS.<\/p>\n<p style=\"text-align: justify;\">Las usuarias de esta iniciativa se reunieron en la Biblioteca Municipal de la localidad para contar sus experiencias en este proyecto, mostrar algunos de los productos que ofrecen y recibir sus certificados de participaci\u00f3n, tras haber recibido apoyo para mejorar sus condiciones laborales, capacidad productiva y comercial o iniciar tr\u00e1mites para la obtenci\u00f3n de permisos asociados, iniciaci\u00f3n de actividades, apoyo con la tributaci\u00f3n de su personalidad jur\u00eddica u otras acciones de asesor\u00edas especializadas e inversi\u00f3n en pos de su formalizaci\u00f3n y gesti\u00f3n comercial.<\/p>\n<p style=\"text-align: justify;\">La emprendedora Lidia Tarum\u00e1n, asegur\u00f3 que \u201cestoy contenta por las personas que me apoyaron en este sentido, porque todas las cosas que no ten\u00eda las logr\u00e9 tener. Estoy saliendo adelante con lo poco y nada que tengo y con lo que me han entregado he hecho algo bueno para m\u00ed. Dar las gracias porque aunque sean cosas de Gobierno, que viene mediante las instituciones, a m\u00ed me est\u00e1n dando el valor para seguir adelante. Nos tomaron en cuenta a las mujeres porque realmente nosotras trabajamos y somos mujeres luchadoras\u201d.<\/p>\n<p style=\"text-align: justify;\">Fernanda Leiva, directora regional del FOSIS, destac\u00f3 que \u201cestamos contentos porque culminamos el proceso que 30 mujeres, del litoral de la regi\u00f3n, vivieron el a\u00f1o pasado a trav\u00e9s de este proyecto que entreg\u00f3 capacitaciones, herramientas y financiamiento para diversificar sus emprendimientos y el trabajo en el mar. Estamos felices por la experiencia, por demostrar que cuando las instituciones p\u00fablicas trabajan colaborativamente generan espacios y oportunidades especialmente para las mujeres, lo cual para nosotros es muy importante\u201d.<\/p>\n<p style=\"text-align: justify;\">El seremi de Econom\u00eda, Fomento y Turismo de la regi\u00f3n de Ays\u00e9n; Felipe Rojas, subray\u00f3 la importancia de este tipo de instrumentos, m\u00e1s a\u00fan considerando la cercan\u00eda del \u201cD\u00eda Internacional de la Mujer\u201d; \u201cNuestra misi\u00f3n como Gobierno es fomentar el desarrollo de las m\u00e1s diversas \u00e1reas productivas de nuestro pa\u00eds y en nuestra regi\u00f3n, impulsar el desarrollo de la pesca artesanal, es esencial. En ese contexto este tipo de iniciativas que tienen adem\u00e1s, especial foco en g\u00e9nero fortalece el trabajo, aumenta las competencias y robustece el gran trabajo que desarrollan mujeres que aportan valor a la actividad pesquera artesanal\u201d.<\/p>\n<p style=\"text-align: justify;\">Este proyecto estuvo dirigido a treinta mujeres de la regi\u00f3n de Ays\u00e9n, derivadas del convenio INDESPA, que pertenecen a las comunas de Las Guaitecas, Cisnes y Ays\u00e9n. Esta iniciativa incluy\u00f3 los componentes de capacitaci\u00f3n, asesor\u00edas t\u00e9cnicas y un plan de financiamiento individual.<\/p>\n<\/div><\/section><\/div><div  style='height:50px' class='hr hr-invisible   avia-builder-el-6  el_after_av_one_full  el_before_av_social_share '><span class='hr-inner ' ><span class='hr-inner-style'><\/span><\/span><\/div><\/p>\n<div  class='av-social-sharing-box  avia-builder-el-7  el_after_av_hr  el_before_av_hr  '><div class='av-share-box'><h5 class='av-share-link-description av-no-toc '>Compartir esta noticia<\/h5><ul class='av-share-box-list noLightbox'><li class='av-share-link av-social-link-facebook' ><a target=\"_blank\" aria-label=\"Compartir en Facebook\" href='https:\/\/www.facebook.com\/sharer.php?u=https:\/\/radiorevelacionfm.cl\/?p=50904&#038;t=En%20Puerto%20Aguirre%3A%20Mujeres%20trabajadoras%20del%20mar%20dan%20impulso%20a%20sus%20negocios%20con%20apoyo%20del%20FOSIS%20e%20INDESPA' aria-hidden='false' data-av_icon='\ue8f3' data-av_iconfont='entypo-fontello' title='' data-avia-related-tooltip='Compartir en Facebook' rel=\"noopener\"><span class='avia_hidden_link_text'>Compartir en Facebook<\/span><\/a><\/li><li class='av-share-link av-social-link-twitter' ><a target=\"_blank\" aria-label=\"Compartir en Twitter\" href='https:\/\/twitter.com\/share?text=En%20Puerto%20Aguirre%3A%20Mujeres%20trabajadoras%20del%20mar%20dan%20impulso%20a%20sus%20negocios%20con%20apoyo%20del%20FOSIS%20e%20INDESPA&#038;url=https:\/\/radiorevelacionfm.cl\/?p=50904' aria-hidden='false' data-av_icon='\ue8f1' data-av_iconfont='entypo-fontello' title='' data-avia-related-tooltip='Compartir en Twitter' rel=\"noopener\"><span class='avia_hidden_link_text'>Compartir en Twitter<\/span><\/a><\/li><li class='av-share-link av-social-link-whatsapp' ><a target=\"_blank\" aria-label=\"Compartir en Whatsapp\" href='https:\/\/api.whatsapp.com\/send?text=https:\/\/radiorevelacionfm.cl\/?p=50904' aria-hidden='false' data-av_icon='\uf232' data-av_iconfont='entypo-fontello' title='' data-avia-related-tooltip='Compartir en Whatsapp' rel=\"noopener\"><span class='avia_hidden_link_text'>Compartir en Whatsapp<\/span><\/a><\/li><li class='av-share-link av-social-link-linkedin' ><a target=\"_blank\" aria-label=\"Compartir en LinkedIn\" href='https:\/\/linkedin.com\/shareArticle?mini=true&#038;title=En%20Puerto%20Aguirre%3A%20Mujeres%20trabajadoras%20del%20mar%20dan%20impulso%20a%20sus%20negocios%20con%20apoyo%20del%20FOSIS%20e%20INDESPA&#038;url=https:\/\/radiorevelacionfm.cl\/?p=50904' aria-hidden='false' data-av_icon='\ue8fc' data-av_iconfont='entypo-fontello' title='' data-avia-related-tooltip='Compartir en LinkedIn' rel=\"noopener\"><span class='avia_hidden_link_text'>Compartir en LinkedIn<\/span><\/a><\/li><li class='av-share-link av-social-link-mail' ><a  aria-label=\"Compartir por correo\" href='mailto:?subject=En%20Puerto%20Aguirre%3A%20Mujeres%20trabajadoras%20del%20mar%20dan%20impulso%20a%20sus%20negocios%20con%20apoyo%20del%20FOSIS%20e%20INDESPA&#038;body=https:\/\/radiorevelacionfm.cl\/?p=50904' aria-hidden='false' data-av_icon='\ue805' data-av_iconfont='entypo-fontello' title='' data-avia-related-tooltip='Compartir por correo'><span class='avia_hidden_link_text'>Compartir por correo<\/span><\/a><\/li><\/ul><\/div><\/div>\n<div  style='height:50px' class='hr hr-invisible   avia-builder-el-8  el_after_av_social_share  el_before_av_comments_list '><span class='hr-inner ' ><span class='hr-inner-style'><\/span><\/span><\/div>\n<div  class='av-buildercomment  av-blog-meta-html-info-disabled av-blog-meta-tag-disabled  '><\/div>\n","protected":false},"excerpt":{"rendered":"","protected":false},"author":1,"featured_media":50905,"comment_status":"open","ping_status":"open","sticky":false,"template":"","format":"standard","meta":{"footnotes":""},"categories":[38],"tags":[],"class_list":["post-50904","post","type-post","status-publish","format-standard","has-post-thumbnail","hentry","category-regional"],"jetpack_featured_media_url":"https:\/\/radiorevelacionfm.cl\/wp-content\/uploads\/2025\/02\/emprendamos-junto-al-mar-2_optimized-1.jpeg","_links":{"self":[{"href":"https:\/\/radiorevelacionfm.cl\/index.php?rest_route=\/wp\/v2\/posts\/50904","targetHints":{"allow":["GET"]}}],"collection":[{"href":"https:\/\/radiorevelacionfm.cl\/index.php?rest_route=\/wp\/v2\/posts"}],"about":[{"href":"https:\/\/radiorevelacionfm.cl\/index.php?rest_route=\/wp\/v2\/types\/post"}],"author":[{"embeddable":true,"href":"https:\/\/radiorevelacionfm.cl\/index.php?rest_route=\/wp\/v2\/users\/1"}],"replies":[{"embeddable":true,"href":"https:\/\/radiorevelacionfm.cl\/index.php?rest_route=%2Fwp%2Fv2%2Fcomments&post=50904"}],"version-history":[{"count":1,"href":"https:\/\/radiorevelacionfm.cl\/index.php?rest_route=\/wp\/v2\/posts\/50904\/revisions"}],"predecessor-version":[{"id":50906,"href":"https:\/\/radiorevelacionfm.cl\/index.php?rest_route=\/wp\/v2\/posts\/50904\/revisions\/50906"}],"wp:featuredmedia":[{"embeddable":true,"href":"https:\/\/radiorevelacionfm.cl\/index.php?rest_route=\/wp\/v2\/media\/50905"}],"wp:attachment":[{"href":"https:\/\/radiorevelacionfm.cl\/index.php?rest_route=%2Fwp%2Fv2%2Fmedia&parent=50904"}],"wp:term":[{"taxonomy":"category","embeddable":true,"href":"https:\/\/radiorevelacionfm.cl\/index.php?rest_route=%2Fwp%2Fv2%2Fcategories&post=50904"},{"taxonomy":"post_tag","embeddable":true,"href":"https:\/\/radiorevelacionfm.cl\/index.php?rest_route=%2Fwp%2Fv2%2Ftags&post=50904"}],"curies":[{"name":"wp","href":"https:\/\/api.w.org\/{rel}","templated":true}]}}