{"id":50901,"date":"2025-02-26T10:35:02","date_gmt":"2025-02-26T13:35:02","guid":{"rendered":"https:\/\/radiorevelacionfm.cl\/?p=50901"},"modified":"2025-02-26T10:35:02","modified_gmt":"2025-02-26T13:35:02","slug":"inicio-ano-escolar-2025-autoridades-verifican-correcto-abastecimiento-y-logistica-del-programa-de-alimentacion-escolar-de-junaeb","status":"publish","type":"post","link":"https:\/\/radiorevelacionfm.cl\/?p=50901","title":{"rendered":"Inicio A\u00f1o Escolar 2025: autoridades verifican correcto abastecimiento y log\u00edstica del Programa de Alimentaci\u00f3n Escolar de Junaeb"},"content":{"rendered":"<div class=\"flex_column av_one_full  flex_column_div av-zero-column-padding first  avia-builder-el-0  el_before_av_one_full  avia-builder-el-first  \" style='border-radius:0px; '><div  class='avia-image-container  av-styling-    avia-builder-el-1  avia-builder-el-no-sibling  avia-align-center '  itemprop=\"image\" itemscope=\"itemscope\" itemtype=\"https:\/\/schema.org\/ImageObject\"  ><div class='avia-image-container-inner'><div class='avia-image-overlay-wrap'><img decoding=\"async\" class='wp-image-50902 avia-img-lazy-loading-not-50902 avia_image' src=\"https:\/\/radiorevelacionfm.cl\/wp-content\/uploads\/2025\/02\/Visita-Bodega1-1-1.jpg\" alt='' title='Visita Bodega1 (1) (1)' height=\"600\" width=\"800\"  itemprop=\"thumbnailUrl\" srcset=\"https:\/\/radiorevelacionfm.cl\/wp-content\/uploads\/2025\/02\/Visita-Bodega1-1-1.jpg 800w, https:\/\/radiorevelacionfm.cl\/wp-content\/uploads\/2025\/02\/Visita-Bodega1-1-1-300x225.jpg 300w, https:\/\/radiorevelacionfm.cl\/wp-content\/uploads\/2025\/02\/Visita-Bodega1-1-1-768x576.jpg 768w, https:\/\/radiorevelacionfm.cl\/wp-content\/uploads\/2025\/02\/Visita-Bodega1-1-1-705x529.jpg 705w, https:\/\/radiorevelacionfm.cl\/wp-content\/uploads\/2025\/02\/Visita-Bodega1-1-1-450x338.jpg 450w, https:\/\/radiorevelacionfm.cl\/wp-content\/uploads\/2025\/02\/Visita-Bodega1-1-1-600x450.jpg 600w\" sizes=\"(max-width: 800px) 100vw, 800px\" \/><\/div><\/div><\/div><\/div><div class=\"flex_column av_one_full  flex_column_div av-zero-column-padding first  avia-builder-el-2  el_after_av_one_full  el_before_av_one_full  column-top-margin\" style='border-radius:0px; '><section class=\"av_textblock_section \"  itemscope=\"itemscope\" itemtype=\"https:\/\/schema.org\/BlogPosting\" itemprop=\"blogPost\" ><div class='avia_textblock  '   itemprop=\"text\" ><p style=\"text-align: center;\"><span style=\"font-size: 18pt;\"><b>Inicio A\u00f1o Escolar 2025: autoridades verifican correcto abastecimiento y log\u00edstica del Programa de Alimentaci\u00f3n Escolar de Junaeb<\/b><\/span><\/p>\n<div id=\"gtx-trans\" style=\"position: absolute; left: -50px; top: 4.31534px;\">\n<div class=\"gtx-trans-icon\"><\/div>\n<\/div>\n<\/div><\/section><\/div><div class=\"flex_column av_one_full  flex_column_div av-zero-column-padding first  avia-builder-el-4  el_after_av_one_full  el_before_av_hr  column-top-margin\" style='border-radius:0px; '><section class=\"av_textblock_section \"  itemscope=\"itemscope\" itemtype=\"https:\/\/schema.org\/BlogPosting\" itemprop=\"blogPost\" ><div class='avia_textblock  '   itemprop=\"text\" ><p class=\"v1MsoNormal\" style=\"text-align: justify;\" align=\"center\"><em>La supervisi\u00f3n busca monitorear que se cumplan los est\u00e1ndares para entregar la adecuada y oportuna alimentaci\u00f3n a ni\u00f1as, ni\u00f1os y j\u00f3venes de la Regi\u00f3n de Ays\u00e9n.<\/em><\/p>\n<p class=\"v1MsoNormal\" style=\"text-align: justify;\">El martes 25\u00a0 el Delegado Presidencial Regional de Ays\u00e9n, Jorge D\u00edaz Guzm\u00e1n, la Seremi de Educaci\u00f3n, Isabel Garrido Casassa, y el director regional de\u00a0<a href=\"https:\/\/www.facebook.com\/JunaebRegionAysen?__cft__%5b0%5d=AZV8E3ZlQnjeo7m0vUxQQcVsdLUUJbgVVADiiMAO9meQLKpmu-weNKLyVjn9sDj99Q_D6Tt08zFn85pUUADjamIx328kuAcvd1bfz6iwvJrOO-vvsyYt7iAvnv5VMWYieA4ZHcLu9cOnZJTg_8cDavY01sH2Lhf3itaGDtC0xnq9TJv2F8TeFrFvSLhKadyNm5Q&amp;__tn__=-%5dK-R\" target=\"_blank\" rel=\"noopener noreferrer\">JUNAEB,\u00a0<\/a>\u00a0Manuel Vivar \u00c1guila, realizaron una visita inspectiva a las Bodegas de la empresa concesionaria Hendaya en Coyhaique para constatar y supervisar que todo est\u00e9 en orden para el inicio del a\u00f1o escolar 2025 en cuanto a el Programa de Alimentaci\u00f3n Escolar (PAE). En la oportunidad, fueron acompa\u00f1ados por el Jefe Zonal de la empresa, Maximiliano Medina.<\/p>\n<p class=\"v1MsoNormal\" style=\"text-align: justify;\">El principal objetivo fue verificar que se cumplan los est\u00e1ndares para garantizar el correcto funcionamiento del programa, en aspectos como: nivel y estado de abastecimiento, cumplimiento de la reglamentaci\u00f3n vigente (resoluci\u00f3n sanitaria), dise\u00f1o e higiene de las instalaciones, control de plagas, manejo y eliminaci\u00f3n de residuos, entre otras.<\/p>\n<p class=\"v1MsoNormal\" style=\"text-align: justify;\">El Programa de Alimentaci\u00f3n Escolar PAE, est\u00e1 presente en 128 establecimientos de toda la regi\u00f3n, considerando escuelas, liceos y jardines infantiles de la red JUNJI e Integra, beneficiando diariamente m\u00e1s de 15 mil estudiantes y p\u00e1rvulos\/as.<\/p>\n<p class=\"v1MsoNormal\" style=\"text-align: justify;\">Es un esfuerzo log\u00edstico trascendental llegar con la alimentaci\u00f3n en oportunidad y calidad a cada una de las escuelas de la regi\u00f3n, para aportar a los requerimientos nutricionales de cada etapa de estudiantes que se encuentran en desventaja social o econ\u00f3mica, y as\u00ed facilitar la incorporaci\u00f3n y permanencia en el sistema educacional.<\/p>\n<p class=\"v1MsoNormal\" style=\"text-align: justify;\">Tras el recorrido por las instalaciones, las autoridades coincidieron en se\u00f1alar que est\u00e1 todo en orden para el inicio del programa de alimentaci\u00f3n escolar 2025.<\/p>\n<p class=\"v1MsoNormal\" style=\"text-align: justify;\">Jorge D\u00edaz Guzm\u00e1n, Delegado Presidencial Regional, afirm\u00f3 que: \u201cPara nuestro gobierno, para el Presidente Gabriel Boric, la alimentaci\u00f3n escolar tiene una gran importancia para el proceso educativo y por ello estamos cumpliendo el mandato de supervisar la correcta entrega de esta alimentaci\u00f3n y as\u00ed asegurar que esta beneficio de apoyo al proceso educativo sea entregado con la mayor calidad sanitaria y nutricional\u201d.<\/p>\n<p class=\"v1MsoNormal\" style=\"text-align: justify;\">En la misma l\u00ednea la Seremi Isabel Garrido se\u00f1al\u00f3 que: \u201cComo Gobierno estamos verificando en terreno que todo est\u00e9 todo listo y dispuesto para dar inicio al a\u00f1o escolar 2025 el pr\u00f3ximo lunes 03 de marzo. Este a\u00f1o la tarea es seguir impulsando la reactivaci\u00f3n educativa y mejorar los aprendizajes, recuperar la asistencia a clases y la revinculaci\u00f3n, y para lograr esos objetivos la alimentaci\u00f3n es fundamental, ya que aporta un piso de equidad y justicia para brindar el servicio educativo en cada rinc\u00f3n de la Regi\u00f3n\u201d.<\/p>\n<p class=\"v1MsoNormal\" style=\"text-align: justify;\">Por su parte, el director regional de Junaeb Manuel Vivar indic\u00f3 que: \u201cLa visita que hoy concretamos a la bodega de Hendaya en un hito fundamental porque permite garantizar que todo el proceso log\u00edstico de abastecimiento de la empresa concesionaria de alimentaci\u00f3n est\u00e1 en orden. Eso nos da tranquilidad para cumplir adecuadamente con los requerimientos que implica el inicio del a\u00f1o escolar 2025\u201d.<\/p>\n<p class=\"v1MsoNormal\" style=\"text-align: justify;\">Desde JUNAEB indican adem\u00e1s que desde fines de Enero se ha estado efectuando un trabajo riguroso de coordinaci\u00f3n para el proceso de abastecimiento y distribuci\u00f3n con la empresa responsable, dando cuenta que en la mayor\u00eda de establecimientos se ha podido comenzar con la recepci\u00f3n de alimentos desde mediados de Febrero para as\u00ed facilitar el inicio del funcionamiento del a\u00f1o escolar.<\/p>\n<\/div><\/section><\/div><div  style='height:50px' class='hr hr-invisible   avia-builder-el-6  el_after_av_one_full  el_before_av_social_share '><span class='hr-inner ' ><span class='hr-inner-style'><\/span><\/span><\/div><\/p>\n<div  class='av-social-sharing-box  avia-builder-el-7  el_after_av_hr  el_before_av_hr  '><div class='av-share-box'><h5 class='av-share-link-description av-no-toc '>Compartir esta noticia<\/h5><ul class='av-share-box-list noLightbox'><li class='av-share-link av-social-link-facebook' ><a target=\"_blank\" aria-label=\"Compartir en Facebook\" href='https:\/\/www.facebook.com\/sharer.php?u=https:\/\/radiorevelacionfm.cl\/?p=50901&#038;t=Inicio%20A%C3%B1o%20Escolar%202025%3A%20autoridades%20verifican%20correcto%20abastecimiento%20y%20log%C3%ADstica%20del%20Programa%20de%20Alimentaci%C3%B3n%20Escolar%20de%20Junaeb' aria-hidden='false' data-av_icon='\ue8f3' data-av_iconfont='entypo-fontello' title='' data-avia-related-tooltip='Compartir en Facebook' rel=\"noopener\"><span class='avia_hidden_link_text'>Compartir en Facebook<\/span><\/a><\/li><li class='av-share-link av-social-link-twitter' ><a target=\"_blank\" aria-label=\"Compartir en Twitter\" href='https:\/\/twitter.com\/share?text=Inicio%20A%C3%B1o%20Escolar%202025%3A%20autoridades%20verifican%20correcto%20abastecimiento%20y%20log%C3%ADstica%20del%20Programa%20de%20Alimentaci%C3%B3n%20Escolar%20de%20Junaeb&#038;url=https:\/\/radiorevelacionfm.cl\/?p=50901' aria-hidden='false' data-av_icon='\ue8f1' data-av_iconfont='entypo-fontello' title='' data-avia-related-tooltip='Compartir en Twitter' rel=\"noopener\"><span class='avia_hidden_link_text'>Compartir en Twitter<\/span><\/a><\/li><li class='av-share-link av-social-link-whatsapp' ><a target=\"_blank\" aria-label=\"Compartir en Whatsapp\" href='https:\/\/api.whatsapp.com\/send?text=https:\/\/radiorevelacionfm.cl\/?p=50901' aria-hidden='false' data-av_icon='\uf232' data-av_iconfont='entypo-fontello' title='' data-avia-related-tooltip='Compartir en Whatsapp' rel=\"noopener\"><span class='avia_hidden_link_text'>Compartir en Whatsapp<\/span><\/a><\/li><li class='av-share-link av-social-link-linkedin' ><a target=\"_blank\" aria-label=\"Compartir en LinkedIn\" href='https:\/\/linkedin.com\/shareArticle?mini=true&#038;title=Inicio%20A%C3%B1o%20Escolar%202025%3A%20autoridades%20verifican%20correcto%20abastecimiento%20y%20log%C3%ADstica%20del%20Programa%20de%20Alimentaci%C3%B3n%20Escolar%20de%20Junaeb&#038;url=https:\/\/radiorevelacionfm.cl\/?p=50901' aria-hidden='false' data-av_icon='\ue8fc' data-av_iconfont='entypo-fontello' title='' data-avia-related-tooltip='Compartir en LinkedIn' rel=\"noopener\"><span class='avia_hidden_link_text'>Compartir en LinkedIn<\/span><\/a><\/li><li class='av-share-link av-social-link-mail' ><a  aria-label=\"Compartir por correo\" href='mailto:?subject=Inicio%20A%C3%B1o%20Escolar%202025%3A%20autoridades%20verifican%20correcto%20abastecimiento%20y%20log%C3%ADstica%20del%20Programa%20de%20Alimentaci%C3%B3n%20Escolar%20de%20Junaeb&#038;body=https:\/\/radiorevelacionfm.cl\/?p=50901' aria-hidden='false' data-av_icon='\ue805' data-av_iconfont='entypo-fontello' title='' data-avia-related-tooltip='Compartir por correo'><span class='avia_hidden_link_text'>Compartir por correo<\/span><\/a><\/li><\/ul><\/div><\/div>\n<div  style='height:50px' class='hr hr-invisible   avia-builder-el-8  el_after_av_social_share  el_before_av_comments_list '><span class='hr-inner ' ><span class='hr-inner-style'><\/span><\/span><\/div>\n<div  class='av-buildercomment  av-blog-meta-html-info-disabled av-blog-meta-tag-disabled  '><\/div>\n","protected":false},"excerpt":{"rendered":"","protected":false},"author":1,"featured_media":50902,"comment_status":"open","ping_status":"open","sticky":false,"template":"","format":"standard","meta":{"footnotes":""},"categories":[49],"tags":[],"class_list":["post-50901","post","type-post","status-publish","format-standard","has-post-thumbnail","hentry","category-educacion"],"jetpack_featured_media_url":"https:\/\/radiorevelacionfm.cl\/wp-content\/uploads\/2025\/02\/Visita-Bodega1-1-1.jpg","_links":{"self":[{"href":"https:\/\/radiorevelacionfm.cl\/index.php?rest_route=\/wp\/v2\/posts\/50901","targetHints":{"allow":["GET"]}}],"collection":[{"href":"https:\/\/radiorevelacionfm.cl\/index.php?rest_route=\/wp\/v2\/posts"}],"about":[{"href":"https:\/\/radiorevelacionfm.cl\/index.php?rest_route=\/wp\/v2\/types\/post"}],"author":[{"embeddable":true,"href":"https:\/\/radiorevelacionfm.cl\/index.php?rest_route=\/wp\/v2\/users\/1"}],"replies":[{"embeddable":true,"href":"https:\/\/radiorevelacionfm.cl\/index.php?rest_route=%2Fwp%2Fv2%2Fcomments&post=50901"}],"version-history":[{"count":1,"href":"https:\/\/radiorevelacionfm.cl\/index.php?rest_route=\/wp\/v2\/posts\/50901\/revisions"}],"predecessor-version":[{"id":50903,"href":"https:\/\/radiorevelacionfm.cl\/index.php?rest_route=\/wp\/v2\/posts\/50901\/revisions\/50903"}],"wp:featuredmedia":[{"embeddable":true,"href":"https:\/\/radiorevelacionfm.cl\/index.php?rest_route=\/wp\/v2\/media\/50902"}],"wp:attachment":[{"href":"https:\/\/radiorevelacionfm.cl\/index.php?rest_route=%2Fwp%2Fv2%2Fmedia&parent=50901"}],"wp:term":[{"taxonomy":"category","embeddable":true,"href":"https:\/\/radiorevelacionfm.cl\/index.php?rest_route=%2Fwp%2Fv2%2Fcategories&post=50901"},{"taxonomy":"post_tag","embeddable":true,"href":"https:\/\/radiorevelacionfm.cl\/index.php?rest_route=%2Fwp%2Fv2%2Ftags&post=50901"}],"curies":[{"name":"wp","href":"https:\/\/api.w.org\/{rel}","templated":true}]}}