{"id":50893,"date":"2025-02-26T09:55:21","date_gmt":"2025-02-26T12:55:21","guid":{"rendered":"https:\/\/radiorevelacionfm.cl\/?p=50893"},"modified":"2025-02-26T09:55:21","modified_gmt":"2025-02-26T12:55:21","slug":"andrea-ponce-asume-como-consejera-regional-agradezco-la-confianza-y-mi-compromiso-es-con-el-desarrollo-de-nuestra-region-de-aysen","status":"publish","type":"post","link":"https:\/\/radiorevelacionfm.cl\/?p=50893","title":{"rendered":"Andrea Ponce asume como consejera regional: \u00abAgradezco la confianza y mi compromiso es con el desarrollo de nuestra regi\u00f3n de Ays\u00e9n\u00bb"},"content":{"rendered":"<div class=\"flex_column av_one_full  flex_column_div av-zero-column-padding first  avia-builder-el-0  el_before_av_one_full  avia-builder-el-first  \" style='border-radius:0px; '><div  class='avia-image-container  av-styling-    avia-builder-el-1  avia-builder-el-no-sibling  avia-align-center '  itemprop=\"image\" itemscope=\"itemscope\" itemtype=\"https:\/\/schema.org\/ImageObject\"  ><div class='avia-image-container-inner'><div class='avia-image-overlay-wrap'><img decoding=\"async\" class='wp-image-50894 avia-img-lazy-loading-not-50894 avia_image' src=\"https:\/\/radiorevelacionfm.cl\/wp-content\/uploads\/2025\/02\/Core_AndreaPonce_Juramento-25022025-2-1-1.jpg\" alt='' title='Core_AndreaPonce_Juramento 25022025 (2) (1) (1)' height=\"600\" width=\"998\"  itemprop=\"thumbnailUrl\" srcset=\"https:\/\/radiorevelacionfm.cl\/wp-content\/uploads\/2025\/02\/Core_AndreaPonce_Juramento-25022025-2-1-1.jpg 998w, https:\/\/radiorevelacionfm.cl\/wp-content\/uploads\/2025\/02\/Core_AndreaPonce_Juramento-25022025-2-1-1-300x180.jpg 300w, https:\/\/radiorevelacionfm.cl\/wp-content\/uploads\/2025\/02\/Core_AndreaPonce_Juramento-25022025-2-1-1-768x462.jpg 768w, https:\/\/radiorevelacionfm.cl\/wp-content\/uploads\/2025\/02\/Core_AndreaPonce_Juramento-25022025-2-1-1-705x424.jpg 705w, https:\/\/radiorevelacionfm.cl\/wp-content\/uploads\/2025\/02\/Core_AndreaPonce_Juramento-25022025-2-1-1-450x271.jpg 450w, https:\/\/radiorevelacionfm.cl\/wp-content\/uploads\/2025\/02\/Core_AndreaPonce_Juramento-25022025-2-1-1-600x361.jpg 600w\" sizes=\"(max-width: 998px) 100vw, 998px\" \/><\/div><\/div><\/div><\/div><div class=\"flex_column av_one_full  flex_column_div av-zero-column-padding first  avia-builder-el-2  el_after_av_one_full  el_before_av_one_full  column-top-margin\" style='border-radius:0px; '><section class=\"av_textblock_section \"  itemscope=\"itemscope\" itemtype=\"https:\/\/schema.org\/BlogPosting\" itemprop=\"blogPost\" ><div class='avia_textblock  '   itemprop=\"text\" ><p style=\"text-align: center;\"><span style=\"font-size: 18pt;\"><b>Andrea Ponce asume como consejera regional: \u00abAgradezco la confianza y mi compromiso es con el desarrollo de nuestra regi\u00f3n de Ays\u00e9n\u00bb<\/b><\/span><\/p>\n<div id=\"gtx-trans\" style=\"position: absolute; left: -50px; top: 4.31534px;\">\n<div class=\"gtx-trans-icon\"><\/div>\n<\/div>\n<\/div><\/section><\/div><div class=\"flex_column av_one_full  flex_column_div av-zero-column-padding first  avia-builder-el-4  el_after_av_one_full  el_before_av_hr  column-top-margin\" style='border-radius:0px; '><section class=\"av_textblock_section \"  itemscope=\"itemscope\" itemtype=\"https:\/\/schema.org\/BlogPosting\" itemprop=\"blogPost\" ><div class='avia_textblock  '   itemprop=\"text\" ><p style=\"text-align: justify;\"><i>Ponce jur\u00f3 en la primera sesi\u00f3n plenaria de febrero y ser\u00e1 presidenta de la Comisi\u00f3n de Infraestructura, Transporte y Telecomunicaciones.<\/i><\/p>\n<p class=\"v1MsoNormal\" style=\"text-align: justify;\">Con gran alegr\u00eda y sentido de responsabilidad, la abogada Andrea Ponce Olivares asumi\u00f3 como consejera regional del Gobierno Regional de Ays\u00e9n, juramento que se realiz\u00f3 en la primera sesi\u00f3n plenaria del Consejo regional liderado por el Gobernador Marcelo Santana Vargas.<\/p>\n<p class=\"v1MsoNormal\" style=\"text-align: justify;\">Andrea Ponce afirm\u00f3, \u00abAgradezco la confianza de quienes votaron por m\u00ed en las elecciones. Mi compromiso es con nuestra regi\u00f3n de Ays\u00e9n, donde apoyar\u00e9 todas las iniciativas que desarrollen la regi\u00f3n, especialmente todas aquellas que entreguen puestos de trabajo de calidad y formales, que es precisamente lo que hoy se requiere en los hogares de Ays\u00e9n. Heredamos de la administraci\u00f3n anterior una muy baja ejecuci\u00f3n presupuestaria y eso mantiene a nuestra regi\u00f3n en los \u00faltimos lugares a nivel nacional, lo cual es impresentable, m\u00e1s a\u00fan con las grandes necesidades que existen aqu\u00ed. Ser\u00e9 un aporte para potenciar el desarrollo, para que tengamos una regi\u00f3n segura y que progrese, escuchando siempre a los vecinos y vecinas\u00bb.<\/p>\n<p class=\"v1MsoNormal\" style=\"text-align: justify;\">Como consejera regional, Andrea Ponce presidir\u00e1 la comisi\u00f3n de Infraestructura, Transporte y Telecomunicaciones, ser\u00e1 vicepresidenta de la Comisi\u00f3n de R\u00e9gimen Interno y participar\u00e1 en las comisiones de Presupuesto e Inversiones y de Seguimiento y Control.<\/p>\n<p class=\"v1MsoNormal\" style=\"text-align: justify;\">La abogada reemplaz\u00f3 a Omar Mu\u00f1oz como consejera, al ser la lista m\u00e1s votada en las \u00faltimas elecciones desarrolladas en octubre de 2024.<\/p>\n<\/div><\/section><\/div><div  style='height:50px' class='hr hr-invisible   avia-builder-el-6  el_after_av_one_full  el_before_av_social_share '><span class='hr-inner ' ><span class='hr-inner-style'><\/span><\/span><\/div><\/p>\n<div  class='av-social-sharing-box  avia-builder-el-7  el_after_av_hr  el_before_av_hr  '><div class='av-share-box'><h5 class='av-share-link-description av-no-toc '>Compartir esta noticia<\/h5><ul class='av-share-box-list noLightbox'><li class='av-share-link av-social-link-facebook' ><a target=\"_blank\" aria-label=\"Compartir en Facebook\" href='https:\/\/www.facebook.com\/sharer.php?u=https:\/\/radiorevelacionfm.cl\/?p=50893&#038;t=Andrea%20Ponce%20asume%20como%20consejera%20regional%3A%20%C2%ABAgradezco%20la%20confianza%20y%20mi%20compromiso%20es%20con%20el%20desarrollo%20de%20nuestra%20regi%C3%B3n%20de%20Ays%C3%A9n%C2%BB' aria-hidden='false' data-av_icon='\ue8f3' data-av_iconfont='entypo-fontello' title='' data-avia-related-tooltip='Compartir en Facebook' rel=\"noopener\"><span class='avia_hidden_link_text'>Compartir en Facebook<\/span><\/a><\/li><li class='av-share-link av-social-link-twitter' ><a target=\"_blank\" aria-label=\"Compartir en Twitter\" href='https:\/\/twitter.com\/share?text=Andrea%20Ponce%20asume%20como%20consejera%20regional%3A%20%C2%ABAgradezco%20la%20confianza%20y%20mi%20compromiso%20es%20con%20el%20desarrollo%20de%20nuestra%20regi%C3%B3n%20de%20Ays%C3%A9n%C2%BB&#038;url=https:\/\/radiorevelacionfm.cl\/?p=50893' aria-hidden='false' data-av_icon='\ue8f1' data-av_iconfont='entypo-fontello' title='' data-avia-related-tooltip='Compartir en Twitter' rel=\"noopener\"><span class='avia_hidden_link_text'>Compartir en Twitter<\/span><\/a><\/li><li class='av-share-link av-social-link-whatsapp' ><a target=\"_blank\" aria-label=\"Compartir en Whatsapp\" href='https:\/\/api.whatsapp.com\/send?text=https:\/\/radiorevelacionfm.cl\/?p=50893' aria-hidden='false' data-av_icon='\uf232' data-av_iconfont='entypo-fontello' title='' data-avia-related-tooltip='Compartir en Whatsapp' rel=\"noopener\"><span class='avia_hidden_link_text'>Compartir en Whatsapp<\/span><\/a><\/li><li class='av-share-link av-social-link-linkedin' ><a target=\"_blank\" aria-label=\"Compartir en LinkedIn\" href='https:\/\/linkedin.com\/shareArticle?mini=true&#038;title=Andrea%20Ponce%20asume%20como%20consejera%20regional%3A%20%C2%ABAgradezco%20la%20confianza%20y%20mi%20compromiso%20es%20con%20el%20desarrollo%20de%20nuestra%20regi%C3%B3n%20de%20Ays%C3%A9n%C2%BB&#038;url=https:\/\/radiorevelacionfm.cl\/?p=50893' aria-hidden='false' data-av_icon='\ue8fc' data-av_iconfont='entypo-fontello' title='' data-avia-related-tooltip='Compartir en LinkedIn' rel=\"noopener\"><span class='avia_hidden_link_text'>Compartir en LinkedIn<\/span><\/a><\/li><li class='av-share-link av-social-link-mail' ><a  aria-label=\"Compartir por correo\" href='mailto:?subject=Andrea%20Ponce%20asume%20como%20consejera%20regional%3A%20%C2%ABAgradezco%20la%20confianza%20y%20mi%20compromiso%20es%20con%20el%20desarrollo%20de%20nuestra%20regi%C3%B3n%20de%20Ays%C3%A9n%C2%BB&#038;body=https:\/\/radiorevelacionfm.cl\/?p=50893' aria-hidden='false' data-av_icon='\ue805' data-av_iconfont='entypo-fontello' title='' data-avia-related-tooltip='Compartir por correo'><span class='avia_hidden_link_text'>Compartir por correo<\/span><\/a><\/li><\/ul><\/div><\/div>\n<div  style='height:50px' class='hr hr-invisible   avia-builder-el-8  el_after_av_social_share  el_before_av_comments_list '><span class='hr-inner ' ><span class='hr-inner-style'><\/span><\/span><\/div>\n<div  class='av-buildercomment  av-blog-meta-html-info-disabled av-blog-meta-tag-disabled  '><\/div>\n","protected":false},"excerpt":{"rendered":"","protected":false},"author":1,"featured_media":50894,"comment_status":"open","ping_status":"open","sticky":false,"template":"","format":"standard","meta":{"footnotes":""},"categories":[35],"tags":[],"class_list":["post-50893","post","type-post","status-publish","format-standard","has-post-thumbnail","hentry","category-politica"],"jetpack_featured_media_url":"https:\/\/radiorevelacionfm.cl\/wp-content\/uploads\/2025\/02\/Core_AndreaPonce_Juramento-25022025-2-1-1.jpg","_links":{"self":[{"href":"https:\/\/radiorevelacionfm.cl\/index.php?rest_route=\/wp\/v2\/posts\/50893","targetHints":{"allow":["GET"]}}],"collection":[{"href":"https:\/\/radiorevelacionfm.cl\/index.php?rest_route=\/wp\/v2\/posts"}],"about":[{"href":"https:\/\/radiorevelacionfm.cl\/index.php?rest_route=\/wp\/v2\/types\/post"}],"author":[{"embeddable":true,"href":"https:\/\/radiorevelacionfm.cl\/index.php?rest_route=\/wp\/v2\/users\/1"}],"replies":[{"embeddable":true,"href":"https:\/\/radiorevelacionfm.cl\/index.php?rest_route=%2Fwp%2Fv2%2Fcomments&post=50893"}],"version-history":[{"count":1,"href":"https:\/\/radiorevelacionfm.cl\/index.php?rest_route=\/wp\/v2\/posts\/50893\/revisions"}],"predecessor-version":[{"id":50895,"href":"https:\/\/radiorevelacionfm.cl\/index.php?rest_route=\/wp\/v2\/posts\/50893\/revisions\/50895"}],"wp:featuredmedia":[{"embeddable":true,"href":"https:\/\/radiorevelacionfm.cl\/index.php?rest_route=\/wp\/v2\/media\/50894"}],"wp:attachment":[{"href":"https:\/\/radiorevelacionfm.cl\/index.php?rest_route=%2Fwp%2Fv2%2Fmedia&parent=50893"}],"wp:term":[{"taxonomy":"category","embeddable":true,"href":"https:\/\/radiorevelacionfm.cl\/index.php?rest_route=%2Fwp%2Fv2%2Fcategories&post=50893"},{"taxonomy":"post_tag","embeddable":true,"href":"https:\/\/radiorevelacionfm.cl\/index.php?rest_route=%2Fwp%2Fv2%2Ftags&post=50893"}],"curies":[{"name":"wp","href":"https:\/\/api.w.org\/{rel}","templated":true}]}}