{"id":50890,"date":"2025-02-25T21:10:29","date_gmt":"2025-02-26T00:10:29","guid":{"rendered":"https:\/\/radiorevelacionfm.cl\/?p=50890"},"modified":"2025-03-05T18:39:51","modified_gmt":"2025-03-05T21:39:51","slug":"viento-ladron-de-ciruelas","status":"publish","type":"post","link":"https:\/\/radiorevelacionfm.cl\/?p=50890","title":{"rendered":"Viento ladr\u00f3n de ciruelas"},"content":{"rendered":"<div class=\"flex_column av_one_full  flex_column_div av-zero-column-padding first  avia-builder-el-0  el_before_av_one_full  avia-builder-el-first  \" style='border-radius:0px; '><div  class='avia-image-container  av-styling-    avia-builder-el-1  avia-builder-el-no-sibling  avia-align-center '  itemprop=\"image\" itemscope=\"itemscope\" itemtype=\"https:\/\/schema.org\/ImageObject\"  ><div class='avia-image-container-inner'><div class='avia-image-overlay-wrap'><img decoding=\"async\" class='wp-image-50891 avia-img-lazy-loading-not-50891 avia_image' src=\"https:\/\/radiorevelacionfm.cl\/wp-content\/uploads\/2025\/02\/ciruelo-2-1_optimized.jpg\" alt='' title='ciruelo-2-(1)_optimized' height=\"600\" width=\"899\"  itemprop=\"thumbnailUrl\" srcset=\"https:\/\/radiorevelacionfm.cl\/wp-content\/uploads\/2025\/02\/ciruelo-2-1_optimized.jpg 899w, https:\/\/radiorevelacionfm.cl\/wp-content\/uploads\/2025\/02\/ciruelo-2-1_optimized-300x200.jpg 300w, https:\/\/radiorevelacionfm.cl\/wp-content\/uploads\/2025\/02\/ciruelo-2-1_optimized-768x513.jpg 768w, https:\/\/radiorevelacionfm.cl\/wp-content\/uploads\/2025\/02\/ciruelo-2-1_optimized-705x471.jpg 705w, https:\/\/radiorevelacionfm.cl\/wp-content\/uploads\/2025\/02\/ciruelo-2-1_optimized-450x300.jpg 450w, https:\/\/radiorevelacionfm.cl\/wp-content\/uploads\/2025\/02\/ciruelo-2-1_optimized-600x400.jpg 600w\" sizes=\"(max-width: 899px) 100vw, 899px\" \/><\/div><\/div><\/div><\/div><div class=\"flex_column av_one_full  flex_column_div av-zero-column-padding first  avia-builder-el-2  el_after_av_one_full  el_before_av_one_full  column-top-margin\" style='border-radius:0px; '><section class=\"av_textblock_section \"  itemscope=\"itemscope\" itemtype=\"https:\/\/schema.org\/BlogPosting\" itemprop=\"blogPost\" ><div class='avia_textblock  '   itemprop=\"text\" ><p style=\"text-align: center;\"><span style=\"font-size: 18pt;\"><b>Viento ladr\u00f3n de ciruelas<\/b><\/span><\/p>\n<div id=\"gtx-trans\" style=\"position: absolute; left: -50px; top: 4.31534px;\">\n<div class=\"gtx-trans-icon\"><\/div>\n<\/div>\n<\/div><\/section><\/div><div class=\"flex_column av_one_full  flex_column_div av-zero-column-padding first  avia-builder-el-4  el_after_av_one_full  el_before_av_hr  column-top-margin\" style='border-radius:0px; '><section class=\"av_textblock_section \"  itemscope=\"itemscope\" itemtype=\"https:\/\/schema.org\/BlogPosting\" itemprop=\"blogPost\" ><div class='avia_textblock  '   itemprop=\"text\" ><p class=\"v1MsoNormal\" style=\"text-align: justify;\">Existe una leyenda chilota con el huilco de protagonista. Peque\u00f1a ave que en otros pagos conocen como huelco o urco. Y en cient\u00edfico, <i>Pyrope pyrope. <\/i>Com\u00fan en casi todo Chile, es llamado tambi\u00e9n \u00ab<i><a href=\"https:\/\/www.facebook.com\/patricio.segura.ortiz\/posts\/pfbid0n6mjVZiiCRyk73ERiLKUZy7gprnR3bGXFAhE2spynRHdkuZPP8B5w8sqhFo5e68Wl\" target=\"_blank\" rel=\"noopener noreferrer\">diuc\u00f3n ojos de fuego<\/a><\/i>\u00bb por sus sobresalientes anillos orbitales color escarlata.<\/p>\n<p class=\"v1MsoNormal\" style=\"text-align: justify;\">Quiz\u00e1s por esta singularidad de reminiscencias at\u00e1vicas le apodan el \u00ab<i>manda&#8217;o<\/i>\u00ab. Cuentan que los brujos de la Isla Grande lo ocupan de mensajero o esp\u00eda. O para anunciar un hechizo. Por eso no es de buena suerte verlo picotear los cristales de nuestra ventana: puede acechar la enfermedad. Tampoco cuando se eleva desde una rama para dejarse caer en picada: est\u00e1 convocando el mal tiempo.<\/p>\n<p class=\"v1MsoNormal\" style=\"text-align: justify;\">Ser\u00eda el huilco, en el fondo, un p\u00e1jaro de mal ag\u00fcero. Una alima\u00f1a con la que no nos querremos cruzar.<\/p>\n<p class=\"v1MsoNormal\" style=\"text-align: justify;\">Tal es s\u00f3lo una forma de interpretar su m\u00edtica presencia. Otra, que puede ser un ente con dotes de vaticinio. Un compa\u00f1ero que alerta sobre los aciagos acontecimientos que encontraremos en la ruta. No es que el huelco convoque la tempestad, nos avisa que se avecina para as\u00ed prepararnos. No trae el urco sufrimiento al hogar, nos dice que es necesario poner atenci\u00f3n para no caer en enfermedad.<\/p>\n<p class=\"v1MsoNormal\" style=\"text-align: justify;\">El pasado invierno se pos\u00f3 un ejemplar sobre un choco de la rancha. Me las agenciaba picando le\u00f1a y, observador \u00e9l, detuvo sus escrutadores ojos carmes\u00ed en el esmero de este humano embutido en chaleco chilote. Que recuerde, no devino penuria alguna en aquella ocasi\u00f3n. Fue una hermosa y simple compa\u00f1\u00eda, que lo \u00fanico que conjur\u00f3 fue mi curiosidad.<\/p>\n<p class=\"v1MsoNormal\" style=\"text-align: justify;\">He recordado bastante la historia del diuc\u00f3n ojos de fuego en estos d\u00edas de verano. Con sol, pero tambi\u00e9n con las lluvias, heladas y viento. Mucho viento.<\/p>\n<p class=\"v1MsoNormal\" style=\"text-align: justify;\">Esa naturaleza feroz que d\u00eda a d\u00eda golpea nuestra puerta y que podemos bautizar de maldita o bendita. De tiempos que empeoran y mejoran, malos y buenos, que se arreglan y desajustan. Muchas veces me he preguntado, \u00bfCu\u00e1ndo fue el d\u00eda en que los ciclos de la naturaleza pasaron a ser un problema?<\/p>\n<p class=\"v1MsoNormal\" style=\"text-align: justify;\">Ah\u00ed est\u00e1 el viento, que en estas jornadas ha arreciado como siempre y nunca. Esos rugidos que en casa roban las frutas maduras antes de la cosecha. Las descuelgan de las ramas, en una puesta en escena c\u00f3mplice de ovejas y carneros, que se las zampan al quedar a tiro de hocico. Nos las arrebatan (como las cacha\u00f1as al maqui), escatim\u00e1ndonos posibles conservas o mermeladas. As\u00ed como nosotros se las hurtamos al suelo, que se nutre de ellas en su proceso de degradaci\u00f3n.<\/p>\n<p class=\"v1MsoNormal\" style=\"text-align: justify;\">Viento, secador natural de ropa y cobijas. Propagador del fuego que voraz consume bosques y pastizales, pero que tambi\u00e9n clarea el aire, dispersando las part\u00edculas contaminantes en ocasiones concentradas. Que cambia el clima, distribuyendo el calor por el planeta. Viento que ayuda a la vida, colaborando con la polinizaci\u00f3n y el viaje de las semillas, aportando a la propagaci\u00f3n diversa de la existencia.<\/p>\n<p class=\"v1MsoNormal\" style=\"text-align: justify;\">Lo cierto es que nuestra relaci\u00f3n con la naturaleza y lo que ella nos entrega no est\u00e1 definida por lo que ocurre all\u00e1 afuera. Es delineada por nuestras propias percepciones y acciones. Los paradigmas en que nos desenvolvemos.<\/p>\n<p class=\"v1MsoNormal\" style=\"text-align: justify;\">Podemos vislumbrar belleza donde otros s\u00f3lo distinguen fealdad. Podemos ver viento ladr\u00f3n de ciruelas donde otros reconocen un hacedor de biodiversidad. Podemos ver una ciudadan\u00eda organizada que no es que se oponga al desarrollo, s\u00f3lo alerta sobre los problemas futuros que se originan en err\u00f3neas decisiones tomadas en la hora actual.<\/p>\n<p>Por: Patricio Segura, periodista.<\/p>\n<\/div><\/section><\/div><div  style='height:50px' class='hr hr-invisible   avia-builder-el-6  el_after_av_one_full  el_before_av_social_share '><span class='hr-inner ' ><span class='hr-inner-style'><\/span><\/span><\/div><\/p>\n<div  class='av-social-sharing-box  avia-builder-el-7  el_after_av_hr  el_before_av_hr  '><div class='av-share-box'><h5 class='av-share-link-description av-no-toc '>Compartir esta noticia<\/h5><ul class='av-share-box-list noLightbox'><li class='av-share-link av-social-link-facebook' ><a target=\"_blank\" aria-label=\"Compartir en Facebook\" href='https:\/\/www.facebook.com\/sharer.php?u=https:\/\/radiorevelacionfm.cl\/?p=50890&#038;t=Viento%20ladr%C3%B3n%20de%20ciruelas' aria-hidden='false' data-av_icon='\ue8f3' data-av_iconfont='entypo-fontello' title='' data-avia-related-tooltip='Compartir en Facebook' rel=\"noopener\"><span class='avia_hidden_link_text'>Compartir en Facebook<\/span><\/a><\/li><li class='av-share-link av-social-link-twitter' ><a target=\"_blank\" aria-label=\"Compartir en Twitter\" href='https:\/\/twitter.com\/share?text=Viento%20ladr%C3%B3n%20de%20ciruelas&#038;url=https:\/\/radiorevelacionfm.cl\/?p=50890' aria-hidden='false' data-av_icon='\ue8f1' data-av_iconfont='entypo-fontello' title='' data-avia-related-tooltip='Compartir en Twitter' rel=\"noopener\"><span class='avia_hidden_link_text'>Compartir en Twitter<\/span><\/a><\/li><li class='av-share-link av-social-link-whatsapp' ><a target=\"_blank\" aria-label=\"Compartir en Whatsapp\" href='https:\/\/api.whatsapp.com\/send?text=https:\/\/radiorevelacionfm.cl\/?p=50890' aria-hidden='false' data-av_icon='\uf232' data-av_iconfont='entypo-fontello' title='' data-avia-related-tooltip='Compartir en Whatsapp' rel=\"noopener\"><span class='avia_hidden_link_text'>Compartir en Whatsapp<\/span><\/a><\/li><li class='av-share-link av-social-link-linkedin' ><a target=\"_blank\" aria-label=\"Compartir en LinkedIn\" href='https:\/\/linkedin.com\/shareArticle?mini=true&#038;title=Viento%20ladr%C3%B3n%20de%20ciruelas&#038;url=https:\/\/radiorevelacionfm.cl\/?p=50890' aria-hidden='false' data-av_icon='\ue8fc' data-av_iconfont='entypo-fontello' title='' data-avia-related-tooltip='Compartir en LinkedIn' rel=\"noopener\"><span class='avia_hidden_link_text'>Compartir en LinkedIn<\/span><\/a><\/li><li class='av-share-link av-social-link-mail' ><a  aria-label=\"Compartir por correo\" href='mailto:?subject=Viento%20ladr%C3%B3n%20de%20ciruelas&#038;body=https:\/\/radiorevelacionfm.cl\/?p=50890' aria-hidden='false' data-av_icon='\ue805' data-av_iconfont='entypo-fontello' title='' data-avia-related-tooltip='Compartir por correo'><span class='avia_hidden_link_text'>Compartir por correo<\/span><\/a><\/li><\/ul><\/div><\/div>\n<div  style='height:50px' class='hr hr-invisible   avia-builder-el-8  el_after_av_social_share  el_before_av_comments_list '><span class='hr-inner ' ><span class='hr-inner-style'><\/span><\/span><\/div>\n<div  class='av-buildercomment  av-blog-meta-html-info-disabled av-blog-meta-tag-disabled  '><\/div>\n","protected":false},"excerpt":{"rendered":"","protected":false},"author":1,"featured_media":50891,"comment_status":"open","ping_status":"open","sticky":false,"template":"","format":"standard","meta":{"footnotes":""},"categories":[50],"tags":[],"class_list":["post-50890","post","type-post","status-publish","format-standard","has-post-thumbnail","hentry","category-cartas-y-opinion"],"jetpack_featured_media_url":"https:\/\/radiorevelacionfm.cl\/wp-content\/uploads\/2025\/02\/ciruelo-2-1_optimized.jpg","_links":{"self":[{"href":"https:\/\/radiorevelacionfm.cl\/index.php?rest_route=\/wp\/v2\/posts\/50890","targetHints":{"allow":["GET"]}}],"collection":[{"href":"https:\/\/radiorevelacionfm.cl\/index.php?rest_route=\/wp\/v2\/posts"}],"about":[{"href":"https:\/\/radiorevelacionfm.cl\/index.php?rest_route=\/wp\/v2\/types\/post"}],"author":[{"embeddable":true,"href":"https:\/\/radiorevelacionfm.cl\/index.php?rest_route=\/wp\/v2\/users\/1"}],"replies":[{"embeddable":true,"href":"https:\/\/radiorevelacionfm.cl\/index.php?rest_route=%2Fwp%2Fv2%2Fcomments&post=50890"}],"version-history":[{"count":1,"href":"https:\/\/radiorevelacionfm.cl\/index.php?rest_route=\/wp\/v2\/posts\/50890\/revisions"}],"predecessor-version":[{"id":50892,"href":"https:\/\/radiorevelacionfm.cl\/index.php?rest_route=\/wp\/v2\/posts\/50890\/revisions\/50892"}],"wp:featuredmedia":[{"embeddable":true,"href":"https:\/\/radiorevelacionfm.cl\/index.php?rest_route=\/wp\/v2\/media\/50891"}],"wp:attachment":[{"href":"https:\/\/radiorevelacionfm.cl\/index.php?rest_route=%2Fwp%2Fv2%2Fmedia&parent=50890"}],"wp:term":[{"taxonomy":"category","embeddable":true,"href":"https:\/\/radiorevelacionfm.cl\/index.php?rest_route=%2Fwp%2Fv2%2Fcategories&post=50890"},{"taxonomy":"post_tag","embeddable":true,"href":"https:\/\/radiorevelacionfm.cl\/index.php?rest_route=%2Fwp%2Fv2%2Ftags&post=50890"}],"curies":[{"name":"wp","href":"https:\/\/api.w.org\/{rel}","templated":true}]}}