{"id":5089,"date":"2021-06-09T23:00:13","date_gmt":"2021-06-10T02:00:13","guid":{"rendered":"https:\/\/radiorevelacionfm.cl\/?p=5089"},"modified":"2021-06-09T23:00:13","modified_gmt":"2021-06-10T02:00:13","slug":"sernameg-inicia-el-proceso-de-postulacion-a-su-fondo-de-equidad-de-genero","status":"publish","type":"post","link":"https:\/\/radiorevelacionfm.cl\/?p=5089","title":{"rendered":"SernamEG inicia el proceso de postulaci\u00f3n a su Fondo de Equidad de G\u00e9nero"},"content":{"rendered":"<div class=\"flex_column av_one_full  flex_column_div av-zero-column-padding first  avia-builder-el-0  el_before_av_one_full  avia-builder-el-first  \" style='border-radius:0px; '><div  class='avia-image-container  av-styling-    avia-builder-el-1  avia-builder-el-no-sibling  avia-align-center '  itemprop=\"image\" itemscope=\"itemscope\" itemtype=\"https:\/\/schema.org\/ImageObject\"  ><div class='avia-image-container-inner'><div class='avia-image-overlay-wrap'><img decoding=\"async\" class='wp-image-0 avia-img-lazy-loading-not-0 avia_image' src=\"https:\/\/radiorevelacionfm.cl\/wp-content\/uploads\/2021\/06\/fondo-equidad-de-gEnero_optimized.jpg\" alt='' title=''   itemprop=\"thumbnailUrl\"  \/><\/div><\/div><\/div><\/div><div class=\"flex_column av_one_full  flex_column_div av-zero-column-padding first  avia-builder-el-2  el_after_av_one_full  el_before_av_one_full  column-top-margin\" style='border-radius:0px; '><section class=\"av_textblock_section \"  itemscope=\"itemscope\" itemtype=\"https:\/\/schema.org\/BlogPosting\" itemprop=\"blogPost\" ><div class='avia_textblock  '   itemprop=\"text\" ><p style=\"text-align: center;\"><strong><span style=\"font-size: 18pt;\">SernamEG inicia el proceso de postulaci\u00f3n a su Fondo de Equidad de G\u00e9nero<\/span><\/strong><\/p>\n<div id=\"gtx-trans\" style=\"position: absolute; left: -50px; top: 4.31534px;\">\n<div class=\"gtx-trans-icon\"><\/div>\n<\/div>\n<\/div><\/section><\/div><div class=\"flex_column av_one_full  flex_column_div av-zero-column-padding first  avia-builder-el-4  el_after_av_one_full  el_before_av_hr  column-top-margin\" style='border-radius:0px; '><section class=\"av_textblock_section \"  itemscope=\"itemscope\" itemtype=\"https:\/\/schema.org\/BlogPosting\" itemprop=\"blogPost\" ><div class='avia_textblock  '   itemprop=\"text\" ><p style=\"text-align: justify;\">Con el fin de contribuir al financiamiento de proyectos nacionales, regionales y\/o locales de programas y actividades de educaci\u00f3n y difusi\u00f3n, que est\u00e9n destinados a fortalecer la participaci\u00f3n, asociatividad y liderazgo de las mujeres, en el marco de la equidad de g\u00e9nero y los derechos humanos de las mismas, el Servicio Nacional de la Mujer y la Equidad de G\u00e9nero, dio el vamos al proceso de postulaci\u00f3n a su <strong>Fondo de Equidad de G\u00e9nero<\/strong>.<\/p>\n<p style=\"text-align: justify;\">Pueden postular, hasta el 15 de junio, personas naturales y jur\u00eddicas que cumplan con alg\u00fan proyecto, programa o actividad que tenga como finalidad la autonom\u00eda de la mujer; la conciliaci\u00f3n de la vida laboral, familiar y personal; la corresponsabilidad de madres y padres; y acciones y medidas que tengan por objeto la prevenci\u00f3n, atenci\u00f3n y reparaci\u00f3n de la violencia contra las mujeres.<\/p>\n<p style=\"text-align: justify;\">Para ello, el SernamEG cuenta con un presupuesto de $86.444.000 para financiar preliminarmente 17 fondos. Uno para cada regi\u00f3n del pa\u00eds y dos a la Regi\u00f3n Metropolitana. A cada postulaci\u00f3n se le podr\u00e1 asignar entre $1.000.000 y $5.000.000, lo cual corresponder\u00e1 al financiamiento de hasta el 90% del costo total de cada proyecto, programa o actividad.<\/p>\n<p style=\"text-align: justify;\">\u201cEsta es una de muchas iniciativas que estamos llevando a cabo desde el SernamEG para apoyar a la reactivaci\u00f3n econ\u00f3mica de nuestro pa\u00eds, la cual se ha visto golpeada con la pandemia del Covid-19, y donde la fuerza laboral femenina ha sido la m\u00e1s afectada. Impulsar este fondo nos enorgullece porque, adem\u00e1s, aportar\u00e1 a proyectos focalizados en potenciar las autonom\u00edas de las mujeres as\u00ed como su desarrollo en nuestra sociedad\u201d, reconoci\u00f3 la Directora Nacional (s) del SernamEG, Johanna Olivares Gribbell.<\/p>\n<p style=\"text-align: justify;\">Cabe se\u00f1alar que, dado el contexto de pandemia, la implementaci\u00f3n de los proyectos se podr\u00e1 realizar presencialmente, siempre y cuando las condiciones sanitarias lo permitan. Sin embargo, es obligatorio que los y las postulantes propongan una alternativa en modalidad remota u online para su ejecuci\u00f3n.<\/p>\n<p style=\"text-align: justify;\">Por su parte, la Directora Regional de SernamEG, Elizabeth Guti\u00e9rrez Eggers, dijo: \u201cen nuestro quehacer diario tenemos claridad respecto a que existen tanto personas como una multiplicidad de organizaciones en la regi\u00f3n de Ays\u00e9n que les preocupa y ocupa el alcanzar la igualdad entre mujeres y hombres, es por ello que como Servicio hacemos un llamado a que postulen a este Fondo. Recuerden que el plazo es hasta el martes 15 de junio\u201d.<\/p>\n<p style=\"text-align: justify;\">Los detalles de las Bases, el calendario del proceso de postulaci\u00f3n y un correo para consultas y aclaraciones, se encuentran disponibles en el banner del Fondo Equidad de G\u00e9nero en el sitio web del Servicio <a href=\"http:\/\/www.sernameg.gob.cl\">www.sernameg.gob.cl<\/a>. Las postulaciones se realizan de manera online, a trav\u00e9s de este mismo portal, o en la p\u00e1gina\u00a0 <a href=\"http:\/\/www.fondos.gob.cl\">www.fondos.gob.cl<\/a><\/p>\n<\/div><\/section><\/div><div  style='height:50px' class='hr hr-invisible   avia-builder-el-6  el_after_av_one_full  el_before_av_social_share '><span class='hr-inner ' ><span class='hr-inner-style'><\/span><\/span><\/div><\/p>\n<div  class='av-social-sharing-box  avia-builder-el-7  el_after_av_hr  el_before_av_hr  '><div class='av-share-box'><h5 class='av-share-link-description av-no-toc '>Compartir esta noticia<\/h5><ul class='av-share-box-list noLightbox'><li class='av-share-link av-social-link-facebook' ><a target=\"_blank\" aria-label=\"Compartir en Facebook\" href='https:\/\/www.facebook.com\/sharer.php?u=https:\/\/radiorevelacionfm.cl\/?p=5089&#038;t=SernamEG%20inicia%20el%20proceso%20de%20postulaci%C3%B3n%20a%20su%20Fondo%20de%20Equidad%20de%20G%C3%A9nero' aria-hidden='false' data-av_icon='\ue8f3' data-av_iconfont='entypo-fontello' title='' data-avia-related-tooltip='Compartir en Facebook' rel=\"noopener\"><span class='avia_hidden_link_text'>Compartir en Facebook<\/span><\/a><\/li><li class='av-share-link av-social-link-twitter' ><a target=\"_blank\" aria-label=\"Compartir en Twitter\" href='https:\/\/twitter.com\/share?text=SernamEG%20inicia%20el%20proceso%20de%20postulaci%C3%B3n%20a%20su%20Fondo%20de%20Equidad%20de%20G%C3%A9nero&#038;url=https:\/\/radiorevelacionfm.cl\/?p=5089' aria-hidden='false' data-av_icon='\ue8f1' data-av_iconfont='entypo-fontello' title='' data-avia-related-tooltip='Compartir en Twitter' rel=\"noopener\"><span class='avia_hidden_link_text'>Compartir en Twitter<\/span><\/a><\/li><li class='av-share-link av-social-link-whatsapp' ><a target=\"_blank\" aria-label=\"Compartir en Whatsapp\" href='https:\/\/api.whatsapp.com\/send?text=https:\/\/radiorevelacionfm.cl\/?p=5089' aria-hidden='false' data-av_icon='\uf232' data-av_iconfont='entypo-fontello' title='' data-avia-related-tooltip='Compartir en Whatsapp' rel=\"noopener\"><span class='avia_hidden_link_text'>Compartir en Whatsapp<\/span><\/a><\/li><li class='av-share-link av-social-link-linkedin' ><a target=\"_blank\" aria-label=\"Compartir en LinkedIn\" href='https:\/\/linkedin.com\/shareArticle?mini=true&#038;title=SernamEG%20inicia%20el%20proceso%20de%20postulaci%C3%B3n%20a%20su%20Fondo%20de%20Equidad%20de%20G%C3%A9nero&#038;url=https:\/\/radiorevelacionfm.cl\/?p=5089' aria-hidden='false' data-av_icon='\ue8fc' data-av_iconfont='entypo-fontello' title='' data-avia-related-tooltip='Compartir en LinkedIn' rel=\"noopener\"><span class='avia_hidden_link_text'>Compartir en LinkedIn<\/span><\/a><\/li><li class='av-share-link av-social-link-mail' ><a  aria-label=\"Compartir por correo\" href='mailto:?subject=SernamEG%20inicia%20el%20proceso%20de%20postulaci%C3%B3n%20a%20su%20Fondo%20de%20Equidad%20de%20G%C3%A9nero&#038;body=https:\/\/radiorevelacionfm.cl\/?p=5089' aria-hidden='false' data-av_icon='\ue805' data-av_iconfont='entypo-fontello' title='' data-avia-related-tooltip='Compartir por correo'><span class='avia_hidden_link_text'>Compartir por correo<\/span><\/a><\/li><\/ul><\/div><\/div>\n<div  style='height:50px' class='hr hr-invisible   avia-builder-el-8  el_after_av_social_share  el_before_av_comments_list '><span class='hr-inner ' ><span class='hr-inner-style'><\/span><\/span><\/div>\n<div  class='av-buildercomment  av-blog-meta-html-info-disabled av-blog-meta-tag-disabled  '><\/div>\n","protected":false},"excerpt":{"rendered":"","protected":false},"author":1,"featured_media":0,"comment_status":"open","ping_status":"open","sticky":false,"template":"","format":"standard","meta":{"footnotes":""},"categories":[38],"tags":[],"class_list":["post-5089","post","type-post","status-publish","format-standard","hentry","category-regional"],"jetpack_featured_media_url":"","_links":{"self":[{"href":"https:\/\/radiorevelacionfm.cl\/index.php?rest_route=\/wp\/v2\/posts\/5089","targetHints":{"allow":["GET"]}}],"collection":[{"href":"https:\/\/radiorevelacionfm.cl\/index.php?rest_route=\/wp\/v2\/posts"}],"about":[{"href":"https:\/\/radiorevelacionfm.cl\/index.php?rest_route=\/wp\/v2\/types\/post"}],"author":[{"embeddable":true,"href":"https:\/\/radiorevelacionfm.cl\/index.php?rest_route=\/wp\/v2\/users\/1"}],"replies":[{"embeddable":true,"href":"https:\/\/radiorevelacionfm.cl\/index.php?rest_route=%2Fwp%2Fv2%2Fcomments&post=5089"}],"version-history":[{"count":1,"href":"https:\/\/radiorevelacionfm.cl\/index.php?rest_route=\/wp\/v2\/posts\/5089\/revisions"}],"predecessor-version":[{"id":5091,"href":"https:\/\/radiorevelacionfm.cl\/index.php?rest_route=\/wp\/v2\/posts\/5089\/revisions\/5091"}],"wp:attachment":[{"href":"https:\/\/radiorevelacionfm.cl\/index.php?rest_route=%2Fwp%2Fv2%2Fmedia&parent=5089"}],"wp:term":[{"taxonomy":"category","embeddable":true,"href":"https:\/\/radiorevelacionfm.cl\/index.php?rest_route=%2Fwp%2Fv2%2Fcategories&post=5089"},{"taxonomy":"post_tag","embeddable":true,"href":"https:\/\/radiorevelacionfm.cl\/index.php?rest_route=%2Fwp%2Fv2%2Ftags&post=5089"}],"curies":[{"name":"wp","href":"https:\/\/api.w.org\/{rel}","templated":true}]}}