{"id":50887,"date":"2025-02-25T20:04:39","date_gmt":"2025-02-25T23:04:39","guid":{"rendered":"https:\/\/radiorevelacionfm.cl\/?p=50887"},"modified":"2025-02-25T20:04:39","modified_gmt":"2025-02-25T23:04:39","slug":"chile-chico-y-los-antiguos-avanzan-en-conectividad-con-acuerdo-para-reactivar-transporte-publico-fronterizo","status":"publish","type":"post","link":"https:\/\/radiorevelacionfm.cl\/?p=50887","title":{"rendered":"Chile Chico y Los Antiguos avanzan en conectividad con acuerdo para reactivar transporte p\u00fablico fronterizo"},"content":{"rendered":"<div class=\"flex_column av_one_full  flex_column_div av-zero-column-padding first  avia-builder-el-0  el_before_av_one_full  avia-builder-el-first  \" style='border-radius:0px; '><div  class='avia-image-container  av-styling-    avia-builder-el-1  avia-builder-el-no-sibling  avia-align-center '  itemprop=\"image\" itemscope=\"itemscope\" itemtype=\"https:\/\/schema.org\/ImageObject\"  ><div class='avia-image-container-inner'><div class='avia-image-overlay-wrap'><img decoding=\"async\" class='wp-image-50888 avia-img-lazy-loading-not-50888 avia_image' src=\"https:\/\/radiorevelacionfm.cl\/wp-content\/uploads\/2025\/02\/foto-hito-fronterizo-1_optimized-1.jpeg\" alt='' title='foto-hito-fronterizo-(1)_optimized (1)' height=\"600\" width=\"1067\"  itemprop=\"thumbnailUrl\" srcset=\"https:\/\/radiorevelacionfm.cl\/wp-content\/uploads\/2025\/02\/foto-hito-fronterizo-1_optimized-1.jpeg 1067w, https:\/\/radiorevelacionfm.cl\/wp-content\/uploads\/2025\/02\/foto-hito-fronterizo-1_optimized-1-300x169.jpeg 300w, https:\/\/radiorevelacionfm.cl\/wp-content\/uploads\/2025\/02\/foto-hito-fronterizo-1_optimized-1-1030x579.jpeg 1030w, https:\/\/radiorevelacionfm.cl\/wp-content\/uploads\/2025\/02\/foto-hito-fronterizo-1_optimized-1-768x432.jpeg 768w, https:\/\/radiorevelacionfm.cl\/wp-content\/uploads\/2025\/02\/foto-hito-fronterizo-1_optimized-1-705x396.jpeg 705w, https:\/\/radiorevelacionfm.cl\/wp-content\/uploads\/2025\/02\/foto-hito-fronterizo-1_optimized-1-450x253.jpeg 450w, https:\/\/radiorevelacionfm.cl\/wp-content\/uploads\/2025\/02\/foto-hito-fronterizo-1_optimized-1-600x337.jpeg 600w\" sizes=\"(max-width: 1067px) 100vw, 1067px\" \/><\/div><\/div><\/div><\/div><div class=\"flex_column av_one_full  flex_column_div av-zero-column-padding first  avia-builder-el-2  el_after_av_one_full  el_before_av_one_full  column-top-margin\" style='border-radius:0px; '><section class=\"av_textblock_section \"  itemscope=\"itemscope\" itemtype=\"https:\/\/schema.org\/BlogPosting\" itemprop=\"blogPost\" ><div class='avia_textblock  '   itemprop=\"text\" ><p style=\"text-align: center;\"><span style=\"font-size: 18pt;\"><strong>Chile Chico y Los Antiguos avanzan en conectividad con acuerdo para reactivar transporte p\u00fablico fronterizo<\/strong><\/span><\/p>\n<div id=\"gtx-trans\" style=\"position: absolute; left: -50px; top: 4.31534px;\">\n<div class=\"gtx-trans-icon\"><\/div>\n<\/div>\n<\/div><\/section><\/div><div class=\"flex_column av_one_full  flex_column_div av-zero-column-padding first  avia-builder-el-4  el_after_av_one_full  el_before_av_hr  column-top-margin\" style='border-radius:0px; '><section class=\"av_textblock_section \"  itemscope=\"itemscope\" itemtype=\"https:\/\/schema.org\/BlogPosting\" itemprop=\"blogPost\" ><div class='avia_textblock  '   itemprop=\"text\" ><p style=\"text-align: justify;\">Un importante paso en la integraci\u00f3n entre Chile y Argentina se concret\u00f3 con la firma del acuerdo que permitir\u00e1 retomar el transporte p\u00fablico entre Chile Chico y Los Antiguos. Este convenio, impulsado por la comunidad y gestionado por los Gobiernos de ambos pa\u00edses, establece nuevas condiciones que facilitar\u00e1n la operaci\u00f3n de transportistas locales.<\/p>\n<p style=\"text-align: justify;\">El acuerdo, que ya se encuentra vigente, busca reducir tr\u00e1mites y costos para los operadores, flexibilizando los requisitos para el transporte fronterizo. Entre las medidas adoptadas, se permitir\u00e1 la circulaci\u00f3n de minibuses en lugar de buses de mayor tama\u00f1o, mayor variedad de seguros y veh\u00edculos de hasta diez a\u00f1os de antig\u00fcedad, lo que facilitar\u00e1 la entrada de m\u00e1s prestadores de servicio. Con esto, se espera que en el corto plazo se reactiven los recorridos, actualmente inexistentes, evitando el uso de transportes no regulados y mejorando la movilidad de la comunidad.<\/p>\n<p style=\"text-align: justify;\">El Delegado Presidencial Provincial de General Carrera, Crist\u00f3bal Barcel\u00f3, destac\u00f3 que \u00abeste convenio es fruto del trabajo mancomunado. Por eso estamos presentes junto al alcalde, junto al Seremi, porque desde las instituciones p\u00fablicas, de la comunidad y de la comuna de Chile Chico en particular se gestion\u00f3, se hizo esta presi\u00f3n positiva, que permiti\u00f3 que nuestros Gobiernos, tanto chileno como el Gobierno argentino, pudiesen llegar a un acuerdo\u00bb.<\/p>\n<p style=\"text-align: justify;\">Por su parte, el alcalde de Chile Chico, Ariel Keim, valor\u00f3 el esfuerzo conjunto que permiti\u00f3 concretar este avance. \u00abEsto nace de una larga gesti\u00f3n que se ha venido desarrollando desde la Delegaci\u00f3n, liderada por nuestro Delegado Provincial, don Crist\u00f3bal Barcel\u00f3, y donde tambi\u00e9n muchas veces estuvimos junto a varios dirigentes locales, como municipio, como concejal. Estuvimos impulsando la necesidad que ten\u00edamos de poder retomar este importante servicio de transporte p\u00fablico entre ambas localidades como son Chile Chico y Los Antiguos\u00bb.<\/p>\n<p style=\"text-align: justify;\">El Seremi de Transportes y Telecomunicaciones, Hans Zimmermann, subray\u00f3 que la firma de este protocolo de acuerdo \u00abresponde a una gesti\u00f3n intensa que ha realizado el Gobierno a trav\u00e9s del Ministerio de Transportes y Telecomunicaciones, donde a trav\u00e9s del intercambio de notas diplom\u00e1ticas se ha podido establecer un acuerdo que fija nuevas exigencias y facilita la operatividad del transporte terrestre en zonas fronterizas\u00bb.<\/p>\n<p style=\"text-align: justify;\">Con este avance, Chile y Argentina refuerzan su compromiso con la conectividad y el desarrollo local, respondiendo a una demanda hist\u00f3rica de la comunidad de Chile Chico y generando nuevas oportunidades para vecinos y visitantes.<\/p>\n<\/div><\/section><\/div><div  style='height:50px' class='hr hr-invisible   avia-builder-el-6  el_after_av_one_full  el_before_av_social_share '><span class='hr-inner ' ><span class='hr-inner-style'><\/span><\/span><\/div><\/p>\n<div  class='av-social-sharing-box  avia-builder-el-7  el_after_av_hr  el_before_av_hr  '><div class='av-share-box'><h5 class='av-share-link-description av-no-toc '>Compartir esta noticia<\/h5><ul class='av-share-box-list noLightbox'><li class='av-share-link av-social-link-facebook' ><a target=\"_blank\" aria-label=\"Compartir en Facebook\" href='https:\/\/www.facebook.com\/sharer.php?u=https:\/\/radiorevelacionfm.cl\/?p=50887&#038;t=Chile%20Chico%20y%20Los%20Antiguos%20avanzan%20en%20conectividad%20con%20acuerdo%20para%20reactivar%20transporte%20p%C3%BAblico%20fronterizo' aria-hidden='false' data-av_icon='\ue8f3' data-av_iconfont='entypo-fontello' title='' data-avia-related-tooltip='Compartir en Facebook' rel=\"noopener\"><span class='avia_hidden_link_text'>Compartir en Facebook<\/span><\/a><\/li><li class='av-share-link av-social-link-twitter' ><a target=\"_blank\" aria-label=\"Compartir en Twitter\" href='https:\/\/twitter.com\/share?text=Chile%20Chico%20y%20Los%20Antiguos%20avanzan%20en%20conectividad%20con%20acuerdo%20para%20reactivar%20transporte%20p%C3%BAblico%20fronterizo&#038;url=https:\/\/radiorevelacionfm.cl\/?p=50887' aria-hidden='false' data-av_icon='\ue8f1' data-av_iconfont='entypo-fontello' title='' data-avia-related-tooltip='Compartir en Twitter' rel=\"noopener\"><span class='avia_hidden_link_text'>Compartir en Twitter<\/span><\/a><\/li><li class='av-share-link av-social-link-whatsapp' ><a target=\"_blank\" aria-label=\"Compartir en Whatsapp\" href='https:\/\/api.whatsapp.com\/send?text=https:\/\/radiorevelacionfm.cl\/?p=50887' aria-hidden='false' data-av_icon='\uf232' data-av_iconfont='entypo-fontello' title='' data-avia-related-tooltip='Compartir en Whatsapp' rel=\"noopener\"><span class='avia_hidden_link_text'>Compartir en Whatsapp<\/span><\/a><\/li><li class='av-share-link av-social-link-linkedin' ><a target=\"_blank\" aria-label=\"Compartir en LinkedIn\" href='https:\/\/linkedin.com\/shareArticle?mini=true&#038;title=Chile%20Chico%20y%20Los%20Antiguos%20avanzan%20en%20conectividad%20con%20acuerdo%20para%20reactivar%20transporte%20p%C3%BAblico%20fronterizo&#038;url=https:\/\/radiorevelacionfm.cl\/?p=50887' aria-hidden='false' data-av_icon='\ue8fc' data-av_iconfont='entypo-fontello' title='' data-avia-related-tooltip='Compartir en LinkedIn' rel=\"noopener\"><span class='avia_hidden_link_text'>Compartir en LinkedIn<\/span><\/a><\/li><li class='av-share-link av-social-link-mail' ><a  aria-label=\"Compartir por correo\" href='mailto:?subject=Chile%20Chico%20y%20Los%20Antiguos%20avanzan%20en%20conectividad%20con%20acuerdo%20para%20reactivar%20transporte%20p%C3%BAblico%20fronterizo&#038;body=https:\/\/radiorevelacionfm.cl\/?p=50887' aria-hidden='false' data-av_icon='\ue805' data-av_iconfont='entypo-fontello' title='' data-avia-related-tooltip='Compartir por correo'><span class='avia_hidden_link_text'>Compartir por correo<\/span><\/a><\/li><\/ul><\/div><\/div>\n<div  style='height:50px' class='hr hr-invisible   avia-builder-el-8  el_after_av_social_share  el_before_av_comments_list '><span class='hr-inner ' ><span class='hr-inner-style'><\/span><\/span><\/div>\n<div  class='av-buildercomment  av-blog-meta-html-info-disabled av-blog-meta-tag-disabled  '><\/div>\n","protected":false},"excerpt":{"rendered":"","protected":false},"author":1,"featured_media":50888,"comment_status":"open","ping_status":"open","sticky":false,"template":"","format":"standard","meta":{"footnotes":""},"categories":[38],"tags":[],"class_list":["post-50887","post","type-post","status-publish","format-standard","has-post-thumbnail","hentry","category-regional"],"jetpack_featured_media_url":"https:\/\/radiorevelacionfm.cl\/wp-content\/uploads\/2025\/02\/foto-hito-fronterizo-1_optimized-1.jpeg","_links":{"self":[{"href":"https:\/\/radiorevelacionfm.cl\/index.php?rest_route=\/wp\/v2\/posts\/50887","targetHints":{"allow":["GET"]}}],"collection":[{"href":"https:\/\/radiorevelacionfm.cl\/index.php?rest_route=\/wp\/v2\/posts"}],"about":[{"href":"https:\/\/radiorevelacionfm.cl\/index.php?rest_route=\/wp\/v2\/types\/post"}],"author":[{"embeddable":true,"href":"https:\/\/radiorevelacionfm.cl\/index.php?rest_route=\/wp\/v2\/users\/1"}],"replies":[{"embeddable":true,"href":"https:\/\/radiorevelacionfm.cl\/index.php?rest_route=%2Fwp%2Fv2%2Fcomments&post=50887"}],"version-history":[{"count":1,"href":"https:\/\/radiorevelacionfm.cl\/index.php?rest_route=\/wp\/v2\/posts\/50887\/revisions"}],"predecessor-version":[{"id":50889,"href":"https:\/\/radiorevelacionfm.cl\/index.php?rest_route=\/wp\/v2\/posts\/50887\/revisions\/50889"}],"wp:featuredmedia":[{"embeddable":true,"href":"https:\/\/radiorevelacionfm.cl\/index.php?rest_route=\/wp\/v2\/media\/50888"}],"wp:attachment":[{"href":"https:\/\/radiorevelacionfm.cl\/index.php?rest_route=%2Fwp%2Fv2%2Fmedia&parent=50887"}],"wp:term":[{"taxonomy":"category","embeddable":true,"href":"https:\/\/radiorevelacionfm.cl\/index.php?rest_route=%2Fwp%2Fv2%2Fcategories&post=50887"},{"taxonomy":"post_tag","embeddable":true,"href":"https:\/\/radiorevelacionfm.cl\/index.php?rest_route=%2Fwp%2Fv2%2Ftags&post=50887"}],"curies":[{"name":"wp","href":"https:\/\/api.w.org\/{rel}","templated":true}]}}