{"id":50884,"date":"2025-02-25T17:05:38","date_gmt":"2025-02-25T20:05:38","guid":{"rendered":"https:\/\/radiorevelacionfm.cl\/?p=50884"},"modified":"2025-02-25T18:41:24","modified_gmt":"2025-02-25T21:41:24","slug":"hospital-de-puerto-aysen-realiza-12-cirugias-de-mano-a-pacientes-de-la-region","status":"publish","type":"post","link":"https:\/\/radiorevelacionfm.cl\/?p=50884","title":{"rendered":"Hospital de Puerto Ays\u00e9n realiza 12 cirug\u00edas de mano a pacientes de la Regi\u00f3n"},"content":{"rendered":"<div class=\"flex_column av_one_full  flex_column_div av-zero-column-padding first  avia-builder-el-0  el_before_av_one_full  avia-builder-el-first  \" style='border-radius:0px; '><div  class='avia-image-container  av-styling-    avia-builder-el-1  avia-builder-el-no-sibling  avia-align-center '  itemprop=\"image\" itemscope=\"itemscope\" itemtype=\"https:\/\/schema.org\/ImageObject\"  ><div class='avia-image-container-inner'><div class='avia-image-overlay-wrap'><img decoding=\"async\" class='wp-image-50885 avia-img-lazy-loading-not-50885 avia_image' src=\"https:\/\/radiorevelacionfm.cl\/wp-content\/uploads\/2025\/02\/WhatsApp-Image-2025-02-22-at-11.30.29-AM-7-1-1-1.jpeg\" alt='' title='WhatsApp Image 2025-02-22 at 11.30.29 AM (7) (1) (1) (1)' height=\"600\" width=\"901\"  itemprop=\"thumbnailUrl\" srcset=\"https:\/\/radiorevelacionfm.cl\/wp-content\/uploads\/2025\/02\/WhatsApp-Image-2025-02-22-at-11.30.29-AM-7-1-1-1.jpeg 901w, https:\/\/radiorevelacionfm.cl\/wp-content\/uploads\/2025\/02\/WhatsApp-Image-2025-02-22-at-11.30.29-AM-7-1-1-1-300x200.jpeg 300w, https:\/\/radiorevelacionfm.cl\/wp-content\/uploads\/2025\/02\/WhatsApp-Image-2025-02-22-at-11.30.29-AM-7-1-1-1-768x511.jpeg 768w, https:\/\/radiorevelacionfm.cl\/wp-content\/uploads\/2025\/02\/WhatsApp-Image-2025-02-22-at-11.30.29-AM-7-1-1-1-705x469.jpeg 705w, https:\/\/radiorevelacionfm.cl\/wp-content\/uploads\/2025\/02\/WhatsApp-Image-2025-02-22-at-11.30.29-AM-7-1-1-1-450x300.jpeg 450w, https:\/\/radiorevelacionfm.cl\/wp-content\/uploads\/2025\/02\/WhatsApp-Image-2025-02-22-at-11.30.29-AM-7-1-1-1-600x400.jpeg 600w\" sizes=\"(max-width: 901px) 100vw, 901px\" \/><\/div><\/div><\/div><\/div><div class=\"flex_column av_one_full  flex_column_div av-zero-column-padding first  avia-builder-el-2  el_after_av_one_full  el_before_av_one_full  column-top-margin\" style='border-radius:0px; '><section class=\"av_textblock_section \"  itemscope=\"itemscope\" itemtype=\"https:\/\/schema.org\/BlogPosting\" itemprop=\"blogPost\" ><div class='avia_textblock  '   itemprop=\"text\" ><p style=\"text-align: center;\"><span style=\"font-size: 18pt;\"><b><span lang=\"ES-MX\">Hospital de Puerto Ays\u00e9n realiza 12 cirug\u00edas de mano a pacientes de la Regi\u00f3n<\/span><\/b><\/span><\/p>\n<div id=\"gtx-trans\" style=\"position: absolute; left: -50px; top: 4.31534px;\">\n<div class=\"gtx-trans-icon\"><\/div>\n<\/div>\n<\/div><\/section><\/div><div class=\"flex_column av_one_full  flex_column_div av-zero-column-padding first  avia-builder-el-4  el_after_av_one_full  el_before_av_hr  column-top-margin\" style='border-radius:0px; '><section class=\"av_textblock_section \"  itemscope=\"itemscope\" itemtype=\"https:\/\/schema.org\/BlogPosting\" itemprop=\"blogPost\" ><div class='avia_textblock  '   itemprop=\"text\" ><p class=\"v1MsoNormal\" style=\"text-align: justify;\"><span lang=\"ES-MX\">Un total de 12 pacientes fueron operados en el Hospital de Puerto Ays\u00e9n en el marco del primer Operativo Traumatol\u00f3gico SalmonChile-FLDE, una iniciativa entre el Servicio de Salud Ays\u00e9n y la Fundaci\u00f3n Lista de Espera. Este operativo permiti\u00f3 atender a personas con patolog\u00edas como el s\u00edndrome del t\u00fanel carpiano, el dedo en gatillo y la enfermedad de Dupuytren, condiciones que afectan la funcionalidad y calidad de vida de quienes las padecen.<\/span><\/p>\n<p class=\"v1MsoNormal\" style=\"text-align: justify;\"><span lang=\"ES-MX\">\u00abLa operaci\u00f3n fue bien, los m\u00e9dicos excelentes, nos pusieron m\u00fasica, as\u00ed que estuvo entretenida la cirug\u00eda, me alegro y muchas gracias por todo\u00bb, expres\u00f3 Felicita Cruces Masilla, usuaria de la ciudad de Cochrane.\u00a0<\/span><\/p>\n<p class=\"v1MsoNormal\" style=\"text-align: justify;\"><span lang=\"ES-MX\">Las cirug\u00edas fueron realizadas en los pabellones del Hospital de Puerto Ays\u00e9n, el \u00fanico establecimiento de mediana complejidad de la red asistencial, con la participaci\u00f3n de equipos m\u00e9dicos especializados de la fundaci\u00f3n y el apoyo del personal hospitalario.<\/span><\/p>\n<p class=\"v1MsoNormal\" style=\"text-align: justify;\"><span lang=\"ES-MX\">\u00abEl objetivo espec\u00edfico del operativo fue realizar cirug\u00edas de mano, patolog\u00edas frecuentes que se pueden resolver de manera electiva y ambulatoria. En total, se atendieron 12 pacientes, cada equipo oper\u00f3 a seis personas en dos pabellones. Las patolog\u00edas que se trataron son frecuentes en la atenci\u00f3n primaria y en el hospital\u00bb, manifest\u00f3 Pablo Silva Lebtun, especialista en mano y mu\u00f1eca de la Fundaci\u00f3n Lista de Espera.<\/span><\/p>\n<p class=\"v1MsoNormal\" style=\"text-align: justify;\"><span lang=\"ES-MX\">El impacto de este tipo de operativos no solo beneficia a los pacientes, sino que tambi\u00e9n fortalece la capacidad resolutiva del hospital, as\u00ed lo destac\u00f3 Hern\u00e1n Barrientos Hern\u00e1ndez, director del Hospital de Puerto Ays\u00e9n. \u00abGracias a la colaboraci\u00f3n, podemos realizar cirug\u00edas mayores ambulatorias, como cirug\u00eda de mano, en nuestro hospital, poniendo a disposici\u00f3n nuestras modernas instalaciones de pabellones, as\u00ed como personal clave de \u00e1reas esenciales como prequir\u00fargico, pabell\u00f3n, esterilizaci\u00f3n y log\u00edstica\u00bb, dijo.<\/span><\/p>\n<p class=\"v1MsoNormal\" style=\"text-align: justify;\"><span lang=\"ES-MX\">\u00abPara nosotros, esto es sumamente importante, ya que, como establecimiento, esta iniciativa refuerza la credibilidad y confianza en nuestro hospital. Como centro de mediana complejidad, estamos trabajando arduamente para desarrollar diversas especialidades y en particular, para ofrecer atenciones oportunas, seguras y de calidad a los habitantes de la regi\u00f3n de Ays\u00e9n\u00bb, agreg\u00f3 el director del Hospital de Puerto Ays\u00e9n.<\/span><\/p>\n<p class=\"v1MsoNormal\" style=\"text-align: justify;\"><span lang=\"ES-MX\">El trabajo colaborativo ha sido clave en la concreci\u00f3n de estos operativos, permitiendo ampliar la cobertura y resolver cirug\u00edas pendientes. Pilar Santa Mar\u00eda, directora ejecutiva de la Fundaci\u00f3n Lista de Espera, resalt\u00f3 la importancia de estas iniciativas.<\/span><\/p>\n<p class=\"v1MsoNormal\" style=\"text-align: justify;\"><span lang=\"ES-MX\">\u00abHemos operado a m\u00e1s de 120 pacientes en lista de espera, y ahora estamos muy contentos de poder incorporar a la regi\u00f3n de Ays\u00e9n. Hemos acudido con un equipo m\u00e9dico gracias a un convenio de colaboraci\u00f3n con el Servicio de Salud y el Hospital de Puerto Ays\u00e9n\u00bb, indic\u00f3 Santa Mar\u00eda.<\/span><\/p>\n<p class=\"v1MsoNormal\" style=\"text-align: justify;\"><span lang=\"ES-MX\">Desde el Gobierno Regional, tambi\u00e9n valoraron este esfuerzo intersectorial. \u00abDesde el Gobierno Regional, liderado por el gobernador Marcelo Santana Vargas, estamos muy orgullosos de esta iniciativa, que es fruto del esfuerzo conjunto de distintos sectores. Valoramos esta alianza de trabajo p\u00fablico-privada en beneficio de los habitantes de la regi\u00f3n de Ays\u00e9n, especialmente en la mejora de la calidad de salud de nuestra poblaci\u00f3n\u00bb, expres\u00f3 Dominique Brautigam, directora de la Divisi\u00f3n de Desarrollo Social y Humano del Gobierno Regional de Ays\u00e9n.<\/span><\/p>\n<p class=\"v1MsoNormal\" style=\"text-align: justify;\"><span lang=\"ES-MX\">La Fundaci\u00f3n Lista de Espera naci\u00f3 en plena pandemia con el objetivo de facilitar a personas de escasos recursos el acceso a servicios de salud, con un enfoque especial en la reducci\u00f3n de listas de espera en el sistema p\u00fablico. Gracias al convenio firmado con el Servicio de Salud Ays\u00e9n, se espera continuar realizando operativos en la regi\u00f3n, priorizando atenciones en especialidades cr\u00edticas como otorrinolaringolog\u00eda y traumatolog\u00eda.<\/span><\/p>\n<p class=\"v1MsoNormal\" style=\"text-align: justify;\"><span lang=\"ES-MX\">El \u00e9xito del Operativo Traumatol\u00f3gico SalmonChile-FLDE en Puerto Ays\u00e9n refuerza la importancia del trabajo conjunto entre el Servicio de Salud Ays\u00e9n, la Fundaci\u00f3n Lista de Espera y el Hospital de Puerto Ays\u00e9n, entregando soluciones concretas y oportunas a quienes m\u00e1s lo necesitan.<\/span><\/p>\n<\/div><\/section><\/div><div  style='height:50px' class='hr hr-invisible   avia-builder-el-6  el_after_av_one_full  el_before_av_social_share '><span class='hr-inner ' ><span class='hr-inner-style'><\/span><\/span><\/div><\/p>\n<div  class='av-social-sharing-box  avia-builder-el-7  el_after_av_hr  el_before_av_hr  '><div class='av-share-box'><h5 class='av-share-link-description av-no-toc '>Compartir esta noticia<\/h5><ul class='av-share-box-list noLightbox'><li class='av-share-link av-social-link-facebook' ><a target=\"_blank\" aria-label=\"Compartir en Facebook\" href='https:\/\/www.facebook.com\/sharer.php?u=https:\/\/radiorevelacionfm.cl\/?p=50884&#038;t=Hospital%20de%20Puerto%20Ays%C3%A9n%20realiza%2012%20cirug%C3%ADas%20de%20mano%20a%20pacientes%20de%20la%20Regi%C3%B3n' aria-hidden='false' data-av_icon='\ue8f3' data-av_iconfont='entypo-fontello' title='' data-avia-related-tooltip='Compartir en Facebook' rel=\"noopener\"><span class='avia_hidden_link_text'>Compartir en Facebook<\/span><\/a><\/li><li class='av-share-link av-social-link-twitter' ><a target=\"_blank\" aria-label=\"Compartir en Twitter\" href='https:\/\/twitter.com\/share?text=Hospital%20de%20Puerto%20Ays%C3%A9n%20realiza%2012%20cirug%C3%ADas%20de%20mano%20a%20pacientes%20de%20la%20Regi%C3%B3n&#038;url=https:\/\/radiorevelacionfm.cl\/?p=50884' aria-hidden='false' data-av_icon='\ue8f1' data-av_iconfont='entypo-fontello' title='' data-avia-related-tooltip='Compartir en Twitter' rel=\"noopener\"><span class='avia_hidden_link_text'>Compartir en Twitter<\/span><\/a><\/li><li class='av-share-link av-social-link-whatsapp' ><a target=\"_blank\" aria-label=\"Compartir en Whatsapp\" href='https:\/\/api.whatsapp.com\/send?text=https:\/\/radiorevelacionfm.cl\/?p=50884' aria-hidden='false' data-av_icon='\uf232' data-av_iconfont='entypo-fontello' title='' data-avia-related-tooltip='Compartir en Whatsapp' rel=\"noopener\"><span class='avia_hidden_link_text'>Compartir en Whatsapp<\/span><\/a><\/li><li class='av-share-link av-social-link-linkedin' ><a target=\"_blank\" aria-label=\"Compartir en LinkedIn\" href='https:\/\/linkedin.com\/shareArticle?mini=true&#038;title=Hospital%20de%20Puerto%20Ays%C3%A9n%20realiza%2012%20cirug%C3%ADas%20de%20mano%20a%20pacientes%20de%20la%20Regi%C3%B3n&#038;url=https:\/\/radiorevelacionfm.cl\/?p=50884' aria-hidden='false' data-av_icon='\ue8fc' data-av_iconfont='entypo-fontello' title='' data-avia-related-tooltip='Compartir en LinkedIn' rel=\"noopener\"><span class='avia_hidden_link_text'>Compartir en LinkedIn<\/span><\/a><\/li><li class='av-share-link av-social-link-mail' ><a  aria-label=\"Compartir por correo\" href='mailto:?subject=Hospital%20de%20Puerto%20Ays%C3%A9n%20realiza%2012%20cirug%C3%ADas%20de%20mano%20a%20pacientes%20de%20la%20Regi%C3%B3n&#038;body=https:\/\/radiorevelacionfm.cl\/?p=50884' aria-hidden='false' data-av_icon='\ue805' data-av_iconfont='entypo-fontello' title='' data-avia-related-tooltip='Compartir por correo'><span class='avia_hidden_link_text'>Compartir por correo<\/span><\/a><\/li><\/ul><\/div><\/div>\n<div  style='height:50px' class='hr hr-invisible   avia-builder-el-8  el_after_av_social_share  el_before_av_comments_list '><span class='hr-inner ' ><span class='hr-inner-style'><\/span><\/span><\/div>\n<div  class='av-buildercomment  av-blog-meta-html-info-disabled av-blog-meta-tag-disabled  '><\/div>\n","protected":false},"excerpt":{"rendered":"","protected":false},"author":1,"featured_media":50885,"comment_status":"open","ping_status":"open","sticky":false,"template":"","format":"standard","meta":{"footnotes":""},"categories":[46],"tags":[],"class_list":["post-50884","post","type-post","status-publish","format-standard","has-post-thumbnail","hentry","category-salud"],"jetpack_featured_media_url":"https:\/\/radiorevelacionfm.cl\/wp-content\/uploads\/2025\/02\/WhatsApp-Image-2025-02-22-at-11.30.29-AM-7-1-1-1.jpeg","_links":{"self":[{"href":"https:\/\/radiorevelacionfm.cl\/index.php?rest_route=\/wp\/v2\/posts\/50884","targetHints":{"allow":["GET"]}}],"collection":[{"href":"https:\/\/radiorevelacionfm.cl\/index.php?rest_route=\/wp\/v2\/posts"}],"about":[{"href":"https:\/\/radiorevelacionfm.cl\/index.php?rest_route=\/wp\/v2\/types\/post"}],"author":[{"embeddable":true,"href":"https:\/\/radiorevelacionfm.cl\/index.php?rest_route=\/wp\/v2\/users\/1"}],"replies":[{"embeddable":true,"href":"https:\/\/radiorevelacionfm.cl\/index.php?rest_route=%2Fwp%2Fv2%2Fcomments&post=50884"}],"version-history":[{"count":1,"href":"https:\/\/radiorevelacionfm.cl\/index.php?rest_route=\/wp\/v2\/posts\/50884\/revisions"}],"predecessor-version":[{"id":50886,"href":"https:\/\/radiorevelacionfm.cl\/index.php?rest_route=\/wp\/v2\/posts\/50884\/revisions\/50886"}],"wp:featuredmedia":[{"embeddable":true,"href":"https:\/\/radiorevelacionfm.cl\/index.php?rest_route=\/wp\/v2\/media\/50885"}],"wp:attachment":[{"href":"https:\/\/radiorevelacionfm.cl\/index.php?rest_route=%2Fwp%2Fv2%2Fmedia&parent=50884"}],"wp:term":[{"taxonomy":"category","embeddable":true,"href":"https:\/\/radiorevelacionfm.cl\/index.php?rest_route=%2Fwp%2Fv2%2Fcategories&post=50884"},{"taxonomy":"post_tag","embeddable":true,"href":"https:\/\/radiorevelacionfm.cl\/index.php?rest_route=%2Fwp%2Fv2%2Ftags&post=50884"}],"curies":[{"name":"wp","href":"https:\/\/api.w.org\/{rel}","templated":true}]}}