{"id":50882,"date":"2025-02-25T18:24:37","date_gmt":"2025-02-25T21:24:37","guid":{"rendered":"https:\/\/radiorevelacionfm.cl\/?p=50882"},"modified":"2025-02-25T18:24:37","modified_gmt":"2025-02-25T21:24:37","slug":"coyhaique-fiscalia-formaliza-investigacion-por-robo-ocurrido-en-poblacion-los-glaciares","status":"publish","type":"post","link":"https:\/\/radiorevelacionfm.cl\/?p=50882","title":{"rendered":"Coyhaique: Fiscal\u00eda formaliza investigaci\u00f3n por robo ocurrido en poblaci\u00f3n Los Glaciares"},"content":{"rendered":"<div class=\"flex_column av_one_full  flex_column_div av-zero-column-padding first  avia-builder-el-0  el_before_av_one_full  avia-builder-el-first  \" style='border-radius:0px; '><div  class='avia-image-container  av-styling-    avia-builder-el-1  avia-builder-el-no-sibling  avia-align-center '  itemprop=\"image\" itemscope=\"itemscope\" itemtype=\"https:\/\/schema.org\/ImageObject\"  ><div class='avia-image-container-inner'><div class='avia-image-overlay-wrap'><img decoding=\"async\" class='wp-image-38612 avia-img-lazy-loading-not-38612 avia_image' src=\"https:\/\/radiorevelacionfm.cl\/wp-content\/uploads\/2024\/01\/fiscalia_7-1_optimized.jpeg\" alt='' title='fiscalia_7-(1)_optimized' height=\"600\" width=\"859\"  itemprop=\"thumbnailUrl\" srcset=\"https:\/\/radiorevelacionfm.cl\/wp-content\/uploads\/2024\/01\/fiscalia_7-1_optimized.jpeg 859w, https:\/\/radiorevelacionfm.cl\/wp-content\/uploads\/2024\/01\/fiscalia_7-1_optimized-300x210.jpeg 300w, https:\/\/radiorevelacionfm.cl\/wp-content\/uploads\/2024\/01\/fiscalia_7-1_optimized-768x536.jpeg 768w, https:\/\/radiorevelacionfm.cl\/wp-content\/uploads\/2024\/01\/fiscalia_7-1_optimized-705x492.jpeg 705w, https:\/\/radiorevelacionfm.cl\/wp-content\/uploads\/2024\/01\/fiscalia_7-1_optimized-450x314.jpeg 450w, https:\/\/radiorevelacionfm.cl\/wp-content\/uploads\/2024\/01\/fiscalia_7-1_optimized-600x419.jpeg 600w\" sizes=\"(max-width: 859px) 100vw, 859px\" \/><\/div><\/div><\/div><\/div><div class=\"flex_column av_one_full  flex_column_div av-zero-column-padding first  avia-builder-el-2  el_after_av_one_full  el_before_av_one_full  column-top-margin\" style='border-radius:0px; '><section class=\"av_textblock_section \"  itemscope=\"itemscope\" itemtype=\"https:\/\/schema.org\/BlogPosting\" itemprop=\"blogPost\" ><div class='avia_textblock  '   itemprop=\"text\" ><p style=\"text-align: center;\"><strong><span style=\"font-size: 18pt;\">Coyhaique: Fiscal\u00eda formaliza investigaci\u00f3n por robo ocurrido en poblaci\u00f3n Los Glaciares\u00a0<\/span><\/strong><\/p>\n<\/div><\/section><\/div><div class=\"flex_column av_one_full  flex_column_div av-zero-column-padding first  avia-builder-el-4  el_after_av_one_full  el_before_av_hr  column-top-margin\" style='border-radius:0px; '><section class=\"av_textblock_section \"  itemscope=\"itemscope\" itemtype=\"https:\/\/schema.org\/BlogPosting\" itemprop=\"blogPost\" ><div class='avia_textblock  '   itemprop=\"text\" ><p style=\"font-weight: 400; text-align: justify;\">Uno de los sujetos, de 17 a\u00f1os, fue puesto en internaci\u00f3n provisoria. Respecto del segundo, de 15 a\u00f1os, se est\u00e1 a la espera de la resoluci\u00f3n final de la Ilustr\u00edsima Corte de Apelaciones de Coyhaique.<\/p>\n<p style=\"font-weight: 400; text-align: justify;\">Tras una investigaci\u00f3n coordinada entre Carabineros de la Primera Comisar\u00eda, SIP y la Fiscal\u00eda Local de Coyhaique fueron formalizados dos imputados menores de edad, involucrados en un robo con violencia que afect\u00f3 a un minimarket de la Poblaci\u00f3n Los Glaciares el pasado lunes 17 de febrero.<\/p>\n<p style=\"font-weight: 400; text-align: justify;\">Los hechos ocurrieron pasadas las 18.00 horas, donde los imputados junto a otros involucrados, concurrieron hasta un minimarket de Villa Los Glaciares, donde -premunidos de cuchillos y un arma de fuego- intimidaron a los dependientes del local y sustrajeron dinero en efectivo, aproximadamente 150 mil pesos, adem\u00e1s de lesionar al hijo de la due\u00f1a del establecimiento y a un cliente.<\/p>\n<p style=\"font-weight: 400; text-align: justify;\">INTERNACI\u00d3N PROVISORIA<\/p>\n<p style=\"font-weight: 400; text-align: justify;\">Seg\u00fan explic\u00f3 el abogado asistente Jos\u00e9 Patricio Rivas, \u201choy se control\u00f3 la detenci\u00f3n de dos imputados, ambos menores de edad, por un hecho acaecido el d\u00eda 17 febrero del 2025 en dependencias del minimarket ubicado en calle Los Glaciares de la comuna de Coyhaique. Respecto de estos dos imputados, uno de 17 a\u00f1os y el otro de 15, fueron formalizados por el delito de robo con violencia, solicitando un plazo de investigaci\u00f3n de 60 d\u00edas\u201d.<\/p>\n<p style=\"font-weight: 400; text-align: justify;\">El abogado Rivas agreg\u00f3 que el Tribunal de Garant\u00eda accedi\u00f3 a la internaci\u00f3n provisoria \u201crespecto solamente del primero de ellos, respecto de -en este caso- del de 17 a\u00f1os y respecto del segundo, decret\u00f3 medidas cautelares de menor intensidad\u201d.<\/p>\n<p style=\"font-weight: 400; text-align: justify;\">El profesional coment\u00f3 que \u201cen vista de esos antecedentes, el Ministerio P\u00fablico en audiencia procedi\u00f3 a apelar verbalmente respecto de la resoluci\u00f3n que deniega la internaci\u00f3n provisoria y en este caso, para que resuelva sea la Ilustr\u00edsima Corte de Apelaciones de Coyhaique\u201d.<\/p>\n<p style=\"font-weight: 400; text-align: justify;\">TERCER DETENIDO<\/p>\n<p style=\"font-weight: 400; text-align: justify;\">En este caso, hay un tercer detenido, el cual ser\u00e1 puesto a disposici\u00f3n del Juzgado de Garant\u00eda este mi\u00e9rcoles. \u201cHay un tercer involucrado que fue detenido el d\u00eda de hoy. Este imputado es mayor de edad y va a ser dispuesto en el bloque A.M. del d\u00eda de ma\u00f1ana\u201d, confirm\u00f3 el abogado Jos\u00e9 Patricio Rivas. Las diligencias de este caso han sido coordinadas por el fiscal adjunto subrogante, Mat\u00edas Manzano.<\/p>\n<\/div><\/section><\/div><div  style='height:50px' class='hr hr-invisible   avia-builder-el-6  el_after_av_one_full  el_before_av_social_share '><span class='hr-inner ' ><span class='hr-inner-style'><\/span><\/span><\/div><\/p>\n<div  class='av-social-sharing-box  avia-builder-el-7  el_after_av_hr  el_before_av_hr  '><div class='av-share-box'><h5 class='av-share-link-description av-no-toc '>Compartir esta noticia<\/h5><ul class='av-share-box-list noLightbox'><li class='av-share-link av-social-link-facebook' ><a target=\"_blank\" aria-label=\"Compartir en Facebook\" href='https:\/\/www.facebook.com\/sharer.php?u=https:\/\/radiorevelacionfm.cl\/?p=50882&#038;t=Coyhaique%3A%20Fiscal%C3%ADa%20formaliza%20investigaci%C3%B3n%20por%20robo%20ocurrido%20en%20poblaci%C3%B3n%20Los%20Glaciares' aria-hidden='false' data-av_icon='\ue8f3' data-av_iconfont='entypo-fontello' title='' data-avia-related-tooltip='Compartir en Facebook' rel=\"noopener\"><span class='avia_hidden_link_text'>Compartir en Facebook<\/span><\/a><\/li><li class='av-share-link av-social-link-twitter' ><a target=\"_blank\" aria-label=\"Compartir en Twitter\" href='https:\/\/twitter.com\/share?text=Coyhaique%3A%20Fiscal%C3%ADa%20formaliza%20investigaci%C3%B3n%20por%20robo%20ocurrido%20en%20poblaci%C3%B3n%20Los%20Glaciares&#038;url=https:\/\/radiorevelacionfm.cl\/?p=50882' aria-hidden='false' data-av_icon='\ue8f1' data-av_iconfont='entypo-fontello' title='' data-avia-related-tooltip='Compartir en Twitter' rel=\"noopener\"><span class='avia_hidden_link_text'>Compartir en Twitter<\/span><\/a><\/li><li class='av-share-link av-social-link-whatsapp' ><a target=\"_blank\" aria-label=\"Compartir en Whatsapp\" href='https:\/\/api.whatsapp.com\/send?text=https:\/\/radiorevelacionfm.cl\/?p=50882' aria-hidden='false' data-av_icon='\uf232' data-av_iconfont='entypo-fontello' title='' data-avia-related-tooltip='Compartir en Whatsapp' rel=\"noopener\"><span class='avia_hidden_link_text'>Compartir en Whatsapp<\/span><\/a><\/li><li class='av-share-link av-social-link-linkedin' ><a target=\"_blank\" aria-label=\"Compartir en LinkedIn\" href='https:\/\/linkedin.com\/shareArticle?mini=true&#038;title=Coyhaique%3A%20Fiscal%C3%ADa%20formaliza%20investigaci%C3%B3n%20por%20robo%20ocurrido%20en%20poblaci%C3%B3n%20Los%20Glaciares&#038;url=https:\/\/radiorevelacionfm.cl\/?p=50882' aria-hidden='false' data-av_icon='\ue8fc' data-av_iconfont='entypo-fontello' title='' data-avia-related-tooltip='Compartir en LinkedIn' rel=\"noopener\"><span class='avia_hidden_link_text'>Compartir en LinkedIn<\/span><\/a><\/li><li class='av-share-link av-social-link-mail' ><a  aria-label=\"Compartir por correo\" href='mailto:?subject=Coyhaique%3A%20Fiscal%C3%ADa%20formaliza%20investigaci%C3%B3n%20por%20robo%20ocurrido%20en%20poblaci%C3%B3n%20Los%20Glaciares&#038;body=https:\/\/radiorevelacionfm.cl\/?p=50882' aria-hidden='false' data-av_icon='\ue805' data-av_iconfont='entypo-fontello' title='' data-avia-related-tooltip='Compartir por correo'><span class='avia_hidden_link_text'>Compartir por correo<\/span><\/a><\/li><\/ul><\/div><\/div>\n<div  style='height:50px' class='hr hr-invisible   avia-builder-el-8  el_after_av_social_share  el_before_av_comments_list '><span class='hr-inner ' ><span class='hr-inner-style'><\/span><\/span><\/div>\n<div  class='av-buildercomment  av-blog-meta-html-info-disabled av-blog-meta-tag-disabled  '><\/div>\n","protected":false},"excerpt":{"rendered":"","protected":false},"author":1,"featured_media":38612,"comment_status":"open","ping_status":"open","sticky":false,"template":"","format":"standard","meta":{"footnotes":""},"categories":[55],"tags":[],"class_list":["post-50882","post","type-post","status-publish","format-standard","has-post-thumbnail","hentry","category-justicia"],"jetpack_featured_media_url":"https:\/\/radiorevelacionfm.cl\/wp-content\/uploads\/2024\/01\/fiscalia_7-1_optimized.jpeg","_links":{"self":[{"href":"https:\/\/radiorevelacionfm.cl\/index.php?rest_route=\/wp\/v2\/posts\/50882","targetHints":{"allow":["GET"]}}],"collection":[{"href":"https:\/\/radiorevelacionfm.cl\/index.php?rest_route=\/wp\/v2\/posts"}],"about":[{"href":"https:\/\/radiorevelacionfm.cl\/index.php?rest_route=\/wp\/v2\/types\/post"}],"author":[{"embeddable":true,"href":"https:\/\/radiorevelacionfm.cl\/index.php?rest_route=\/wp\/v2\/users\/1"}],"replies":[{"embeddable":true,"href":"https:\/\/radiorevelacionfm.cl\/index.php?rest_route=%2Fwp%2Fv2%2Fcomments&post=50882"}],"version-history":[{"count":1,"href":"https:\/\/radiorevelacionfm.cl\/index.php?rest_route=\/wp\/v2\/posts\/50882\/revisions"}],"predecessor-version":[{"id":50883,"href":"https:\/\/radiorevelacionfm.cl\/index.php?rest_route=\/wp\/v2\/posts\/50882\/revisions\/50883"}],"wp:featuredmedia":[{"embeddable":true,"href":"https:\/\/radiorevelacionfm.cl\/index.php?rest_route=\/wp\/v2\/media\/38612"}],"wp:attachment":[{"href":"https:\/\/radiorevelacionfm.cl\/index.php?rest_route=%2Fwp%2Fv2%2Fmedia&parent=50882"}],"wp:term":[{"taxonomy":"category","embeddable":true,"href":"https:\/\/radiorevelacionfm.cl\/index.php?rest_route=%2Fwp%2Fv2%2Fcategories&post=50882"},{"taxonomy":"post_tag","embeddable":true,"href":"https:\/\/radiorevelacionfm.cl\/index.php?rest_route=%2Fwp%2Fv2%2Ftags&post=50882"}],"curies":[{"name":"wp","href":"https:\/\/api.w.org\/{rel}","templated":true}]}}