{"id":50870,"date":"2025-02-25T10:07:58","date_gmt":"2025-02-25T13:07:58","guid":{"rendered":"https:\/\/radiorevelacionfm.cl\/?p=50870"},"modified":"2025-02-25T10:07:58","modified_gmt":"2025-02-25T13:07:58","slug":"cientos-de-personas-participaron-en-la-corrida-supera-tu-marca-en-coyhaique","status":"publish","type":"post","link":"https:\/\/radiorevelacionfm.cl\/?p=50870","title":{"rendered":"Cientos de personas participaron en la corrida \u00abSupera tu marca\u00bb en Coyhaique"},"content":{"rendered":"<div class=\"flex_column av_one_full  flex_column_div av-zero-column-padding first  avia-builder-el-0  el_before_av_one_full  avia-builder-el-first  \" style='border-radius:0px; '><div  class='avia-image-container  av-styling-    avia-builder-el-1  avia-builder-el-no-sibling  avia-align-center '  itemprop=\"image\" itemscope=\"itemscope\" itemtype=\"https:\/\/schema.org\/ImageObject\"  ><div class='avia-image-container-inner'><div class='avia-image-overlay-wrap'><img decoding=\"async\" class='wp-image-50871 avia-img-lazy-loading-not-50871 avia_image' src=\"https:\/\/radiorevelacionfm.cl\/wp-content\/uploads\/2025\/02\/whatsapp-image-2025-02-24-at-11_optimized.14.03-am-1.jpeg\" alt='' title='whatsapp-image-2025-02-24-at-11_optimized.14.03-am-(1)' height=\"600\" width=\"800\"  itemprop=\"thumbnailUrl\" srcset=\"https:\/\/radiorevelacionfm.cl\/wp-content\/uploads\/2025\/02\/whatsapp-image-2025-02-24-at-11_optimized.14.03-am-1.jpeg 800w, https:\/\/radiorevelacionfm.cl\/wp-content\/uploads\/2025\/02\/whatsapp-image-2025-02-24-at-11_optimized.14.03-am-1-300x225.jpeg 300w, https:\/\/radiorevelacionfm.cl\/wp-content\/uploads\/2025\/02\/whatsapp-image-2025-02-24-at-11_optimized.14.03-am-1-768x576.jpeg 768w, https:\/\/radiorevelacionfm.cl\/wp-content\/uploads\/2025\/02\/whatsapp-image-2025-02-24-at-11_optimized.14.03-am-1-705x529.jpeg 705w, https:\/\/radiorevelacionfm.cl\/wp-content\/uploads\/2025\/02\/whatsapp-image-2025-02-24-at-11_optimized.14.03-am-1-450x338.jpeg 450w, https:\/\/radiorevelacionfm.cl\/wp-content\/uploads\/2025\/02\/whatsapp-image-2025-02-24-at-11_optimized.14.03-am-1-600x450.jpeg 600w\" sizes=\"(max-width: 800px) 100vw, 800px\" \/><\/div><\/div><\/div><\/div><div class=\"flex_column av_one_full  flex_column_div av-zero-column-padding first  avia-builder-el-2  el_after_av_one_full  el_before_av_one_full  column-top-margin\" style='border-radius:0px; '><section class=\"av_textblock_section \"  itemscope=\"itemscope\" itemtype=\"https:\/\/schema.org\/BlogPosting\" itemprop=\"blogPost\" ><div class='avia_textblock  '   itemprop=\"text\" ><p style=\"text-align: center;\"><strong><span style=\"font-size: 18pt;\">Cientos de personas participaron en la corrida \u00abSupera tu marca\u00bb en Coyhaique<\/span><\/strong><\/p>\n<div id=\"gtx-trans\" style=\"position: absolute; left: -50px; top: 4.31534px;\">\n<div class=\"gtx-trans-icon\"><\/div>\n<\/div>\n<\/div><\/section><\/div><div class=\"flex_column av_one_full  flex_column_div av-zero-column-padding first  avia-builder-el-4  el_after_av_one_full  el_before_av_hr  column-top-margin\" style='border-radius:0px; '><section class=\"av_textblock_section \"  itemscope=\"itemscope\" itemtype=\"https:\/\/schema.org\/BlogPosting\" itemprop=\"blogPost\" ><div class='avia_textblock  '   itemprop=\"text\" ><p class=\"v1MsoNormal\" style=\"text-align: justify;\"><em>Como una exitosa jornada fue catalogada la corrida y rodada familiar \u00abSupera Tu Marca\u00bb, realizada este domingo en la Plaza del Pionero.<\/em><\/p>\n<p class=\"v1MsoNormal\" style=\"text-align: justify;\">La iniciativa del Ministerio del Deporte (MINDEP) y el Instituto Nacional de Deportes (IND) para promover la actividad f\u00edsica y los h\u00e1bitos saludables en toda la comunidad, cont\u00f3 con m\u00e1s de 300 personas que disfrutaron de un distendido ambiente en torno al deporte y la actividad f\u00edsica.<\/p>\n<p class=\"v1MsoNormal\" style=\"text-align: justify;\">El evento se transform\u00f3\u00a0en una colorida fiesta deportiva, convocando a familias completas que participaron de las distintas categor\u00edas de la corrida y adem\u00e1s disfrutaron de las zonas de juegos y rodados para ni\u00f1os, baile entretenido, premios y taller de karate.<\/p>\n<p class=\"v1MsoNormal\" style=\"text-align: justify;\">La Seremi del Deporte, Mar\u00eda Eugenia Dur\u00e1n Jara, valor\u00f3 la jornada y tras correr los 5 K, se\u00f1al\u00f3: \u00abEstamos muy contentos como Ministerio del Deporte junto al IND de traer esta corrida &#8216;Supera tu marca&#8217;, sabemos que se inscribieron 330 personas en las distintas categor\u00edas, pero lejos lo m\u00e1s importante fue poder compartir y ver a familias completas disfrutando de una maravillosa jornada. Adem\u00e1s de los beneficios que representa para salud, el Presidente Boric ha sido enf\u00e1tico al referirse a la importancia del buen uso de los espacios p\u00fablicos para el deporte, porque en la medida que todos y todas nos encontremos y hagamos comunidad, incentivamos la buena convivencia y le rayamos la cancha a la delincuencia. Esperamos poder replicar y superar esta convocatoria en el pr\u00f3ximo evento en el mes de abril, donde estaremos invitando a celebrar el D\u00eda Nacional del Deporte, porque sabemos que el deporte no s\u00f3lo es salud, es tambi\u00e9n encuentro, inclusi\u00f3n y una herramienta poderosa de cohesi\u00f3n social para un mejor vivir\u00bb.<\/p>\n<p class=\"v1MsoNormal\" style=\"text-align: justify;\">Colaboraron tambi\u00e9n en este evento, SENDA Previene, INJUV, CESFAM Alejandro Guti\u00e9rrez, Cicleayque, Carabineros y voluntarios banderilleros del regimiento 14 de Ays\u00e9n.<\/p>\n<p class=\"v1MsoNormal\" style=\"text-align: justify;\">Asimismo, Javiera Cabrera integrante del Team Mautz y quien corri\u00f3 los 5 K, coment\u00f3: \u00abEs s\u00faper buen bueno potenciar lo que es deporte, no s\u00f3lo correr, bicicleta, hacer carreras en equipo y otros tipo de deporte tambi\u00e9n es s\u00faper bueno, falta todav\u00eda que la comunidad de Coyhaique se una a este tipo de instancias que fomentan la actividad deportiva tanto en ni\u00f1os, en grandes, en la tercera edad y con discapacidad\u00bb.<\/p>\n<p class=\"v1MsoNormal\" style=\"text-align: justify;\">Esta actividad, se enmarca en una serie de actividades realizadas en las 16 regiones del pa\u00eds para fomentar un estilo de vida saludable. La campa\u00f1a \u00abSupera tu marca\u00bb contin\u00faa con eventos deportivos y acceso a contenidos gratuitos en la plataforma del IND (<u><a title=\"http:\/\/www.ind.cl\" href=\"http:\/\/www.ind.cl\/\" target=\"_blank\" rel=\"noopener noreferrer\">www.ind.cl<\/a><\/u>).<\/p>\n<\/div><\/section><\/div><div  style='height:50px' class='hr hr-invisible   avia-builder-el-6  el_after_av_one_full  el_before_av_social_share '><span class='hr-inner ' ><span class='hr-inner-style'><\/span><\/span><\/div><\/p>\n<div  class='av-social-sharing-box  avia-builder-el-7  el_after_av_hr  el_before_av_hr  '><div class='av-share-box'><h5 class='av-share-link-description av-no-toc '>Compartir esta noticia<\/h5><ul class='av-share-box-list noLightbox'><li class='av-share-link av-social-link-facebook' ><a target=\"_blank\" aria-label=\"Compartir en Facebook\" href='https:\/\/www.facebook.com\/sharer.php?u=https:\/\/radiorevelacionfm.cl\/?p=50870&#038;t=Cientos%20de%20personas%20participaron%20en%20la%20corrida%20%C2%ABSupera%20tu%20marca%C2%BB%20en%20Coyhaique' aria-hidden='false' data-av_icon='\ue8f3' data-av_iconfont='entypo-fontello' title='' data-avia-related-tooltip='Compartir en Facebook' rel=\"noopener\"><span class='avia_hidden_link_text'>Compartir en Facebook<\/span><\/a><\/li><li class='av-share-link av-social-link-twitter' ><a target=\"_blank\" aria-label=\"Compartir en Twitter\" href='https:\/\/twitter.com\/share?text=Cientos%20de%20personas%20participaron%20en%20la%20corrida%20%C2%ABSupera%20tu%20marca%C2%BB%20en%20Coyhaique&#038;url=https:\/\/radiorevelacionfm.cl\/?p=50870' aria-hidden='false' data-av_icon='\ue8f1' data-av_iconfont='entypo-fontello' title='' data-avia-related-tooltip='Compartir en Twitter' rel=\"noopener\"><span class='avia_hidden_link_text'>Compartir en Twitter<\/span><\/a><\/li><li class='av-share-link av-social-link-whatsapp' ><a target=\"_blank\" aria-label=\"Compartir en Whatsapp\" href='https:\/\/api.whatsapp.com\/send?text=https:\/\/radiorevelacionfm.cl\/?p=50870' aria-hidden='false' data-av_icon='\uf232' data-av_iconfont='entypo-fontello' title='' data-avia-related-tooltip='Compartir en Whatsapp' rel=\"noopener\"><span class='avia_hidden_link_text'>Compartir en Whatsapp<\/span><\/a><\/li><li class='av-share-link av-social-link-linkedin' ><a target=\"_blank\" aria-label=\"Compartir en LinkedIn\" href='https:\/\/linkedin.com\/shareArticle?mini=true&#038;title=Cientos%20de%20personas%20participaron%20en%20la%20corrida%20%C2%ABSupera%20tu%20marca%C2%BB%20en%20Coyhaique&#038;url=https:\/\/radiorevelacionfm.cl\/?p=50870' aria-hidden='false' data-av_icon='\ue8fc' data-av_iconfont='entypo-fontello' title='' data-avia-related-tooltip='Compartir en LinkedIn' rel=\"noopener\"><span class='avia_hidden_link_text'>Compartir en LinkedIn<\/span><\/a><\/li><li class='av-share-link av-social-link-mail' ><a  aria-label=\"Compartir por correo\" href='mailto:?subject=Cientos%20de%20personas%20participaron%20en%20la%20corrida%20%C2%ABSupera%20tu%20marca%C2%BB%20en%20Coyhaique&#038;body=https:\/\/radiorevelacionfm.cl\/?p=50870' aria-hidden='false' data-av_icon='\ue805' data-av_iconfont='entypo-fontello' title='' data-avia-related-tooltip='Compartir por correo'><span class='avia_hidden_link_text'>Compartir por correo<\/span><\/a><\/li><\/ul><\/div><\/div>\n<div  style='height:50px' class='hr hr-invisible   avia-builder-el-8  el_after_av_social_share  el_before_av_comments_list '><span class='hr-inner ' ><span class='hr-inner-style'><\/span><\/span><\/div>\n<div  class='av-buildercomment  av-blog-meta-html-info-disabled av-blog-meta-tag-disabled  '><\/div>\n","protected":false},"excerpt":{"rendered":"","protected":false},"author":1,"featured_media":50871,"comment_status":"open","ping_status":"open","sticky":false,"template":"","format":"standard","meta":{"footnotes":""},"categories":[40],"tags":[],"class_list":["post-50870","post","type-post","status-publish","format-standard","has-post-thumbnail","hentry","category-deportes"],"jetpack_featured_media_url":"https:\/\/radiorevelacionfm.cl\/wp-content\/uploads\/2025\/02\/whatsapp-image-2025-02-24-at-11_optimized.14.03-am-1.jpeg","_links":{"self":[{"href":"https:\/\/radiorevelacionfm.cl\/index.php?rest_route=\/wp\/v2\/posts\/50870","targetHints":{"allow":["GET"]}}],"collection":[{"href":"https:\/\/radiorevelacionfm.cl\/index.php?rest_route=\/wp\/v2\/posts"}],"about":[{"href":"https:\/\/radiorevelacionfm.cl\/index.php?rest_route=\/wp\/v2\/types\/post"}],"author":[{"embeddable":true,"href":"https:\/\/radiorevelacionfm.cl\/index.php?rest_route=\/wp\/v2\/users\/1"}],"replies":[{"embeddable":true,"href":"https:\/\/radiorevelacionfm.cl\/index.php?rest_route=%2Fwp%2Fv2%2Fcomments&post=50870"}],"version-history":[{"count":1,"href":"https:\/\/radiorevelacionfm.cl\/index.php?rest_route=\/wp\/v2\/posts\/50870\/revisions"}],"predecessor-version":[{"id":50872,"href":"https:\/\/radiorevelacionfm.cl\/index.php?rest_route=\/wp\/v2\/posts\/50870\/revisions\/50872"}],"wp:featuredmedia":[{"embeddable":true,"href":"https:\/\/radiorevelacionfm.cl\/index.php?rest_route=\/wp\/v2\/media\/50871"}],"wp:attachment":[{"href":"https:\/\/radiorevelacionfm.cl\/index.php?rest_route=%2Fwp%2Fv2%2Fmedia&parent=50870"}],"wp:term":[{"taxonomy":"category","embeddable":true,"href":"https:\/\/radiorevelacionfm.cl\/index.php?rest_route=%2Fwp%2Fv2%2Fcategories&post=50870"},{"taxonomy":"post_tag","embeddable":true,"href":"https:\/\/radiorevelacionfm.cl\/index.php?rest_route=%2Fwp%2Fv2%2Ftags&post=50870"}],"curies":[{"name":"wp","href":"https:\/\/api.w.org\/{rel}","templated":true}]}}