{"id":50867,"date":"2025-02-24T20:07:50","date_gmt":"2025-02-24T23:07:50","guid":{"rendered":"https:\/\/radiorevelacionfm.cl\/?p=50867"},"modified":"2025-02-24T20:07:50","modified_gmt":"2025-02-24T23:07:50","slug":"concejala-de-cisnes-acudira-a-sernac-y-a-la-sec-por-constantes-cortes-de-luz","status":"publish","type":"post","link":"https:\/\/radiorevelacionfm.cl\/?p=50867","title":{"rendered":"Concejala de Cisnes acudir\u00e1 a Sernac y a la SEC por constantes cortes de luz"},"content":{"rendered":"<div class=\"flex_column av_one_full  flex_column_div av-zero-column-padding first  avia-builder-el-0  el_before_av_one_full  avia-builder-el-first  \" style='border-radius:0px; '><div  class='avia-image-container  av-styling-    avia-builder-el-1  avia-builder-el-no-sibling  avia-align-center '  itemprop=\"image\" itemscope=\"itemscope\" itemtype=\"https:\/\/schema.org\/ImageObject\"  ><div class='avia-image-container-inner'><div class='avia-image-overlay-wrap'><img decoding=\"async\" class='wp-image-50868 avia-img-lazy-loading-not-50868 avia_image' src=\"https:\/\/radiorevelacionfm.cl\/wp-content\/uploads\/2025\/02\/1-2025-02-24T192303.179-1-1.jpg\" alt='' title='1 - 2025-02-24T192303.179 (1) (1)' height=\"620\" width=\"803\"  itemprop=\"thumbnailUrl\" srcset=\"https:\/\/radiorevelacionfm.cl\/wp-content\/uploads\/2025\/02\/1-2025-02-24T192303.179-1-1.jpg 803w, https:\/\/radiorevelacionfm.cl\/wp-content\/uploads\/2025\/02\/1-2025-02-24T192303.179-1-1-300x232.jpg 300w, https:\/\/radiorevelacionfm.cl\/wp-content\/uploads\/2025\/02\/1-2025-02-24T192303.179-1-1-768x593.jpg 768w, https:\/\/radiorevelacionfm.cl\/wp-content\/uploads\/2025\/02\/1-2025-02-24T192303.179-1-1-705x544.jpg 705w, https:\/\/radiorevelacionfm.cl\/wp-content\/uploads\/2025\/02\/1-2025-02-24T192303.179-1-1-450x347.jpg 450w, https:\/\/radiorevelacionfm.cl\/wp-content\/uploads\/2025\/02\/1-2025-02-24T192303.179-1-1-600x463.jpg 600w\" sizes=\"(max-width: 803px) 100vw, 803px\" \/><\/div><\/div><\/div><\/div><div class=\"flex_column av_one_full  flex_column_div av-zero-column-padding first  avia-builder-el-2  el_after_av_one_full  el_before_av_one_full  column-top-margin\" style='border-radius:0px; '><section class=\"av_textblock_section \"  itemscope=\"itemscope\" itemtype=\"https:\/\/schema.org\/BlogPosting\" itemprop=\"blogPost\" ><div class='avia_textblock  '   itemprop=\"text\" ><p style=\"text-align: center;\"><strong><span style=\"font-size: 18pt;\">Concejala de Cisnes acudir\u00e1 a Sernac y a la SEC por constantes cortes de luz<\/span><\/strong><\/p>\n<div id=\"gtx-trans\" style=\"position: absolute; left: -50px; top: 4.31534px;\">\n<div class=\"gtx-trans-icon\"><\/div>\n<\/div>\n<\/div><\/section><\/div><div class=\"flex_column av_one_full  flex_column_div av-zero-column-padding first  avia-builder-el-4  el_after_av_one_full  el_before_av_hr  column-top-margin\" style='border-radius:0px; '><section class=\"av_textblock_section \"  itemscope=\"itemscope\" itemtype=\"https:\/\/schema.org\/BlogPosting\" itemprop=\"blogPost\" ><div class='avia_textblock  '   itemprop=\"text\" ><ul>\n<li style=\"text-align: justify;\"><em>Vecinos de dicha comuna habr\u00edan manifestado su preocupaci\u00f3n ante las numerosas suspensiones del servicio el\u00e9ctrico sin previo aviso, el que ha ocasionado el deterioro y falla en equipos el\u00e9ctricos. <\/em><\/li>\n<\/ul>\n<p style=\"text-align: justify;\"><strong>La Junta<\/strong>.- Hasta 3 o 4 cortes diarios de electricidad sin aviso previo, con diferente duraci\u00f3n y la mayor\u00eda durante el d\u00eda, horario de funcionamiento de locales comerciales, fueron los que experimentaron durante la semana pasada los vecinos y vecinas de la Comuna de Cisnes y Lago Verde. En el caso de la localidad de La Junta, puerta de ingreso a la Regi\u00f3n de Ays\u00e9n con gran afluencia tur\u00edstica, la concejala Paulina Zapata, se encuentra reuniendo los antecedentes necesarios para acudir al SERNAC y al Superintendencia de Electricidad y Combustibles (SEC)<\/p>\n<p style=\"text-align: justify;\">Seg\u00fan Paulina Zapata, concejala de la comuna de Cisnes, han sido muchas las llamadas de vecinos y vecinas, muchos de ellos emprendedores que han sido afectados por los cortes no programados que han sufrido en la zona norte de la Regi\u00f3n de Ays\u00e9n, perjudicando no s\u00f3lo la actividad comercial al no poder usar pagos electr\u00f3nicos o equipos de refrigeraci\u00f3n sino tambi\u00e9n la imagen tur\u00edstica del territorio. \u201cVamos reunir los antecedentes de todos estos cortes no programados, haremos todas las gestiones necesarias ante SERNAC y EDELAYSEN, como empresa mandante de este servicio, para tener una respuesta y ver c\u00f3mo se puede mejorar el servicio el\u00e9ctrico en nuestras localidades\u201d.<\/p>\n<p style=\"text-align: justify;\">La concejala socialista fue enf\u00e1tica en decir que \u201cmuchos pueden pensar que son simples cortes, pero estos cortes de energ\u00eda han repercutido negativamente tanto en emprendedores del rubro del turismo, as\u00ed como en el comercio de nuestras localidades y a vecinos y vecinas de nuestra comuna, es por eso es que debemos articularnos con las diferentes instituciones del Estado para que se pueda mejorar el servicio y ver que ver si se pueden generar las compensaciones por la p\u00e9rdida de maquinaria, computadores, refrigeradores, entre otra maquinaria semi industrial, informaci\u00f3n que estamos levantando con\u00a0 nuestra comunidad\u201d.<\/p>\n<p style=\"text-align: justify;\">Finalmente Paulina Zapata, concejala de la comuna de Cisnes, dijo que espera que el servicio el\u00e9ctrico avance hacia un sistema m\u00e1s estable, que d\u00e9 garant\u00edas a la comunidad respecto a la continuidad ininterrumpida del servicio, tal como sucede en la zona norte del pa\u00eds. \u201cEn el resto de Chile el servicio el\u00e9ctrico no se interrumpe y cuando lo hace caen sanciones y multas, se compensa las perdidas y la empresa al menos da explicaciones, aqu\u00ed se corta la luz sin previo aviso varias veces a la semana, las bajas de voltaje son el pan del d\u00eda y a d\u00eda y no sabemos cu\u00e1l es la causa. Al menos en nuestra comuna no importa el clima, porque los cortes son con o sin viento, lluvia o incluso sol, como ha sucedido en los \u00faltimos d\u00edas\u201d<\/p>\n<\/div><\/section><\/div><div  style='height:50px' class='hr hr-invisible   avia-builder-el-6  el_after_av_one_full  el_before_av_social_share '><span class='hr-inner ' ><span class='hr-inner-style'><\/span><\/span><\/div><\/p>\n<div  class='av-social-sharing-box  avia-builder-el-7  el_after_av_hr  el_before_av_hr  '><div class='av-share-box'><h5 class='av-share-link-description av-no-toc '>Compartir esta noticia<\/h5><ul class='av-share-box-list noLightbox'><li class='av-share-link av-social-link-facebook' ><a target=\"_blank\" aria-label=\"Compartir en Facebook\" href='https:\/\/www.facebook.com\/sharer.php?u=https:\/\/radiorevelacionfm.cl\/?p=50867&#038;t=Concejala%20de%20Cisnes%20acudir%C3%A1%20a%20Sernac%20y%20a%20la%20SEC%20por%20constantes%20cortes%20de%20luz' aria-hidden='false' data-av_icon='\ue8f3' data-av_iconfont='entypo-fontello' title='' data-avia-related-tooltip='Compartir en Facebook' rel=\"noopener\"><span class='avia_hidden_link_text'>Compartir en Facebook<\/span><\/a><\/li><li class='av-share-link av-social-link-twitter' ><a target=\"_blank\" aria-label=\"Compartir en Twitter\" href='https:\/\/twitter.com\/share?text=Concejala%20de%20Cisnes%20acudir%C3%A1%20a%20Sernac%20y%20a%20la%20SEC%20por%20constantes%20cortes%20de%20luz&#038;url=https:\/\/radiorevelacionfm.cl\/?p=50867' aria-hidden='false' data-av_icon='\ue8f1' data-av_iconfont='entypo-fontello' title='' data-avia-related-tooltip='Compartir en Twitter' rel=\"noopener\"><span class='avia_hidden_link_text'>Compartir en Twitter<\/span><\/a><\/li><li class='av-share-link av-social-link-whatsapp' ><a target=\"_blank\" aria-label=\"Compartir en Whatsapp\" href='https:\/\/api.whatsapp.com\/send?text=https:\/\/radiorevelacionfm.cl\/?p=50867' aria-hidden='false' data-av_icon='\uf232' data-av_iconfont='entypo-fontello' title='' data-avia-related-tooltip='Compartir en Whatsapp' rel=\"noopener\"><span class='avia_hidden_link_text'>Compartir en Whatsapp<\/span><\/a><\/li><li class='av-share-link av-social-link-linkedin' ><a target=\"_blank\" aria-label=\"Compartir en LinkedIn\" href='https:\/\/linkedin.com\/shareArticle?mini=true&#038;title=Concejala%20de%20Cisnes%20acudir%C3%A1%20a%20Sernac%20y%20a%20la%20SEC%20por%20constantes%20cortes%20de%20luz&#038;url=https:\/\/radiorevelacionfm.cl\/?p=50867' aria-hidden='false' data-av_icon='\ue8fc' data-av_iconfont='entypo-fontello' title='' data-avia-related-tooltip='Compartir en LinkedIn' rel=\"noopener\"><span class='avia_hidden_link_text'>Compartir en LinkedIn<\/span><\/a><\/li><li class='av-share-link av-social-link-mail' ><a  aria-label=\"Compartir por correo\" href='mailto:?subject=Concejala%20de%20Cisnes%20acudir%C3%A1%20a%20Sernac%20y%20a%20la%20SEC%20por%20constantes%20cortes%20de%20luz&#038;body=https:\/\/radiorevelacionfm.cl\/?p=50867' aria-hidden='false' data-av_icon='\ue805' data-av_iconfont='entypo-fontello' title='' data-avia-related-tooltip='Compartir por correo'><span class='avia_hidden_link_text'>Compartir por correo<\/span><\/a><\/li><\/ul><\/div><\/div>\n<div  style='height:50px' class='hr hr-invisible   avia-builder-el-8  el_after_av_social_share  el_before_av_comments_list '><span class='hr-inner ' ><span class='hr-inner-style'><\/span><\/span><\/div>\n<div  class='av-buildercomment  av-blog-meta-html-info-disabled av-blog-meta-tag-disabled  '><\/div>\n","protected":false},"excerpt":{"rendered":"","protected":false},"author":1,"featured_media":50868,"comment_status":"open","ping_status":"open","sticky":false,"template":"","format":"standard","meta":{"footnotes":""},"categories":[38],"tags":[],"class_list":["post-50867","post","type-post","status-publish","format-standard","has-post-thumbnail","hentry","category-regional"],"jetpack_featured_media_url":"https:\/\/radiorevelacionfm.cl\/wp-content\/uploads\/2025\/02\/1-2025-02-24T192303.179-1-1.jpg","_links":{"self":[{"href":"https:\/\/radiorevelacionfm.cl\/index.php?rest_route=\/wp\/v2\/posts\/50867","targetHints":{"allow":["GET"]}}],"collection":[{"href":"https:\/\/radiorevelacionfm.cl\/index.php?rest_route=\/wp\/v2\/posts"}],"about":[{"href":"https:\/\/radiorevelacionfm.cl\/index.php?rest_route=\/wp\/v2\/types\/post"}],"author":[{"embeddable":true,"href":"https:\/\/radiorevelacionfm.cl\/index.php?rest_route=\/wp\/v2\/users\/1"}],"replies":[{"embeddable":true,"href":"https:\/\/radiorevelacionfm.cl\/index.php?rest_route=%2Fwp%2Fv2%2Fcomments&post=50867"}],"version-history":[{"count":1,"href":"https:\/\/radiorevelacionfm.cl\/index.php?rest_route=\/wp\/v2\/posts\/50867\/revisions"}],"predecessor-version":[{"id":50869,"href":"https:\/\/radiorevelacionfm.cl\/index.php?rest_route=\/wp\/v2\/posts\/50867\/revisions\/50869"}],"wp:featuredmedia":[{"embeddable":true,"href":"https:\/\/radiorevelacionfm.cl\/index.php?rest_route=\/wp\/v2\/media\/50868"}],"wp:attachment":[{"href":"https:\/\/radiorevelacionfm.cl\/index.php?rest_route=%2Fwp%2Fv2%2Fmedia&parent=50867"}],"wp:term":[{"taxonomy":"category","embeddable":true,"href":"https:\/\/radiorevelacionfm.cl\/index.php?rest_route=%2Fwp%2Fv2%2Fcategories&post=50867"},{"taxonomy":"post_tag","embeddable":true,"href":"https:\/\/radiorevelacionfm.cl\/index.php?rest_route=%2Fwp%2Fv2%2Ftags&post=50867"}],"curies":[{"name":"wp","href":"https:\/\/api.w.org\/{rel}","templated":true}]}}