{"id":50864,"date":"2025-02-24T21:19:21","date_gmt":"2025-02-25T00:19:21","guid":{"rendered":"https:\/\/radiorevelacionfm.cl\/?p=50864"},"modified":"2025-02-24T21:19:21","modified_gmt":"2025-02-25T00:19:21","slug":"edelaysen-refuerza-apoyo-a-familias-con-pacientes-electrodependientes-en-la-region-de-aysen","status":"publish","type":"post","link":"https:\/\/radiorevelacionfm.cl\/?p=50864","title":{"rendered":"Edelaysen refuerza apoyo a familias con pacientes electrodependientes en la Regi\u00f3n de Ays\u00e9n"},"content":{"rendered":"<div class=\"flex_column av_one_full  flex_column_div av-zero-column-padding first  avia-builder-el-0  el_before_av_one_full  avia-builder-el-first  \" style='border-radius:0px; '><div  class='avia-image-container  av-styling-    avia-builder-el-1  avia-builder-el-no-sibling  avia-align-center '  itemprop=\"image\" itemscope=\"itemscope\" itemtype=\"https:\/\/schema.org\/ImageObject\"  ><div class='avia-image-container-inner'><div class='avia-image-overlay-wrap'><img decoding=\"async\" class='wp-image-50865 avia-img-lazy-loading-not-50865 avia_image' src=\"https:\/\/radiorevelacionfm.cl\/wp-content\/uploads\/2025\/02\/electrodependientes-1-1_optimized.jpeg\" alt='' title='electrodependientes-(1)-(1)_optimized' height=\"600\" width=\"824\"  itemprop=\"thumbnailUrl\" srcset=\"https:\/\/radiorevelacionfm.cl\/wp-content\/uploads\/2025\/02\/electrodependientes-1-1_optimized.jpeg 824w, https:\/\/radiorevelacionfm.cl\/wp-content\/uploads\/2025\/02\/electrodependientes-1-1_optimized-300x218.jpeg 300w, https:\/\/radiorevelacionfm.cl\/wp-content\/uploads\/2025\/02\/electrodependientes-1-1_optimized-768x559.jpeg 768w, https:\/\/radiorevelacionfm.cl\/wp-content\/uploads\/2025\/02\/electrodependientes-1-1_optimized-705x513.jpeg 705w, https:\/\/radiorevelacionfm.cl\/wp-content\/uploads\/2025\/02\/electrodependientes-1-1_optimized-450x328.jpeg 450w, https:\/\/radiorevelacionfm.cl\/wp-content\/uploads\/2025\/02\/electrodependientes-1-1_optimized-600x437.jpeg 600w\" sizes=\"(max-width: 824px) 100vw, 824px\" \/><\/div><\/div><\/div><\/div><div class=\"flex_column av_one_full  flex_column_div av-zero-column-padding first  avia-builder-el-2  el_after_av_one_full  el_before_av_one_full  column-top-margin\" style='border-radius:0px; '><section class=\"av_textblock_section \"  itemscope=\"itemscope\" itemtype=\"https:\/\/schema.org\/BlogPosting\" itemprop=\"blogPost\" ><div class='avia_textblock  '   itemprop=\"text\" ><p style=\"text-align: center;\"><strong><span style=\"font-size: 18pt;\">Edelaysen refuerza apoyo a familias con pacientes electrodependientes en la Regi\u00f3n de Ays\u00e9n<\/span><\/strong><\/p>\n<div id=\"gtx-trans\" style=\"position: absolute; left: -50px; top: 4.31534px;\">\n<div class=\"gtx-trans-icon\"><\/div>\n<\/div>\n<\/div><\/section><\/div><div class=\"flex_column av_one_full  flex_column_div av-zero-column-padding first  avia-builder-el-4  el_after_av_one_full  el_before_av_hr  column-top-margin\" style='border-radius:0px; '><section class=\"av_textblock_section \"  itemscope=\"itemscope\" itemtype=\"https:\/\/schema.org\/BlogPosting\" itemprop=\"blogPost\" ><div class='avia_textblock  '   itemprop=\"text\" ><p style=\"text-align: justify;\"><em>Fueron 75 los generadores de respaldo entregados durante el 2024 para garantizar la continuidad del suministro el\u00e9ctrico en hogares de estos pacientes.<\/em><\/p>\n<p style=\"text-align: justify;\">Como parte del compromiso con la comunidad, la el\u00e9ctrica contin\u00faa fortaleciendo su programa de apoyo a pacientes electrodependientes en la Regi\u00f3n de Ays\u00e9n, asegurando la continuidad del funcionamiento el\u00e9ctrico de los equipos m\u00e9dicos vitales en caso de interrupciones del servicio.<\/p>\n<p style=\"text-align: justify;\">Durante el \u00faltimo a\u00f1o, 75 clientes de la regi\u00f3n recibieron generadores de respaldo, beneficiando a vecinos de Coyhaique, Puerto Ays\u00e9n, Chile Chico y Cisnes principalmente. Este programa busca proteger a quienes requieren hospitalizaci\u00f3n domiciliaria y dependen de un suministro el\u00e9ctrico continuo.<\/p>\n<p style=\"text-align: justify;\">Desde la el\u00e9ctrica destacaron que la iniciativa forma parte de un plan integral que incluye la identificaci\u00f3n y monitoreo permanente de clientes electrodependientes, as\u00ed como la entrega de informaci\u00f3n y recomendaciones parta la gesti\u00f3n segura de los equipos.<\/p>\n<p style=\"text-align: justify;\">As\u00ed mismo, Manuel Subiabre, ejecutivo de Edelaysen, hizo un llamado a quienes lo requieran a inscribirse en el catastro de pacientes electrodependientes de forma online o presencial en la Superintendencia de Electricidad y Combustible (SEC) o en las oficinas de Edelaysen. \u201cSabemos lo importante que es para las familias contar con un respaldo ante cualquier interrupci\u00f3n del servicio, especialmente en casos donde la electricidad es vital para la salud. Es por eso que invitamos a las personas con condici\u00f3n de electrodependientes, a que puedan solicitar el certificado a su m\u00e9dico tratante y completar los antecedentes como n\u00famero de cliente, domicilio, tutor del paciente. Este registro se puede hacer presencialmente en las oficinas de la SEC o Edelaysen y v\u00eda internet en <a href=\"https:\/\/www.sec.cl\/pacientes-electrodependientes\/\">https:\/\/www.sec.cl\/pacientes-electrodependientes\/<\/a>\u201d.<\/p>\n<p style=\"text-align: justify;\">Es importante mencionar que la documentaci\u00f3n debe ser actualizada cada dos a\u00f1os. Los beneficios a los que accede el paciente en esta condici\u00f3n es una atenci\u00f3n preferencial en caso de interrupciones de suministro, la entrega de un equipo de generaci\u00f3n de energ\u00eda de respaldo y un descuento mensual equivalente al costo de 50 KwH.<\/p>\n<p style=\"text-align: justify;\"><strong>\u00a0<\/strong><\/p>\n<\/div><\/section><\/div><div  style='height:50px' class='hr hr-invisible   avia-builder-el-6  el_after_av_one_full  el_before_av_social_share '><span class='hr-inner ' ><span class='hr-inner-style'><\/span><\/span><\/div><\/p>\n<div  class='av-social-sharing-box  avia-builder-el-7  el_after_av_hr  el_before_av_hr  '><div class='av-share-box'><h5 class='av-share-link-description av-no-toc '>Compartir esta noticia<\/h5><ul class='av-share-box-list noLightbox'><li class='av-share-link av-social-link-facebook' ><a target=\"_blank\" aria-label=\"Compartir en Facebook\" href='https:\/\/www.facebook.com\/sharer.php?u=https:\/\/radiorevelacionfm.cl\/?p=50864&#038;t=Edelaysen%20refuerza%20apoyo%20a%20familias%20con%20pacientes%20electrodependientes%20en%20la%20Regi%C3%B3n%20de%20Ays%C3%A9n' aria-hidden='false' data-av_icon='\ue8f3' data-av_iconfont='entypo-fontello' title='' data-avia-related-tooltip='Compartir en Facebook' rel=\"noopener\"><span class='avia_hidden_link_text'>Compartir en Facebook<\/span><\/a><\/li><li class='av-share-link av-social-link-twitter' ><a target=\"_blank\" aria-label=\"Compartir en Twitter\" href='https:\/\/twitter.com\/share?text=Edelaysen%20refuerza%20apoyo%20a%20familias%20con%20pacientes%20electrodependientes%20en%20la%20Regi%C3%B3n%20de%20Ays%C3%A9n&#038;url=https:\/\/radiorevelacionfm.cl\/?p=50864' aria-hidden='false' data-av_icon='\ue8f1' data-av_iconfont='entypo-fontello' title='' data-avia-related-tooltip='Compartir en Twitter' rel=\"noopener\"><span class='avia_hidden_link_text'>Compartir en Twitter<\/span><\/a><\/li><li class='av-share-link av-social-link-whatsapp' ><a target=\"_blank\" aria-label=\"Compartir en Whatsapp\" href='https:\/\/api.whatsapp.com\/send?text=https:\/\/radiorevelacionfm.cl\/?p=50864' aria-hidden='false' data-av_icon='\uf232' data-av_iconfont='entypo-fontello' title='' data-avia-related-tooltip='Compartir en Whatsapp' rel=\"noopener\"><span class='avia_hidden_link_text'>Compartir en Whatsapp<\/span><\/a><\/li><li class='av-share-link av-social-link-linkedin' ><a target=\"_blank\" aria-label=\"Compartir en LinkedIn\" href='https:\/\/linkedin.com\/shareArticle?mini=true&#038;title=Edelaysen%20refuerza%20apoyo%20a%20familias%20con%20pacientes%20electrodependientes%20en%20la%20Regi%C3%B3n%20de%20Ays%C3%A9n&#038;url=https:\/\/radiorevelacionfm.cl\/?p=50864' aria-hidden='false' data-av_icon='\ue8fc' data-av_iconfont='entypo-fontello' title='' data-avia-related-tooltip='Compartir en LinkedIn' rel=\"noopener\"><span class='avia_hidden_link_text'>Compartir en LinkedIn<\/span><\/a><\/li><li class='av-share-link av-social-link-mail' ><a  aria-label=\"Compartir por correo\" href='mailto:?subject=Edelaysen%20refuerza%20apoyo%20a%20familias%20con%20pacientes%20electrodependientes%20en%20la%20Regi%C3%B3n%20de%20Ays%C3%A9n&#038;body=https:\/\/radiorevelacionfm.cl\/?p=50864' aria-hidden='false' data-av_icon='\ue805' data-av_iconfont='entypo-fontello' title='' data-avia-related-tooltip='Compartir por correo'><span class='avia_hidden_link_text'>Compartir por correo<\/span><\/a><\/li><\/ul><\/div><\/div>\n<div  style='height:50px' class='hr hr-invisible   avia-builder-el-8  el_after_av_social_share  el_before_av_comments_list '><span class='hr-inner ' ><span class='hr-inner-style'><\/span><\/span><\/div>\n<div  class='av-buildercomment  av-blog-meta-html-info-disabled av-blog-meta-tag-disabled  '><\/div>\n","protected":false},"excerpt":{"rendered":"","protected":false},"author":1,"featured_media":50865,"comment_status":"open","ping_status":"open","sticky":false,"template":"","format":"standard","meta":{"footnotes":""},"categories":[38],"tags":[],"class_list":["post-50864","post","type-post","status-publish","format-standard","has-post-thumbnail","hentry","category-regional"],"jetpack_featured_media_url":"https:\/\/radiorevelacionfm.cl\/wp-content\/uploads\/2025\/02\/electrodependientes-1-1_optimized.jpeg","_links":{"self":[{"href":"https:\/\/radiorevelacionfm.cl\/index.php?rest_route=\/wp\/v2\/posts\/50864","targetHints":{"allow":["GET"]}}],"collection":[{"href":"https:\/\/radiorevelacionfm.cl\/index.php?rest_route=\/wp\/v2\/posts"}],"about":[{"href":"https:\/\/radiorevelacionfm.cl\/index.php?rest_route=\/wp\/v2\/types\/post"}],"author":[{"embeddable":true,"href":"https:\/\/radiorevelacionfm.cl\/index.php?rest_route=\/wp\/v2\/users\/1"}],"replies":[{"embeddable":true,"href":"https:\/\/radiorevelacionfm.cl\/index.php?rest_route=%2Fwp%2Fv2%2Fcomments&post=50864"}],"version-history":[{"count":1,"href":"https:\/\/radiorevelacionfm.cl\/index.php?rest_route=\/wp\/v2\/posts\/50864\/revisions"}],"predecessor-version":[{"id":50866,"href":"https:\/\/radiorevelacionfm.cl\/index.php?rest_route=\/wp\/v2\/posts\/50864\/revisions\/50866"}],"wp:featuredmedia":[{"embeddable":true,"href":"https:\/\/radiorevelacionfm.cl\/index.php?rest_route=\/wp\/v2\/media\/50865"}],"wp:attachment":[{"href":"https:\/\/radiorevelacionfm.cl\/index.php?rest_route=%2Fwp%2Fv2%2Fmedia&parent=50864"}],"wp:term":[{"taxonomy":"category","embeddable":true,"href":"https:\/\/radiorevelacionfm.cl\/index.php?rest_route=%2Fwp%2Fv2%2Fcategories&post=50864"},{"taxonomy":"post_tag","embeddable":true,"href":"https:\/\/radiorevelacionfm.cl\/index.php?rest_route=%2Fwp%2Fv2%2Ftags&post=50864"}],"curies":[{"name":"wp","href":"https:\/\/api.w.org\/{rel}","templated":true}]}}