{"id":50861,"date":"2025-02-25T10:29:46","date_gmt":"2025-02-25T13:29:46","guid":{"rendered":"https:\/\/radiorevelacionfm.cl\/?p=50861"},"modified":"2025-02-25T10:29:46","modified_gmt":"2025-02-25T13:29:46","slug":"ya-esta-disponible-el-pago-del-permiso-de-circulacion-en-la-comuna-de-aysen","status":"publish","type":"post","link":"https:\/\/radiorevelacionfm.cl\/?p=50861","title":{"rendered":"Ya est\u00e1 disponible el pago del Permiso de Circulaci\u00f3n en la comuna de Ays\u00e9n"},"content":{"rendered":"<div class=\"flex_column av_one_full  flex_column_div av-zero-column-padding first  avia-builder-el-0  el_before_av_one_full  avia-builder-el-first  \" style='border-radius:0px; '><div  class='avia-image-container  av-styling-    avia-builder-el-1  avia-builder-el-no-sibling  avia-align-center '  itemprop=\"image\" itemscope=\"itemscope\" itemtype=\"https:\/\/schema.org\/ImageObject\"  ><div class='avia-image-container-inner'><div class='avia-image-overlay-wrap'><img decoding=\"async\" class='wp-image-50862 avia-img-lazy-loading-not-50862 avia_image' src=\"https:\/\/radiorevelacionfm.cl\/wp-content\/uploads\/2025\/02\/post-permiso-1-1_optimized.jpg\" alt='' title='post-permiso-(1)-(1)_optimized' height=\"1000\" width=\"800\"  itemprop=\"thumbnailUrl\" srcset=\"https:\/\/radiorevelacionfm.cl\/wp-content\/uploads\/2025\/02\/post-permiso-1-1_optimized.jpg 800w, https:\/\/radiorevelacionfm.cl\/wp-content\/uploads\/2025\/02\/post-permiso-1-1_optimized-240x300.jpg 240w, https:\/\/radiorevelacionfm.cl\/wp-content\/uploads\/2025\/02\/post-permiso-1-1_optimized-768x960.jpg 768w, https:\/\/radiorevelacionfm.cl\/wp-content\/uploads\/2025\/02\/post-permiso-1-1_optimized-564x705.jpg 564w, https:\/\/radiorevelacionfm.cl\/wp-content\/uploads\/2025\/02\/post-permiso-1-1_optimized-450x563.jpg 450w, https:\/\/radiorevelacionfm.cl\/wp-content\/uploads\/2025\/02\/post-permiso-1-1_optimized-600x750.jpg 600w\" sizes=\"(max-width: 800px) 100vw, 800px\" \/><\/div><\/div><\/div><\/div><div class=\"flex_column av_one_full  flex_column_div av-zero-column-padding first  avia-builder-el-2  el_after_av_one_full  el_before_av_one_full  column-top-margin\" style='border-radius:0px; '><section class=\"av_textblock_section \"  itemscope=\"itemscope\" itemtype=\"https:\/\/schema.org\/BlogPosting\" itemprop=\"blogPost\" ><div class='avia_textblock  '   itemprop=\"text\" ><p style=\"text-align: center;\"><strong><span style=\"font-size: 18pt;\">Ya est\u00e1 disponible el pago del Permiso de Circulaci\u00f3n en la comuna de Ays\u00e9n<\/span><\/strong><\/p>\n<div id=\"gtx-trans\" style=\"position: absolute; left: -50px; top: 4.31534px;\">\n<div class=\"gtx-trans-icon\"><\/div>\n<\/div>\n<\/div><\/section><\/div><div class=\"flex_column av_one_full  flex_column_div av-zero-column-padding first  avia-builder-el-4  el_after_av_one_full  el_before_av_hr  column-top-margin\" style='border-radius:0px; '><section class=\"av_textblock_section \"  itemscope=\"itemscope\" itemtype=\"https:\/\/schema.org\/BlogPosting\" itemprop=\"blogPost\" ><div class='avia_textblock  '   itemprop=\"text\" ><p style=\"text-align: justify;\"><em>El tr\u00e1mite se puede realizar presencialmente en la municipalidad, aunque desde este recomienda realizar el pago de manera online, debido a que es una forma m\u00e1s r\u00e1pida y c\u00f3moda de realizar esta gesti\u00f3n.<\/em><\/p>\n<p style=\"text-align: justify;\">Desde el lunes 24 de febrero hasta el 31 de marzo est\u00e1 disponible el pago del <strong>permiso de circulaci\u00f3n 2025<\/strong> en la comuna de Ays\u00e9n. Un tr\u00e1mite que todos los a\u00f1os es un tema importante para los conductores y que puede ser un problema para el que no realiza este papeleo, ya que no tener este, se imposibilita al m\u00f3vil poder circular y arriesgar al decomiso del auto.<\/p>\n<p style=\"text-align: justify;\">Eric Melo, Director (s) de Tr\u00e1nsito y Transporte P\u00fablico de la Municipalidad de Ays\u00e9n, explica algunos puntos importantes de realizar este tr\u00e1mite, \u201cEl principal tema es que estamos cumpliendo con la ley, ya que esta es una obligaci\u00f3n que permite que los veh\u00edculos recorran de manera legal por las v\u00edas p\u00fablicas; por lo que, si no se paga este permiso, el veh\u00edculo podr\u00eda ser sancionado o incluso retirado de circulaci\u00f3n. Otro elemento igual es la seguridad vial, dado a que el documento asegura que el veh\u00edculo haya pasado toda la inspecciones necesarias para su funcionamiento, esto contribuye tambi\u00e9n a una mejor seguridad, tanto para el conductor, los pasajeros y las dem\u00e1s personas que ocupan las v\u00edas. Tambi\u00e9n contribuyen a la infraestructura, dado que una parte de lo recaudado se destina para el mantenimiento y mejora de las carreteras y otros servicios p\u00fablicos, lo cual beneficia a todos los usuarios que utilizan las calles\u201d.<\/p>\n<p style=\"text-align: justify;\">Adem\u00e1s, gracias a la reciente implementaci\u00f3n del aparcadero concesionado, cobra m\u00e1s relevancia el hecho de tener los documentos en regla, al igual que las multas que puedan surgir por no tener la reglamentaci\u00f3n adecuada.<\/p>\n<p style=\"text-align: justify;\">Los documentos necesarios para que se pueda acceder a pagar el Permiso de Circulaci\u00f3n en un auto inscrito en la comuna son la Revisi\u00f3n T\u00e9cnica, el seguro obligatorio de accidentes personales(SOAP) comprado en el 2025, el Permiso anterior\u00a0 y el Padr\u00f3n del veh\u00edculo. Si no se tiene alg\u00fan tipo de deuda o multa, el tr\u00e1mite se puede realizar de manera online.<\/p>\n<p style=\"text-align: justify;\">\u201cRecomendamos el pago online, ya que es un m\u00e9todo m\u00e1s eficiente que el pago presencial y m\u00e1s r\u00e1pido, por lo tanto, evitaremos filas innecesarias la Municipalidad\u201d, comenta el Director (s).<\/p>\n<p style=\"text-align: justify;\">No obstante, si el veh\u00edculo es nuevo en la comuna, obligatoriamente se tendr\u00e1 que realizar el tr\u00e1mite en el edificio consistorial, ubicado en calle Esmeralda #607; y se tendr\u00e1 que llevar el certificado de homologaci\u00f3n del autom\u00f3vil. La Municipalidad de Ays\u00e9n atiende desde las 8:30 a 13:00 horas y desde las 14:30 a las 16:00 horas.<\/p>\n<p style=\"text-align: justify;\"><em>\u00a0<\/em><\/p>\n<\/div><\/section><\/div><div  style='height:50px' class='hr hr-invisible   avia-builder-el-6  el_after_av_one_full  el_before_av_social_share '><span class='hr-inner ' ><span class='hr-inner-style'><\/span><\/span><\/div><\/p>\n<div  class='av-social-sharing-box  avia-builder-el-7  el_after_av_hr  el_before_av_hr  '><div class='av-share-box'><h5 class='av-share-link-description av-no-toc '>Compartir esta noticia<\/h5><ul class='av-share-box-list noLightbox'><li class='av-share-link av-social-link-facebook' ><a target=\"_blank\" aria-label=\"Compartir en Facebook\" href='https:\/\/www.facebook.com\/sharer.php?u=https:\/\/radiorevelacionfm.cl\/?p=50861&#038;t=Ya%20est%C3%A1%20disponible%20el%20pago%20del%20Permiso%20de%20Circulaci%C3%B3n%20en%20la%20comuna%20de%20Ays%C3%A9n' aria-hidden='false' data-av_icon='\ue8f3' data-av_iconfont='entypo-fontello' title='' data-avia-related-tooltip='Compartir en Facebook' rel=\"noopener\"><span class='avia_hidden_link_text'>Compartir en Facebook<\/span><\/a><\/li><li class='av-share-link av-social-link-twitter' ><a target=\"_blank\" aria-label=\"Compartir en Twitter\" href='https:\/\/twitter.com\/share?text=Ya%20est%C3%A1%20disponible%20el%20pago%20del%20Permiso%20de%20Circulaci%C3%B3n%20en%20la%20comuna%20de%20Ays%C3%A9n&#038;url=https:\/\/radiorevelacionfm.cl\/?p=50861' aria-hidden='false' data-av_icon='\ue8f1' data-av_iconfont='entypo-fontello' title='' data-avia-related-tooltip='Compartir en Twitter' rel=\"noopener\"><span class='avia_hidden_link_text'>Compartir en Twitter<\/span><\/a><\/li><li class='av-share-link av-social-link-whatsapp' ><a target=\"_blank\" aria-label=\"Compartir en Whatsapp\" href='https:\/\/api.whatsapp.com\/send?text=https:\/\/radiorevelacionfm.cl\/?p=50861' aria-hidden='false' data-av_icon='\uf232' data-av_iconfont='entypo-fontello' title='' data-avia-related-tooltip='Compartir en Whatsapp' rel=\"noopener\"><span class='avia_hidden_link_text'>Compartir en Whatsapp<\/span><\/a><\/li><li class='av-share-link av-social-link-linkedin' ><a target=\"_blank\" aria-label=\"Compartir en LinkedIn\" href='https:\/\/linkedin.com\/shareArticle?mini=true&#038;title=Ya%20est%C3%A1%20disponible%20el%20pago%20del%20Permiso%20de%20Circulaci%C3%B3n%20en%20la%20comuna%20de%20Ays%C3%A9n&#038;url=https:\/\/radiorevelacionfm.cl\/?p=50861' aria-hidden='false' data-av_icon='\ue8fc' data-av_iconfont='entypo-fontello' title='' data-avia-related-tooltip='Compartir en LinkedIn' rel=\"noopener\"><span class='avia_hidden_link_text'>Compartir en LinkedIn<\/span><\/a><\/li><li class='av-share-link av-social-link-mail' ><a  aria-label=\"Compartir por correo\" href='mailto:?subject=Ya%20est%C3%A1%20disponible%20el%20pago%20del%20Permiso%20de%20Circulaci%C3%B3n%20en%20la%20comuna%20de%20Ays%C3%A9n&#038;body=https:\/\/radiorevelacionfm.cl\/?p=50861' aria-hidden='false' data-av_icon='\ue805' data-av_iconfont='entypo-fontello' title='' data-avia-related-tooltip='Compartir por correo'><span class='avia_hidden_link_text'>Compartir por correo<\/span><\/a><\/li><\/ul><\/div><\/div>\n<div  style='height:50px' class='hr hr-invisible   avia-builder-el-8  el_after_av_social_share  el_before_av_comments_list '><span class='hr-inner ' ><span class='hr-inner-style'><\/span><\/span><\/div>\n<div  class='av-buildercomment  av-blog-meta-html-info-disabled av-blog-meta-tag-disabled  '><\/div>\n","protected":false},"excerpt":{"rendered":"","protected":false},"author":1,"featured_media":50862,"comment_status":"open","ping_status":"open","sticky":false,"template":"","format":"standard","meta":{"footnotes":""},"categories":[38],"tags":[],"class_list":["post-50861","post","type-post","status-publish","format-standard","has-post-thumbnail","hentry","category-regional"],"jetpack_featured_media_url":"https:\/\/radiorevelacionfm.cl\/wp-content\/uploads\/2025\/02\/post-permiso-1-1_optimized.jpg","_links":{"self":[{"href":"https:\/\/radiorevelacionfm.cl\/index.php?rest_route=\/wp\/v2\/posts\/50861","targetHints":{"allow":["GET"]}}],"collection":[{"href":"https:\/\/radiorevelacionfm.cl\/index.php?rest_route=\/wp\/v2\/posts"}],"about":[{"href":"https:\/\/radiorevelacionfm.cl\/index.php?rest_route=\/wp\/v2\/types\/post"}],"author":[{"embeddable":true,"href":"https:\/\/radiorevelacionfm.cl\/index.php?rest_route=\/wp\/v2\/users\/1"}],"replies":[{"embeddable":true,"href":"https:\/\/radiorevelacionfm.cl\/index.php?rest_route=%2Fwp%2Fv2%2Fcomments&post=50861"}],"version-history":[{"count":1,"href":"https:\/\/radiorevelacionfm.cl\/index.php?rest_route=\/wp\/v2\/posts\/50861\/revisions"}],"predecessor-version":[{"id":50863,"href":"https:\/\/radiorevelacionfm.cl\/index.php?rest_route=\/wp\/v2\/posts\/50861\/revisions\/50863"}],"wp:featuredmedia":[{"embeddable":true,"href":"https:\/\/radiorevelacionfm.cl\/index.php?rest_route=\/wp\/v2\/media\/50862"}],"wp:attachment":[{"href":"https:\/\/radiorevelacionfm.cl\/index.php?rest_route=%2Fwp%2Fv2%2Fmedia&parent=50861"}],"wp:term":[{"taxonomy":"category","embeddable":true,"href":"https:\/\/radiorevelacionfm.cl\/index.php?rest_route=%2Fwp%2Fv2%2Fcategories&post=50861"},{"taxonomy":"post_tag","embeddable":true,"href":"https:\/\/radiorevelacionfm.cl\/index.php?rest_route=%2Fwp%2Fv2%2Ftags&post=50861"}],"curies":[{"name":"wp","href":"https:\/\/api.w.org\/{rel}","templated":true}]}}