{"id":5086,"date":"2021-06-09T18:58:59","date_gmt":"2021-06-09T21:58:59","guid":{"rendered":"https:\/\/radiorevelacionfm.cl\/?p=5086"},"modified":"2021-06-09T18:58:59","modified_gmt":"2021-06-09T21:58:59","slug":"nueva-infraestructura-portuaria-en-bahia-bahamonde-mejora-conectividad-de-pobladores-e-impulsa-el-turismo-en-la-zona","status":"publish","type":"post","link":"https:\/\/radiorevelacionfm.cl\/?p=5086","title":{"rendered":"Nueva infraestructura portuaria en Bah\u00eda Bahamonde mejora conectividad de pobladores e impulsa el turismo en la zona"},"content":{"rendered":"<div class=\"flex_column av_one_full  flex_column_div av-zero-column-padding first  avia-builder-el-0  el_before_av_one_full  avia-builder-el-first  \" style='border-radius:0px; '><div  class='avia-image-container  av-styling-    avia-builder-el-1  avia-builder-el-no-sibling  avia-align-center '  itemprop=\"image\" itemscope=\"itemscope\" itemtype=\"https:\/\/schema.org\/ImageObject\"  ><div class='avia-image-container-inner'><div class='avia-image-overlay-wrap'><img decoding=\"async\" class='wp-image-0 avia-img-lazy-loading-not-0 avia_image' src=\"https:\/\/radiorevelacionfm.cl\/wp-content\/uploads\/2021\/06\/FOTO-bahia-bahamonde-2-1-1.jpeg\" alt='' title=''   itemprop=\"thumbnailUrl\"  \/><\/div><\/div><\/div><\/div><div class=\"flex_column av_one_full  flex_column_div av-zero-column-padding first  avia-builder-el-2  el_after_av_one_full  el_before_av_one_full  column-top-margin\" style='border-radius:0px; '><section class=\"av_textblock_section \"  itemscope=\"itemscope\" itemtype=\"https:\/\/schema.org\/BlogPosting\" itemprop=\"blogPost\" ><div class='avia_textblock  '   itemprop=\"text\" ><p style=\"font-weight: 400; text-align: center;\"><span style=\"font-size: 18pt;\"><strong>Nueva infraestructura portuaria en Bah\u00eda Bahamonde mejora conectividad de pobladores e impulsa el turismo en la zona<\/strong><\/span><\/p>\n<div id=\"gtx-trans\" style=\"position: absolute; left: -50px; top: 4.31534px;\">\n<div class=\"gtx-trans-icon\"><\/div>\n<\/div>\n<\/div><\/section><\/div><div class=\"flex_column av_one_full  flex_column_div av-zero-column-padding first  avia-builder-el-4  el_after_av_one_full  el_before_av_hr  column-top-margin\" style='border-radius:0px; '><section class=\"av_textblock_section \"  itemscope=\"itemscope\" itemtype=\"https:\/\/schema.org\/BlogPosting\" itemprop=\"blogPost\" ><div class='avia_textblock  '   itemprop=\"text\" ><p style=\"text-align: justify;\">\u201cAgradecer a todas las autoridades que hicieron posible la construcci\u00f3n de este edificio. Se valoriza porque esto nos da tranquilidad en todo \u00e1mbito: un terminal, ba\u00f1o, sala de estar, el muelle; lo que significa que hay un embarque y desembarque seguro de los viajeros. Los pasajeros que cruzan por aqu\u00ed son alrededor de 3 mil personas por temporada que se dirigen hacia Argentina, y es el 40% del visitante de Villa O`Higgins; es decir, ser\u00edan usuarios de esta infraestructura\u201d.<\/p>\n<p style=\"text-align: justify;\">Con estas palabras el armador y operador lacustre de Villa O`Higgins, Marcos Campos, se refiri\u00f3 a la inauguraci\u00f3n de la infraestructura portuaria en Bah\u00eda Bahamonde, conocido como el \u00faltimo destino de la Carretera Austral, y que hoy habitantes como turistas se ver\u00e1n beneficiados en t\u00e9rminos de conectividad, cuya inversi\u00f3n del proyecto super\u00f3 los $3 mil millones por parte del Gobierno Regional \u2013a trav\u00e9s del Fondo Nacional de Desarrollo Regional (FNDR)\u2013 y del Ministerio de Obras P\u00fablicas a trav\u00e9s de la Direcci\u00f3n Regional de Obras Portuarias.<\/p>\n<p style=\"text-align: justify;\">\u201cEs una obra completa, una obra que respeta y considera la pertinencia regional, la identidad de esta localidad pero, sobre todo, es una obra pendiente del Estado, y donde el presidente Sebasti\u00e1n Pi\u00f1era desde el inicio de nuestro gobierno ha querido desarrollar una infraestructura de esta categor\u00eda. No s\u00f3lo va mejorar la situaci\u00f3n de habitabilidad de todos quienes somos parte de esta regi\u00f3n, sino que adem\u00e1s propicia el desarrollo del turismo. Muy agradecidos con el MOP, del Gobierno Regional por esta obra\u201d, enfatiz\u00f3 la Intendenta Margarita Ossa.<\/p>\n<p style=\"text-align: justify;\">Por su parte, el Secretario Regional Ministerial de Obras P\u00fablicas, N\u00e9stor Mera, expres\u00f3: \u201cEstamos muy contentos como ministerio de llegar a la zona m\u00e1s austral de la Regi\u00f3n de Ays\u00e9n, en Bah\u00eda Bahamonde, a orillas de lo que es el Lago O\u00b4Higgins, entregando esta maravillosa infraestructura. Ha demorado varios a\u00f1os de construcci\u00f3n, ha sido un trabajo largo, importante, m\u00e1s de $3 mil millones invertidos, y que entrega condiciones absolutamente dignas y de buena calidad a las personas que se mueven a trav\u00e9s del Lago O\u00b4Higgins, el cual ha crecido enormemente en actividad lacustre\u201d.<\/p>\n<p style=\"text-align: justify;\">Para el Gobernador de la Provincia Capit\u00e1n Prat, Gustavo M\u00e1rquez, argument\u00f3 que \u201cestamos hablando de la importancia que tiene en la conectividad del Lago O\u00b4Higgins. Un lago binacional que en una \u00e9poca normal estival y sin pandemia genera mucho dinamismo en la econom\u00eda local; hay varias personas que pasan, que se dirigen desde Argentina hacia Chile o en direcci\u00f3n contraria\u201d.<\/p>\n<p style=\"text-align: justify;\">Asimismo, recalc\u00f3 que \u201choy d\u00eda tambi\u00e9n estamos haciendo justicia, pagando las deudas con los colonos y pioneros que hasta el d\u00eda de hoy son descendientes o personas que han llegado recientemente y est\u00e1n desarrollando una actividad econ\u00f3mica, manteniendo la soberan\u00eda en el lago m\u00e1s austral de la Provincia de Capit\u00e1n Prat, en el lugar quiz\u00e1 de m\u00e1s dif\u00edcil acceso pero que ellos lo hacen con todo el coraz\u00f3n\u201d.<\/p>\n<p style=\"text-align: justify;\">Finalmente, el alcalde de Villa O`Higgins, Roberto Recabal, hizo un agradecimiento especial a las 13 familias que habitan en los bordes del gran lago. \u201cHacen un tremendo esfuerzo por vivir y por tener en lo m\u00e1s alto todos los d\u00edas nuestro emblema nacional como un signo vital de identidad nacional\u201d, asever\u00f3.<\/p>\n<p style=\"text-align: justify;\"><strong>Infraestructura portuaria <\/strong><\/p>\n<p style=\"text-align: justify;\">Las obras terrestres contemplaron una explanada de 1.700 m2 que contiene estacionamientos, mobiliario p\u00fablico, servicios higi\u00e9nicos, iluminaci\u00f3n, implementaci\u00f3n de un corral para el resguardo de animales que se traen desde el lago, un quincho al lado del corral (utilizado por los arrieros) y un Terminal Portuario.<\/p>\n<p style=\"text-align: justify;\">En tanto, los trabajos mar\u00edtimos consideraron la construcci\u00f3n de un muelle, la extensi\u00f3n de la rampa actual para asegurar su operatividad en niveles altos y bajo del lago. Asimismo, se construyeron dos postes de amarre, uno al costado del muelle existente y el otro al final del puente de acceso del muelle recientemente ejecutado.<\/p>\n<p style=\"text-align: justify;\">\u201cAl concretarse esto nos da mucha tranquilidad en todo \u00e1mbito, especialmente en lo que se viene que es el turismo. Y as\u00ed se agradece que nuevamente se puedan concretar estas obras, y felicitaciones por el esfuerzo que han puesto en nuestro territorio\u201d, concluy\u00f3 el armador y operador lacustre de Villa O`Higgins, Marcos Campos.<\/p>\n<\/div><\/section><\/div><div  style='height:50px' class='hr hr-invisible   avia-builder-el-6  el_after_av_one_full  el_before_av_social_share '><span class='hr-inner ' ><span class='hr-inner-style'><\/span><\/span><\/div><\/p>\n<div  class='av-social-sharing-box  avia-builder-el-7  el_after_av_hr  el_before_av_hr  '><div class='av-share-box'><h5 class='av-share-link-description av-no-toc '>Compartir esta noticia<\/h5><ul class='av-share-box-list noLightbox'><li class='av-share-link av-social-link-facebook' ><a target=\"_blank\" aria-label=\"Compartir en Facebook\" href='https:\/\/www.facebook.com\/sharer.php?u=https:\/\/radiorevelacionfm.cl\/?p=5086&#038;t=Nueva%20infraestructura%20portuaria%20en%20Bah%C3%ADa%20Bahamonde%20mejora%20conectividad%20de%20pobladores%20e%20impulsa%20el%20turismo%20en%20la%20zona' aria-hidden='false' data-av_icon='\ue8f3' data-av_iconfont='entypo-fontello' title='' data-avia-related-tooltip='Compartir en Facebook' rel=\"noopener\"><span class='avia_hidden_link_text'>Compartir en Facebook<\/span><\/a><\/li><li class='av-share-link av-social-link-twitter' ><a target=\"_blank\" aria-label=\"Compartir en Twitter\" href='https:\/\/twitter.com\/share?text=Nueva%20infraestructura%20portuaria%20en%20Bah%C3%ADa%20Bahamonde%20mejora%20conectividad%20de%20pobladores%20e%20impulsa%20el%20turismo%20en%20la%20zona&#038;url=https:\/\/radiorevelacionfm.cl\/?p=5086' aria-hidden='false' data-av_icon='\ue8f1' data-av_iconfont='entypo-fontello' title='' data-avia-related-tooltip='Compartir en Twitter' rel=\"noopener\"><span class='avia_hidden_link_text'>Compartir en Twitter<\/span><\/a><\/li><li class='av-share-link av-social-link-whatsapp' ><a target=\"_blank\" aria-label=\"Compartir en Whatsapp\" href='https:\/\/api.whatsapp.com\/send?text=https:\/\/radiorevelacionfm.cl\/?p=5086' aria-hidden='false' data-av_icon='\uf232' data-av_iconfont='entypo-fontello' title='' data-avia-related-tooltip='Compartir en Whatsapp' rel=\"noopener\"><span class='avia_hidden_link_text'>Compartir en Whatsapp<\/span><\/a><\/li><li class='av-share-link av-social-link-linkedin' ><a target=\"_blank\" aria-label=\"Compartir en LinkedIn\" href='https:\/\/linkedin.com\/shareArticle?mini=true&#038;title=Nueva%20infraestructura%20portuaria%20en%20Bah%C3%ADa%20Bahamonde%20mejora%20conectividad%20de%20pobladores%20e%20impulsa%20el%20turismo%20en%20la%20zona&#038;url=https:\/\/radiorevelacionfm.cl\/?p=5086' aria-hidden='false' data-av_icon='\ue8fc' data-av_iconfont='entypo-fontello' title='' data-avia-related-tooltip='Compartir en LinkedIn' rel=\"noopener\"><span class='avia_hidden_link_text'>Compartir en LinkedIn<\/span><\/a><\/li><li class='av-share-link av-social-link-mail' ><a  aria-label=\"Compartir por correo\" href='mailto:?subject=Nueva%20infraestructura%20portuaria%20en%20Bah%C3%ADa%20Bahamonde%20mejora%20conectividad%20de%20pobladores%20e%20impulsa%20el%20turismo%20en%20la%20zona&#038;body=https:\/\/radiorevelacionfm.cl\/?p=5086' aria-hidden='false' data-av_icon='\ue805' data-av_iconfont='entypo-fontello' title='' data-avia-related-tooltip='Compartir por correo'><span class='avia_hidden_link_text'>Compartir por correo<\/span><\/a><\/li><\/ul><\/div><\/div>\n<div  style='height:50px' class='hr hr-invisible   avia-builder-el-8  el_after_av_social_share  el_before_av_comments_list '><span class='hr-inner ' ><span class='hr-inner-style'><\/span><\/span><\/div>\n<div  class='av-buildercomment  av-blog-meta-html-info-disabled av-blog-meta-tag-disabled  '><\/div>\n","protected":false},"excerpt":{"rendered":"","protected":false},"author":1,"featured_media":0,"comment_status":"open","ping_status":"open","sticky":false,"template":"","format":"standard","meta":{"footnotes":""},"categories":[38],"tags":[],"class_list":["post-5086","post","type-post","status-publish","format-standard","hentry","category-regional"],"jetpack_featured_media_url":"","_links":{"self":[{"href":"https:\/\/radiorevelacionfm.cl\/index.php?rest_route=\/wp\/v2\/posts\/5086","targetHints":{"allow":["GET"]}}],"collection":[{"href":"https:\/\/radiorevelacionfm.cl\/index.php?rest_route=\/wp\/v2\/posts"}],"about":[{"href":"https:\/\/radiorevelacionfm.cl\/index.php?rest_route=\/wp\/v2\/types\/post"}],"author":[{"embeddable":true,"href":"https:\/\/radiorevelacionfm.cl\/index.php?rest_route=\/wp\/v2\/users\/1"}],"replies":[{"embeddable":true,"href":"https:\/\/radiorevelacionfm.cl\/index.php?rest_route=%2Fwp%2Fv2%2Fcomments&post=5086"}],"version-history":[{"count":1,"href":"https:\/\/radiorevelacionfm.cl\/index.php?rest_route=\/wp\/v2\/posts\/5086\/revisions"}],"predecessor-version":[{"id":5088,"href":"https:\/\/radiorevelacionfm.cl\/index.php?rest_route=\/wp\/v2\/posts\/5086\/revisions\/5088"}],"wp:attachment":[{"href":"https:\/\/radiorevelacionfm.cl\/index.php?rest_route=%2Fwp%2Fv2%2Fmedia&parent=5086"}],"wp:term":[{"taxonomy":"category","embeddable":true,"href":"https:\/\/radiorevelacionfm.cl\/index.php?rest_route=%2Fwp%2Fv2%2Fcategories&post=5086"},{"taxonomy":"post_tag","embeddable":true,"href":"https:\/\/radiorevelacionfm.cl\/index.php?rest_route=%2Fwp%2Fv2%2Ftags&post=5086"}],"curies":[{"name":"wp","href":"https:\/\/api.w.org\/{rel}","templated":true}]}}