{"id":50858,"date":"2025-02-24T18:04:26","date_gmt":"2025-02-24T21:04:26","guid":{"rendered":"https:\/\/radiorevelacionfm.cl\/?p=50858"},"modified":"2025-02-24T18:04:26","modified_gmt":"2025-02-24T21:04:26","slug":"gobernador-marcelo-santana-visita-ciep-para-impulsar-la-ciencia-con-impacto-regional","status":"publish","type":"post","link":"https:\/\/radiorevelacionfm.cl\/?p=50858","title":{"rendered":"Gobernador Marcelo Santana, visita CIEP para impulsar la ciencia con impacto regional"},"content":{"rendered":"<div class=\"flex_column av_one_full  flex_column_div av-zero-column-padding first  avia-builder-el-0  el_before_av_one_full  avia-builder-el-first  \" style='border-radius:0px; '><div  class='avia-image-container  av-styling-    avia-builder-el-1  avia-builder-el-no-sibling  avia-align-center '  itemprop=\"image\" itemscope=\"itemscope\" itemtype=\"https:\/\/schema.org\/ImageObject\"  ><div class='avia-image-container-inner'><div class='avia-image-overlay-wrap'><img decoding=\"async\" class='wp-image-50859 avia-img-lazy-loading-not-50859 avia_image' src=\"https:\/\/radiorevelacionfm.cl\/wp-content\/uploads\/2025\/02\/480706648_668710735500272_2638213586907541694_n-1-1.jpg\" alt='' title='480706648_668710735500272_2638213586907541694_n (1) (1)' height=\"600\" width=\"898\"  itemprop=\"thumbnailUrl\" srcset=\"https:\/\/radiorevelacionfm.cl\/wp-content\/uploads\/2025\/02\/480706648_668710735500272_2638213586907541694_n-1-1.jpg 898w, https:\/\/radiorevelacionfm.cl\/wp-content\/uploads\/2025\/02\/480706648_668710735500272_2638213586907541694_n-1-1-300x200.jpg 300w, https:\/\/radiorevelacionfm.cl\/wp-content\/uploads\/2025\/02\/480706648_668710735500272_2638213586907541694_n-1-1-768x513.jpg 768w, https:\/\/radiorevelacionfm.cl\/wp-content\/uploads\/2025\/02\/480706648_668710735500272_2638213586907541694_n-1-1-705x471.jpg 705w, https:\/\/radiorevelacionfm.cl\/wp-content\/uploads\/2025\/02\/480706648_668710735500272_2638213586907541694_n-1-1-450x301.jpg 450w, https:\/\/radiorevelacionfm.cl\/wp-content\/uploads\/2025\/02\/480706648_668710735500272_2638213586907541694_n-1-1-600x401.jpg 600w\" sizes=\"(max-width: 898px) 100vw, 898px\" \/><\/div><\/div><\/div><\/div><div class=\"flex_column av_one_full  flex_column_div av-zero-column-padding first  avia-builder-el-2  el_after_av_one_full  el_before_av_one_full  column-top-margin\" style='border-radius:0px; '><section class=\"av_textblock_section \"  itemscope=\"itemscope\" itemtype=\"https:\/\/schema.org\/BlogPosting\" itemprop=\"blogPost\" ><div class='avia_textblock  '   itemprop=\"text\" ><p style=\"text-align: center;\"><strong><span style=\"font-size: 18pt;\">Gobernador Marcelo Santana, visita CIEP para impulsar la ciencia con impacto regional<\/span><\/strong><\/p>\n<div id=\"gtx-trans\" style=\"position: absolute; left: -50px; top: 4.31534px;\">\n<div class=\"gtx-trans-icon\"><\/div>\n<\/div>\n<\/div><\/section><\/div><div class=\"flex_column av_one_full  flex_column_div av-zero-column-padding first  avia-builder-el-4  el_after_av_one_full  el_before_av_hr  column-top-margin\" style='border-radius:0px; '><section class=\"av_textblock_section \"  itemscope=\"itemscope\" itemtype=\"https:\/\/schema.org\/BlogPosting\" itemprop=\"blogPost\" ><div class='avia_textblock  '   itemprop=\"text\" ><p style=\"text-align: justify;\">En un paso significativo hacia el desarrollo sostenible de la regi\u00f3n, el Gobernador Regional de Ays\u00e9n, Marcelo Santana, acompa\u00f1ado por su equipo, realiz\u00f3 una visita al Centro de Investigaci\u00f3n en Ecosistemas de la Patagonia (CIEP). Esta visita tiene como objetivo conocer de primera mano las iniciativas de investigaci\u00f3n que recogen las necesidades del territorio y tienen impacto regional.<\/p>\n<p style=\"text-align: justify;\">Desde su fundaci\u00f3n en 2005 como parte de un programa del entonces CONICYT, el CIEP ha evolucionado hasta convertirse en una corporaci\u00f3n financiada por el Gobierno Regional de Ays\u00e9n, complementada por aportes de la Agencia de Investigaci\u00f3n y Desarrollo (ANID). Su misi\u00f3n ha sido siempre generar ciencia b\u00e1sica sobre los ecosistemas, un conocimiento esencial para la ciencia aplicada, que se traduce en soluciones concretas para los desaf\u00edos locales.<\/p>\n<p style=\"text-align: justify;\"><strong>Innovaci\u00f3n y Sustentabilidad: Un Compromiso Regional\u00a0<\/strong><\/p>\n<p style=\"text-align: justify;\">Durante su recorrido por las instalaciones del CIEP, el Gobernador Santana destac\u00f3 la importancia de la investigaci\u00f3n aplicada en \u00e1reas clave como turismo sostenible, restauraci\u00f3n ecol\u00f3gica, mitigaci\u00f3n del cambio clim\u00e1tico y energ\u00edas renovables. \u00abEs crucial que el conocimiento generado se traduzca en herramientas efectivas para la toma de decisiones informadas que beneficien a las y los aiseninos y a las actividades que realizan\u00bb, expres\u00f3.<\/p>\n<p style=\"text-align: justify;\">La visita incluy\u00f3 un recorrido por el laboratorio ambiental m\u00e1s avanzado de la zona sur austral de Chile, donde el Gobernador pudo observar investigaciones en ecolog\u00eda, agua dulce y arqueolog\u00eda. Adem\u00e1s, se discutieron temas relevantes como la contaminaci\u00f3n atmosf\u00e9rica, el desarrollo del turismo y la pesca, evidenciando el impacto directo de la investigaci\u00f3n en la vida diaria de la comunidad.<\/p>\n<p style=\"text-align: justify;\"><strong>Colaboraci\u00f3n para el Futuro\u00a0<\/strong><\/p>\n<p style=\"text-align: justify;\">El Gobernador fue acompa\u00f1ado por Omar Mu\u00f1oz, jefe de la Divisi\u00f3n de Planificaci\u00f3n y Desarrollo Regional, y Fernando Guzm\u00e1n, jefe de la Divisi\u00f3n de Fomento e Industria. Juntos, sostuvieron una reuni\u00f3n con los principales directores del CIEP, incluyendo al presidente del directorio, H\u00e9ctor Canales, y al director ejecutivo, Dr. Gerard Olivar y subdirectores. \u00a0En este encuentro, se abord\u00f3 el futuro plan estrat\u00e9gico de la corporaci\u00f3n para el periodo 2025-2030, subrayando la necesidad de fortalecer la investigaci\u00f3n aplicada a las actividades productivas de la regi\u00f3n.<\/p>\n<p style=\"text-align: justify;\">\u00abEste es un momento crucial para Ays\u00e9n. La investigaci\u00f3n que se realiza aqu\u00ed no solo es valiosa, sino que est\u00e1 profundamente conectada con nuestras realidades locales. Con un plan estrat\u00e9gico s\u00f3lido, podremos reforzar nuestra capacidad para tomar decisiones que beneficien a nuestra comunidad\u00bb, concluy\u00f3 el Gobernador Santana.<\/p>\n<p style=\"text-align: justify;\">El Dr. Gerard Olivar-Tost, director ejecutivo del CIEP, enfatiz\u00f3 la relevancia de esta visita: La visita del Gobernador Marcelo Santana y su equipo al CIEP ha sido un hito fundamental, para fortalecer la conexi\u00f3n entre la investigaci\u00f3n cient\u00edfica y el desarrollo productivo de Ays\u00e9n. Haber mostrado en terreno y dialogar directamente con los investigadores, permiti\u00f3 evidenciar el enorme potencial que tiene la ciencia aplicada que se desarrolla en el CIEP, para transformar sectores clave como la energ\u00eda, la inteligencia territorial, el turismo, etc. El respaldo del Gobernador y su equipo nos impulsa a seguir avanzando en una transferencia efectiva del conocimiento, asegurando que nuestras investigaciones generen un impacto real y tangible en la econom\u00eda regional y, como no, en la calidad de vida de sus habitantes\u00bb.<\/p>\n<\/div><\/section><\/div><div  style='height:50px' class='hr hr-invisible   avia-builder-el-6  el_after_av_one_full  el_before_av_social_share '><span class='hr-inner ' ><span class='hr-inner-style'><\/span><\/span><\/div><\/p>\n<div  class='av-social-sharing-box  avia-builder-el-7  el_after_av_hr  el_before_av_hr  '><div class='av-share-box'><h5 class='av-share-link-description av-no-toc '>Compartir esta noticia<\/h5><ul class='av-share-box-list noLightbox'><li class='av-share-link av-social-link-facebook' ><a target=\"_blank\" aria-label=\"Compartir en Facebook\" href='https:\/\/www.facebook.com\/sharer.php?u=https:\/\/radiorevelacionfm.cl\/?p=50858&#038;t=Gobernador%20Marcelo%20Santana%2C%20visita%20CIEP%20para%20impulsar%20la%20ciencia%20con%20impacto%20regional' aria-hidden='false' data-av_icon='\ue8f3' data-av_iconfont='entypo-fontello' title='' data-avia-related-tooltip='Compartir en Facebook' rel=\"noopener\"><span class='avia_hidden_link_text'>Compartir en Facebook<\/span><\/a><\/li><li class='av-share-link av-social-link-twitter' ><a target=\"_blank\" aria-label=\"Compartir en Twitter\" href='https:\/\/twitter.com\/share?text=Gobernador%20Marcelo%20Santana%2C%20visita%20CIEP%20para%20impulsar%20la%20ciencia%20con%20impacto%20regional&#038;url=https:\/\/radiorevelacionfm.cl\/?p=50858' aria-hidden='false' data-av_icon='\ue8f1' data-av_iconfont='entypo-fontello' title='' data-avia-related-tooltip='Compartir en Twitter' rel=\"noopener\"><span class='avia_hidden_link_text'>Compartir en Twitter<\/span><\/a><\/li><li class='av-share-link av-social-link-whatsapp' ><a target=\"_blank\" aria-label=\"Compartir en Whatsapp\" href='https:\/\/api.whatsapp.com\/send?text=https:\/\/radiorevelacionfm.cl\/?p=50858' aria-hidden='false' data-av_icon='\uf232' data-av_iconfont='entypo-fontello' title='' data-avia-related-tooltip='Compartir en Whatsapp' rel=\"noopener\"><span class='avia_hidden_link_text'>Compartir en Whatsapp<\/span><\/a><\/li><li class='av-share-link av-social-link-linkedin' ><a target=\"_blank\" aria-label=\"Compartir en LinkedIn\" href='https:\/\/linkedin.com\/shareArticle?mini=true&#038;title=Gobernador%20Marcelo%20Santana%2C%20visita%20CIEP%20para%20impulsar%20la%20ciencia%20con%20impacto%20regional&#038;url=https:\/\/radiorevelacionfm.cl\/?p=50858' aria-hidden='false' data-av_icon='\ue8fc' data-av_iconfont='entypo-fontello' title='' data-avia-related-tooltip='Compartir en LinkedIn' rel=\"noopener\"><span class='avia_hidden_link_text'>Compartir en LinkedIn<\/span><\/a><\/li><li class='av-share-link av-social-link-mail' ><a  aria-label=\"Compartir por correo\" href='mailto:?subject=Gobernador%20Marcelo%20Santana%2C%20visita%20CIEP%20para%20impulsar%20la%20ciencia%20con%20impacto%20regional&#038;body=https:\/\/radiorevelacionfm.cl\/?p=50858' aria-hidden='false' data-av_icon='\ue805' data-av_iconfont='entypo-fontello' title='' data-avia-related-tooltip='Compartir por correo'><span class='avia_hidden_link_text'>Compartir por correo<\/span><\/a><\/li><\/ul><\/div><\/div>\n<div  style='height:50px' class='hr hr-invisible   avia-builder-el-8  el_after_av_social_share  el_before_av_comments_list '><span class='hr-inner ' ><span class='hr-inner-style'><\/span><\/span><\/div>\n<div  class='av-buildercomment  av-blog-meta-html-info-disabled av-blog-meta-tag-disabled  '><\/div>\n","protected":false},"excerpt":{"rendered":"","protected":false},"author":1,"featured_media":50859,"comment_status":"open","ping_status":"open","sticky":false,"template":"","format":"standard","meta":{"footnotes":""},"categories":[38],"tags":[],"class_list":["post-50858","post","type-post","status-publish","format-standard","has-post-thumbnail","hentry","category-regional"],"jetpack_featured_media_url":"https:\/\/radiorevelacionfm.cl\/wp-content\/uploads\/2025\/02\/480706648_668710735500272_2638213586907541694_n-1-1.jpg","_links":{"self":[{"href":"https:\/\/radiorevelacionfm.cl\/index.php?rest_route=\/wp\/v2\/posts\/50858","targetHints":{"allow":["GET"]}}],"collection":[{"href":"https:\/\/radiorevelacionfm.cl\/index.php?rest_route=\/wp\/v2\/posts"}],"about":[{"href":"https:\/\/radiorevelacionfm.cl\/index.php?rest_route=\/wp\/v2\/types\/post"}],"author":[{"embeddable":true,"href":"https:\/\/radiorevelacionfm.cl\/index.php?rest_route=\/wp\/v2\/users\/1"}],"replies":[{"embeddable":true,"href":"https:\/\/radiorevelacionfm.cl\/index.php?rest_route=%2Fwp%2Fv2%2Fcomments&post=50858"}],"version-history":[{"count":1,"href":"https:\/\/radiorevelacionfm.cl\/index.php?rest_route=\/wp\/v2\/posts\/50858\/revisions"}],"predecessor-version":[{"id":50860,"href":"https:\/\/radiorevelacionfm.cl\/index.php?rest_route=\/wp\/v2\/posts\/50858\/revisions\/50860"}],"wp:featuredmedia":[{"embeddable":true,"href":"https:\/\/radiorevelacionfm.cl\/index.php?rest_route=\/wp\/v2\/media\/50859"}],"wp:attachment":[{"href":"https:\/\/radiorevelacionfm.cl\/index.php?rest_route=%2Fwp%2Fv2%2Fmedia&parent=50858"}],"wp:term":[{"taxonomy":"category","embeddable":true,"href":"https:\/\/radiorevelacionfm.cl\/index.php?rest_route=%2Fwp%2Fv2%2Fcategories&post=50858"},{"taxonomy":"post_tag","embeddable":true,"href":"https:\/\/radiorevelacionfm.cl\/index.php?rest_route=%2Fwp%2Fv2%2Ftags&post=50858"}],"curies":[{"name":"wp","href":"https:\/\/api.w.org\/{rel}","templated":true}]}}