{"id":50851,"date":"2025-02-24T11:27:21","date_gmt":"2025-02-24T14:27:21","guid":{"rendered":"https:\/\/radiorevelacionfm.cl\/?p=50851"},"modified":"2025-02-24T11:27:21","modified_gmt":"2025-02-24T14:27:21","slug":"comites-de-villa-frei-celebran-entrega-de-subsidios-estamos-muy-contentos-por-este-gran-paso","status":"publish","type":"post","link":"https:\/\/radiorevelacionfm.cl\/?p=50851","title":{"rendered":"Comit\u00e9s de Villa Frei celebran entrega de subsidios: \u201cEstamos muy contentos por este gran paso\u201d"},"content":{"rendered":"<div class=\"flex_column av_one_full  flex_column_div av-zero-column-padding first  avia-builder-el-0  el_before_av_one_full  avia-builder-el-first  \" style='border-radius:0px; '><div  class='avia-image-container  av-styling-    avia-builder-el-1  avia-builder-el-no-sibling  avia-align-center '  itemprop=\"image\" itemscope=\"itemscope\" itemtype=\"https:\/\/schema.org\/ImageObject\"  ><div class='avia-image-container-inner'><div class='avia-image-overlay-wrap'><img decoding=\"async\" class='wp-image-50852 avia-img-lazy-loading-not-50852 avia_image' src=\"https:\/\/radiorevelacionfm.cl\/wp-content\/uploads\/2025\/02\/FOTO-COMITES-VILLA-FREI-1-1.jpg\" alt='' title='FOTO COMIT\u00c9S VILLA FREI (1) (1)' height=\"600\" width=\"800\"  itemprop=\"thumbnailUrl\" srcset=\"https:\/\/radiorevelacionfm.cl\/wp-content\/uploads\/2025\/02\/FOTO-COMITES-VILLA-FREI-1-1.jpg 800w, https:\/\/radiorevelacionfm.cl\/wp-content\/uploads\/2025\/02\/FOTO-COMITES-VILLA-FREI-1-1-300x225.jpg 300w, https:\/\/radiorevelacionfm.cl\/wp-content\/uploads\/2025\/02\/FOTO-COMITES-VILLA-FREI-1-1-768x576.jpg 768w, https:\/\/radiorevelacionfm.cl\/wp-content\/uploads\/2025\/02\/FOTO-COMITES-VILLA-FREI-1-1-705x529.jpg 705w, https:\/\/radiorevelacionfm.cl\/wp-content\/uploads\/2025\/02\/FOTO-COMITES-VILLA-FREI-1-1-450x338.jpg 450w, https:\/\/radiorevelacionfm.cl\/wp-content\/uploads\/2025\/02\/FOTO-COMITES-VILLA-FREI-1-1-600x450.jpg 600w\" sizes=\"(max-width: 800px) 100vw, 800px\" \/><\/div><\/div><\/div><\/div><div class=\"flex_column av_one_full  flex_column_div av-zero-column-padding first  avia-builder-el-2  el_after_av_one_full  el_before_av_one_full  column-top-margin\" style='border-radius:0px; '><section class=\"av_textblock_section \"  itemscope=\"itemscope\" itemtype=\"https:\/\/schema.org\/BlogPosting\" itemprop=\"blogPost\" ><div class='avia_textblock  '   itemprop=\"text\" ><p style=\"text-align: center;\"><strong><span style=\"font-size: 18pt;\">Comit\u00e9s de Villa Frei celebran entrega de subsidios: \u201cEstamos muy contentos por este gran paso\u201d<\/span><\/strong><\/p>\n<div id=\"gtx-trans\" style=\"position: absolute; left: -50px; top: 4.31534px;\">\n<div class=\"gtx-trans-icon\"><\/div>\n<\/div>\n<\/div><\/section><\/div><div class=\"flex_column av_one_full  flex_column_div av-zero-column-padding first  avia-builder-el-4  el_after_av_one_full  el_before_av_hr  column-top-margin\" style='border-radius:0px; '><section class=\"av_textblock_section \"  itemscope=\"itemscope\" itemtype=\"https:\/\/schema.org\/BlogPosting\" itemprop=\"blogPost\" ><div class='avia_textblock  '   itemprop=\"text\" ><p style=\"font-weight: 400; text-align: justify;\">El diputado Miguel \u00c1ngel Calisto y los vecinos de tres comit\u00e9s de la localidad de Villa Frei, \u201cIlusi\u00f3n\u201d, \u201cTehuelche\u201d y \u201cTodo por un Sue\u00f1o\u201d, valoraron la confirmaci\u00f3n por parte del Ministerio de Vivienda de la adjudicaci\u00f3n de los Subsidios habitacionales que permitir\u00e1n concretar este proyecto habitacional.<\/p>\n<p style=\"font-weight: 400; text-align: justify;\">Seg\u00fan el diputado Miguel \u00c1ngel Calisto, \u201cestamos muy contentos por la buena noticia de los subsidios de los comit\u00e9s El Tehuelche, Todo por un Sue\u00f1o e Ilusi\u00f3n de Villa Frei. Se trata de un proyecto que van a permitir, en primer lugar, construir 100 viviendas, y con ello tambi\u00e9n avanzar en un proyecto integral para dotar a toda la localidad de planta de tratamiento\u201d.<\/p>\n<p style=\"font-weight: 400; text-align: justify;\">\u201cPor estos motivos, esto es un avance no solamente para los tres comit\u00e9s nuevos, que son en total cerca de 100 familias, sino que es un avance sustantivo para toda la localidad de Villa Frei. Esto es una gran noticia, por eso estoy muy contento que finalmente, gracias al trabajo conjunto y sobre todo de los dirigentes con quienes hemos trabajado tantos a\u00f1os, este proyecto est\u00e9 pronto a concretarse\u201d.<\/p>\n<p style=\"font-weight: 400; text-align: justify;\">Calisto agreg\u00f3 que \u201ccon este proyecto, la localidad tambi\u00e9n se va a fortalecer. Esperamos prontamente que los recorridos de transporte p\u00fablico tambi\u00e9n lleguen a Villa Frei, Valle Simpson y de esa manera vamos dotando de condiciones para que nuestras localidades tambi\u00e9n se desarrollen con todas las condiciones y los beneficios de la modernidad\u201d.<\/p>\n<p style=\"font-weight: 400; text-align: justify;\"><strong>La reacci\u00f3n de las Dirigentas<\/strong><\/p>\n<p style=\"font-weight: 400; text-align: justify;\">Las dirigentes de los Comit\u00e9s Habitacionales manifestaron su alegr\u00eda por los avances de este proyecto, destacando adem\u00e1s el trabajo realizado por el diputado Miguel \u00c1ngel Calisto. Rosita Mansilla, Presidenta del Comit\u00e9 de Vivienda \u201cCamino a un Sue\u00f1o\u201d, asegur\u00f3 que \u201crecibimos la emocionante y tan esperada noticia de que salimos favorecidos con nuestros subsidios para nuestras casitas. Primero que nada, es la noticia m\u00e1s maravillosa, m\u00e1s emocionante y m\u00e1s esperada que tenemos en este momento\u201d.<\/p>\n<p style=\"font-weight: 400; text-align: justify;\">\u00a0\u201cNo puedo dejar pasar en agradecer a todas y cada una de las personas involucradas en este proyecto. Hemos recibido el apoyo de nuestro diputado Miguel \u00c1ngel Calisto. Ya estamos a pasitos de que empiecen prontamente a construir nuestras casas, as\u00ed que no puedo dejar de agradecer a todos y cada uno de los que han hecho posible este gran proyecto y nosotros tremendamente agradecidos y felices de esta gran noticia. As\u00ed es que ya nos queda menos, ya nos queda poquito y nuevamente mil gracias a todos y cada uno de ustedes\u201d, afirm\u00f3 la dirigente.<\/p>\n<p style=\"font-weight: 400; text-align: justify;\">Finalmente, Viviana Rauque, Presidenta del Comit\u00e9 Ilusi\u00f3n, asegur\u00f3 que \u201cestamos muy contentos con todo lo que se ha logrado. Hoy tuvimos nuestros subsidios. Agradecerle a don Fernando Jara de la empresa constructora, agradecerle a la Seremi de Vivienda, a don Miguel \u00c1ngel Calisto por su apoyo. Estamos muy contentos.<\/p>\n<\/div><\/section><\/div><div  style='height:50px' class='hr hr-invisible   avia-builder-el-6  el_after_av_one_full  el_before_av_social_share '><span class='hr-inner ' ><span class='hr-inner-style'><\/span><\/span><\/div><\/p>\n<div  class='av-social-sharing-box  avia-builder-el-7  el_after_av_hr  el_before_av_hr  '><div class='av-share-box'><h5 class='av-share-link-description av-no-toc '>Compartir esta noticia<\/h5><ul class='av-share-box-list noLightbox'><li class='av-share-link av-social-link-facebook' ><a target=\"_blank\" aria-label=\"Compartir en Facebook\" href='https:\/\/www.facebook.com\/sharer.php?u=https:\/\/radiorevelacionfm.cl\/?p=50851&#038;t=Comit%C3%A9s%20de%20Villa%20Frei%20celebran%20entrega%20de%20subsidios%3A%20%E2%80%9CEstamos%20muy%20contentos%20por%20este%20gran%20paso%E2%80%9D' aria-hidden='false' data-av_icon='\ue8f3' data-av_iconfont='entypo-fontello' title='' data-avia-related-tooltip='Compartir en Facebook' rel=\"noopener\"><span class='avia_hidden_link_text'>Compartir en Facebook<\/span><\/a><\/li><li class='av-share-link av-social-link-twitter' ><a target=\"_blank\" aria-label=\"Compartir en Twitter\" href='https:\/\/twitter.com\/share?text=Comit%C3%A9s%20de%20Villa%20Frei%20celebran%20entrega%20de%20subsidios%3A%20%E2%80%9CEstamos%20muy%20contentos%20por%20este%20gran%20paso%E2%80%9D&#038;url=https:\/\/radiorevelacionfm.cl\/?p=50851' aria-hidden='false' data-av_icon='\ue8f1' data-av_iconfont='entypo-fontello' title='' data-avia-related-tooltip='Compartir en Twitter' rel=\"noopener\"><span class='avia_hidden_link_text'>Compartir en Twitter<\/span><\/a><\/li><li class='av-share-link av-social-link-whatsapp' ><a target=\"_blank\" aria-label=\"Compartir en Whatsapp\" href='https:\/\/api.whatsapp.com\/send?text=https:\/\/radiorevelacionfm.cl\/?p=50851' aria-hidden='false' data-av_icon='\uf232' data-av_iconfont='entypo-fontello' title='' data-avia-related-tooltip='Compartir en Whatsapp' rel=\"noopener\"><span class='avia_hidden_link_text'>Compartir en Whatsapp<\/span><\/a><\/li><li class='av-share-link av-social-link-linkedin' ><a target=\"_blank\" aria-label=\"Compartir en LinkedIn\" href='https:\/\/linkedin.com\/shareArticle?mini=true&#038;title=Comit%C3%A9s%20de%20Villa%20Frei%20celebran%20entrega%20de%20subsidios%3A%20%E2%80%9CEstamos%20muy%20contentos%20por%20este%20gran%20paso%E2%80%9D&#038;url=https:\/\/radiorevelacionfm.cl\/?p=50851' aria-hidden='false' data-av_icon='\ue8fc' data-av_iconfont='entypo-fontello' title='' data-avia-related-tooltip='Compartir en LinkedIn' rel=\"noopener\"><span class='avia_hidden_link_text'>Compartir en LinkedIn<\/span><\/a><\/li><li class='av-share-link av-social-link-mail' ><a  aria-label=\"Compartir por correo\" href='mailto:?subject=Comit%C3%A9s%20de%20Villa%20Frei%20celebran%20entrega%20de%20subsidios%3A%20%E2%80%9CEstamos%20muy%20contentos%20por%20este%20gran%20paso%E2%80%9D&#038;body=https:\/\/radiorevelacionfm.cl\/?p=50851' aria-hidden='false' data-av_icon='\ue805' data-av_iconfont='entypo-fontello' title='' data-avia-related-tooltip='Compartir por correo'><span class='avia_hidden_link_text'>Compartir por correo<\/span><\/a><\/li><\/ul><\/div><\/div>\n<div  style='height:50px' class='hr hr-invisible   avia-builder-el-8  el_after_av_social_share  el_before_av_comments_list '><span class='hr-inner ' ><span class='hr-inner-style'><\/span><\/span><\/div>\n<div  class='av-buildercomment  av-blog-meta-html-info-disabled av-blog-meta-tag-disabled  '><\/div>\n","protected":false},"excerpt":{"rendered":"","protected":false},"author":1,"featured_media":50852,"comment_status":"open","ping_status":"open","sticky":false,"template":"","format":"standard","meta":{"footnotes":""},"categories":[38],"tags":[],"class_list":["post-50851","post","type-post","status-publish","format-standard","has-post-thumbnail","hentry","category-regional"],"jetpack_featured_media_url":"https:\/\/radiorevelacionfm.cl\/wp-content\/uploads\/2025\/02\/FOTO-COMITES-VILLA-FREI-1-1.jpg","_links":{"self":[{"href":"https:\/\/radiorevelacionfm.cl\/index.php?rest_route=\/wp\/v2\/posts\/50851","targetHints":{"allow":["GET"]}}],"collection":[{"href":"https:\/\/radiorevelacionfm.cl\/index.php?rest_route=\/wp\/v2\/posts"}],"about":[{"href":"https:\/\/radiorevelacionfm.cl\/index.php?rest_route=\/wp\/v2\/types\/post"}],"author":[{"embeddable":true,"href":"https:\/\/radiorevelacionfm.cl\/index.php?rest_route=\/wp\/v2\/users\/1"}],"replies":[{"embeddable":true,"href":"https:\/\/radiorevelacionfm.cl\/index.php?rest_route=%2Fwp%2Fv2%2Fcomments&post=50851"}],"version-history":[{"count":1,"href":"https:\/\/radiorevelacionfm.cl\/index.php?rest_route=\/wp\/v2\/posts\/50851\/revisions"}],"predecessor-version":[{"id":50853,"href":"https:\/\/radiorevelacionfm.cl\/index.php?rest_route=\/wp\/v2\/posts\/50851\/revisions\/50853"}],"wp:featuredmedia":[{"embeddable":true,"href":"https:\/\/radiorevelacionfm.cl\/index.php?rest_route=\/wp\/v2\/media\/50852"}],"wp:attachment":[{"href":"https:\/\/radiorevelacionfm.cl\/index.php?rest_route=%2Fwp%2Fv2%2Fmedia&parent=50851"}],"wp:term":[{"taxonomy":"category","embeddable":true,"href":"https:\/\/radiorevelacionfm.cl\/index.php?rest_route=%2Fwp%2Fv2%2Fcategories&post=50851"},{"taxonomy":"post_tag","embeddable":true,"href":"https:\/\/radiorevelacionfm.cl\/index.php?rest_route=%2Fwp%2Fv2%2Ftags&post=50851"}],"curies":[{"name":"wp","href":"https:\/\/api.w.org\/{rel}","templated":true}]}}