{"id":50848,"date":"2025-02-24T10:19:17","date_gmt":"2025-02-24T13:19:17","guid":{"rendered":"https:\/\/radiorevelacionfm.cl\/?p=50848"},"modified":"2025-02-24T10:19:17","modified_gmt":"2025-02-24T13:19:17","slug":"lagos-lagunas-glaciares-y-rios-son-monitoreados-por-el-mop-para-asegurar-la-calidad-de-sus-aguas","status":"publish","type":"post","link":"https:\/\/radiorevelacionfm.cl\/?p=50848","title":{"rendered":"Lagos, lagunas-glaciares y r\u00edos son monitoreados por el MOP para asegurar la calidad de sus aguas"},"content":{"rendered":"<div class=\"flex_column av_one_full  flex_column_div av-zero-column-padding first  avia-builder-el-0  el_before_av_one_full  avia-builder-el-first  \" style='border-radius:0px; '><div  class='avia-image-container  av-styling-    avia-builder-el-1  avia-builder-el-no-sibling  avia-align-center '  itemprop=\"image\" itemscope=\"itemscope\" itemtype=\"https:\/\/schema.org\/ImageObject\"  ><div class='avia-image-container-inner'><div class='avia-image-overlay-wrap'><img decoding=\"async\" class='wp-image-50849 avia-img-lazy-loading-not-50849 avia_image' src=\"https:\/\/radiorevelacionfm.cl\/wp-content\/uploads\/2025\/02\/FOTO-ARCHIVO-1-1.jpg\" alt='' title='FOTO-ARCHIVO (1) (1)' height=\"600\" width=\"834\"  itemprop=\"thumbnailUrl\" srcset=\"https:\/\/radiorevelacionfm.cl\/wp-content\/uploads\/2025\/02\/FOTO-ARCHIVO-1-1.jpg 834w, https:\/\/radiorevelacionfm.cl\/wp-content\/uploads\/2025\/02\/FOTO-ARCHIVO-1-1-300x216.jpg 300w, https:\/\/radiorevelacionfm.cl\/wp-content\/uploads\/2025\/02\/FOTO-ARCHIVO-1-1-768x553.jpg 768w, https:\/\/radiorevelacionfm.cl\/wp-content\/uploads\/2025\/02\/FOTO-ARCHIVO-1-1-705x507.jpg 705w, https:\/\/radiorevelacionfm.cl\/wp-content\/uploads\/2025\/02\/FOTO-ARCHIVO-1-1-450x324.jpg 450w, https:\/\/radiorevelacionfm.cl\/wp-content\/uploads\/2025\/02\/FOTO-ARCHIVO-1-1-600x432.jpg 600w\" sizes=\"(max-width: 834px) 100vw, 834px\" \/><\/div><\/div><\/div><\/div><div class=\"flex_column av_one_full  flex_column_div av-zero-column-padding first  avia-builder-el-2  el_after_av_one_full  el_before_av_one_full  column-top-margin\" style='border-radius:0px; '><section class=\"av_textblock_section \"  itemscope=\"itemscope\" itemtype=\"https:\/\/schema.org\/BlogPosting\" itemprop=\"blogPost\" ><div class='avia_textblock  '   itemprop=\"text\" ><p style=\"text-align: center;\"><strong><span style=\"font-size: 18pt;\">Lagos, lagunas-glaciares y r\u00edos son monitoreados por el MOP para asegurar la calidad de sus aguas<\/span><\/strong><\/p>\n<div id=\"gtx-trans\" style=\"position: absolute; left: -50px; top: 4.31534px;\">\n<div class=\"gtx-trans-icon\"><\/div>\n<\/div>\n<\/div><\/section><\/div><div class=\"flex_column av_one_full  flex_column_div av-zero-column-padding first  avia-builder-el-4  el_after_av_one_full  el_before_av_hr  column-top-margin\" style='border-radius:0px; '><section class=\"av_textblock_section \"  itemscope=\"itemscope\" itemtype=\"https:\/\/schema.org\/BlogPosting\" itemprop=\"blogPost\" ><div class='avia_textblock  '   itemprop=\"text\" ><p style=\"text-align: justify;\">En el contexto del verano y la situaci\u00f3n de sequ\u00eda que afecta al pa\u00eds, la Secretaria Regional Ministerial de Obras P\u00fablicas (s) Melisa Rojas Moyano inform\u00f3 que la Direcci\u00f3n General de Aguas del MOP dio a conocer el plan especial de monitoreo de la calidad del agua en lagos, lagunas-glaciares y r\u00edos que se desarrolla en todo el pa\u00eds y en la Regi\u00f3n de Ays\u00e9n, especialmente en cuerpos de agua que tienen un uso dom\u00e9stico y recreativo m\u00e1s intensivo en la temporada estival.<\/p>\n<p style=\"text-align: justify;\">En ese sentido, Melisa Rojas se\u00f1al\u00f3 que \u201cdurante este a\u00f1o la DGA est\u00e1 monitoreando la calidad del agua en 103 puntos a lo largo del pa\u00eds, los que corresponden a 51 lagos y lagunas, y a 52 cuencas de r\u00edos, destacando que este trabajo tiene como objetivo poder estudiar la situaci\u00f3n actual y acumulativa de nuestros recursos h\u00eddricos en todo el pa\u00eds, toda vez que esto nos permite revisar diversos par\u00e1metros como la acidez del agua entre otros, para despu\u00e9s hacer el an\u00e1lisis y ver c\u00f3mo se va manteniendo a\u00f1o tras a\u00f1o en buen estado la calidad de los recursos h\u00eddricos y\/o estudiar cambios que puedan surgir para efectos de realizar labores de prevenci\u00f3n, protecci\u00f3n y educaci\u00f3n ambiental, con miras a propiciar la conservaci\u00f3n de las aguas en un buen estado de conservaci\u00f3n. Para nuestro gobierno el agua es prioridad para el consumo humano, por lo tanto, la invitaci\u00f3n es a que las personas no contaminen las aguas con residuos o basuras o con la descarga de los lavados de enseres o de ba\u00f1os, porque eso afecta la calidad del agua, el consumo humano del agua y nuestro medio ambiente\u201d.<\/p>\n<p style=\"text-align: justify;\">En el caso de la Regi\u00f3n de Ays\u00e9n, el director de Aguas del MOP en la Regi\u00f3n de Ays\u00e9n (S), Jorge O\u00b4Kuinghttons Villena indic\u00f3 que las cifras no son muy distintas en materia de fiscalizaci\u00f3n, debido a que la Regi\u00f3n de Ays\u00e9n se caracteriza por tener la mayor cantidad de recursos h\u00eddricos del pa\u00eds y el equipo de la DGA mantiene un constante monitoreo del estado de ellas.<\/p>\n<p style=\"text-align: justify;\">\u201cM\u00e1s del 30% de los recursos h\u00eddricos escurre en la Regi\u00f3n de Ays\u00e9n. Nosotros tenemos la mayor cantidad de lagos, los lagos m\u00e1s grandes, el lago m\u00e1s profundo, los r\u00edos de mayor caudal y la mayor cantidad de lagunas-glaciares, entre otros y es por esto que la Direcci\u00f3n General de Aguas mantiene importantes procesos de fiscalizaci\u00f3n durante el a\u00f1o. Este 2024 realizamos 45 procesos de fiscalizaci\u00f3n ingresados por oficio de la Direcci\u00f3n de Aguas, porque estamos impulsando la fiscalizaci\u00f3n en sectores productivos con el af\u00e1n de que todas las obras que se est\u00e1n realizando dentro de los cauces se efect\u00faen apegadas a nuestra legislaci\u00f3n vigente, y adem\u00e1s, fiscalizamos cuando la comunidad realiza denuncias. De esta forma, mantenemos 42 estaciones de monitoreo de la calidad de las aguas de los r\u00edos dentro de la regi\u00f3n y tambi\u00e9n mantenemos el monitoreo de los 15 lagos m\u00e1s importantes entorno a su nivel tr\u00f3fico (nivel de calidad o de bienestar del agua). Este mes hicimos el monitoreo de la calidad del agua en el Lago General Carrera que incluy\u00f3 10 puntos de muestreo lo que apunta a determinar el nivel tr\u00f3fico \u00a0(nivel de la calidad del agua) dando como resultado que hasta el momento sigue siendo ultra oligotr\u00f3fico (ultra limpio). Con estos estudios estamos verificando que las aguas se mantengan en el tiempo en buenas condiciones, como lo acabamos de realizar en el Lago General Carrera\u201d, afirm\u00f3 Jorge O\u00b4Kuinghttons.<\/p>\n<p style=\"text-align: justify;\">A nivel nacional, \u201clos par\u00e1metros que se miden actualmente en el agua son la temperatura, pH, metales, material microbiol\u00f3gico, para detectar Escherichia coli y coliformes fecales, entre otros. Esta informaci\u00f3n es enviada a la Superintendencia de Medioambiente y al Ministerio de Salud, para finalmente determinar si se ha superado o se encuentra cerca de superar los umbrales de protecci\u00f3n detallados en cada norma que pueden afectar la salud de la poblaci\u00f3n\u201d, concluy\u00f3 la SEREMI del MOP (S).<\/p>\n<\/div><\/section><\/div><div  style='height:50px' class='hr hr-invisible   avia-builder-el-6  el_after_av_one_full  el_before_av_social_share '><span class='hr-inner ' ><span class='hr-inner-style'><\/span><\/span><\/div><\/p>\n<div  class='av-social-sharing-box  avia-builder-el-7  el_after_av_hr  el_before_av_hr  '><div class='av-share-box'><h5 class='av-share-link-description av-no-toc '>Compartir esta noticia<\/h5><ul class='av-share-box-list noLightbox'><li class='av-share-link av-social-link-facebook' ><a target=\"_blank\" aria-label=\"Compartir en Facebook\" href='https:\/\/www.facebook.com\/sharer.php?u=https:\/\/radiorevelacionfm.cl\/?p=50848&#038;t=Lagos%2C%20lagunas-glaciares%20y%20r%C3%ADos%20son%20monitoreados%20por%20el%20MOP%20para%20asegurar%20la%20calidad%20de%20sus%20aguas' aria-hidden='false' data-av_icon='\ue8f3' data-av_iconfont='entypo-fontello' title='' data-avia-related-tooltip='Compartir en Facebook' rel=\"noopener\"><span class='avia_hidden_link_text'>Compartir en Facebook<\/span><\/a><\/li><li class='av-share-link av-social-link-twitter' ><a target=\"_blank\" aria-label=\"Compartir en Twitter\" href='https:\/\/twitter.com\/share?text=Lagos%2C%20lagunas-glaciares%20y%20r%C3%ADos%20son%20monitoreados%20por%20el%20MOP%20para%20asegurar%20la%20calidad%20de%20sus%20aguas&#038;url=https:\/\/radiorevelacionfm.cl\/?p=50848' aria-hidden='false' data-av_icon='\ue8f1' data-av_iconfont='entypo-fontello' title='' data-avia-related-tooltip='Compartir en Twitter' rel=\"noopener\"><span class='avia_hidden_link_text'>Compartir en Twitter<\/span><\/a><\/li><li class='av-share-link av-social-link-whatsapp' ><a target=\"_blank\" aria-label=\"Compartir en Whatsapp\" href='https:\/\/api.whatsapp.com\/send?text=https:\/\/radiorevelacionfm.cl\/?p=50848' aria-hidden='false' data-av_icon='\uf232' data-av_iconfont='entypo-fontello' title='' data-avia-related-tooltip='Compartir en Whatsapp' rel=\"noopener\"><span class='avia_hidden_link_text'>Compartir en Whatsapp<\/span><\/a><\/li><li class='av-share-link av-social-link-linkedin' ><a target=\"_blank\" aria-label=\"Compartir en LinkedIn\" href='https:\/\/linkedin.com\/shareArticle?mini=true&#038;title=Lagos%2C%20lagunas-glaciares%20y%20r%C3%ADos%20son%20monitoreados%20por%20el%20MOP%20para%20asegurar%20la%20calidad%20de%20sus%20aguas&#038;url=https:\/\/radiorevelacionfm.cl\/?p=50848' aria-hidden='false' data-av_icon='\ue8fc' data-av_iconfont='entypo-fontello' title='' data-avia-related-tooltip='Compartir en LinkedIn' rel=\"noopener\"><span class='avia_hidden_link_text'>Compartir en LinkedIn<\/span><\/a><\/li><li class='av-share-link av-social-link-mail' ><a  aria-label=\"Compartir por correo\" href='mailto:?subject=Lagos%2C%20lagunas-glaciares%20y%20r%C3%ADos%20son%20monitoreados%20por%20el%20MOP%20para%20asegurar%20la%20calidad%20de%20sus%20aguas&#038;body=https:\/\/radiorevelacionfm.cl\/?p=50848' aria-hidden='false' data-av_icon='\ue805' data-av_iconfont='entypo-fontello' title='' data-avia-related-tooltip='Compartir por correo'><span class='avia_hidden_link_text'>Compartir por correo<\/span><\/a><\/li><\/ul><\/div><\/div>\n<div  style='height:50px' class='hr hr-invisible   avia-builder-el-8  el_after_av_social_share  el_before_av_comments_list '><span class='hr-inner ' ><span class='hr-inner-style'><\/span><\/span><\/div>\n<div  class='av-buildercomment  av-blog-meta-html-info-disabled av-blog-meta-tag-disabled  '><\/div>\n","protected":false},"excerpt":{"rendered":"","protected":false},"author":1,"featured_media":50849,"comment_status":"open","ping_status":"open","sticky":false,"template":"","format":"standard","meta":{"footnotes":""},"categories":[38],"tags":[],"class_list":["post-50848","post","type-post","status-publish","format-standard","has-post-thumbnail","hentry","category-regional"],"jetpack_featured_media_url":"https:\/\/radiorevelacionfm.cl\/wp-content\/uploads\/2025\/02\/FOTO-ARCHIVO-1-1.jpg","_links":{"self":[{"href":"https:\/\/radiorevelacionfm.cl\/index.php?rest_route=\/wp\/v2\/posts\/50848","targetHints":{"allow":["GET"]}}],"collection":[{"href":"https:\/\/radiorevelacionfm.cl\/index.php?rest_route=\/wp\/v2\/posts"}],"about":[{"href":"https:\/\/radiorevelacionfm.cl\/index.php?rest_route=\/wp\/v2\/types\/post"}],"author":[{"embeddable":true,"href":"https:\/\/radiorevelacionfm.cl\/index.php?rest_route=\/wp\/v2\/users\/1"}],"replies":[{"embeddable":true,"href":"https:\/\/radiorevelacionfm.cl\/index.php?rest_route=%2Fwp%2Fv2%2Fcomments&post=50848"}],"version-history":[{"count":1,"href":"https:\/\/radiorevelacionfm.cl\/index.php?rest_route=\/wp\/v2\/posts\/50848\/revisions"}],"predecessor-version":[{"id":50850,"href":"https:\/\/radiorevelacionfm.cl\/index.php?rest_route=\/wp\/v2\/posts\/50848\/revisions\/50850"}],"wp:featuredmedia":[{"embeddable":true,"href":"https:\/\/radiorevelacionfm.cl\/index.php?rest_route=\/wp\/v2\/media\/50849"}],"wp:attachment":[{"href":"https:\/\/radiorevelacionfm.cl\/index.php?rest_route=%2Fwp%2Fv2%2Fmedia&parent=50848"}],"wp:term":[{"taxonomy":"category","embeddable":true,"href":"https:\/\/radiorevelacionfm.cl\/index.php?rest_route=%2Fwp%2Fv2%2Fcategories&post=50848"},{"taxonomy":"post_tag","embeddable":true,"href":"https:\/\/radiorevelacionfm.cl\/index.php?rest_route=%2Fwp%2Fv2%2Ftags&post=50848"}],"curies":[{"name":"wp","href":"https:\/\/api.w.org\/{rel}","templated":true}]}}