{"id":50845,"date":"2025-02-24T09:52:35","date_gmt":"2025-02-24T12:52:35","guid":{"rendered":"https:\/\/radiorevelacionfm.cl\/?p=50845"},"modified":"2025-02-24T09:52:35","modified_gmt":"2025-02-24T12:52:35","slug":"gobierno-realizo-lanzamiento-del-programa-regular-de-ayudas-tecnicas-2025-para-personas-con-discapacidad","status":"publish","type":"post","link":"https:\/\/radiorevelacionfm.cl\/?p=50845","title":{"rendered":"Gobierno realiz\u00f3 lanzamiento del Programa Regular de Ayudas T\u00e9cnicas 2025 para Personas con Discapacidad"},"content":{"rendered":"<div class=\"flex_column av_one_full  flex_column_div av-zero-column-padding first  avia-builder-el-0  el_before_av_one_full  avia-builder-el-first  \" style='border-radius:0px; '><div  class='avia-image-container  av-styling-    avia-builder-el-1  avia-builder-el-no-sibling  avia-align-center '  itemprop=\"image\" itemscope=\"itemscope\" itemtype=\"https:\/\/schema.org\/ImageObject\"  ><div class='avia-image-container-inner'><div class='avia-image-overlay-wrap'><img decoding=\"async\" class='wp-image-50846 avia-img-lazy-loading-not-50846 avia_image' src=\"https:\/\/radiorevelacionfm.cl\/wp-content\/uploads\/2025\/02\/Senadis2-3-1-1.jpeg\" alt='' title='Senadis2 (3) (1) (1)' height=\"600\" width=\"800\"  itemprop=\"thumbnailUrl\" srcset=\"https:\/\/radiorevelacionfm.cl\/wp-content\/uploads\/2025\/02\/Senadis2-3-1-1.jpeg 800w, https:\/\/radiorevelacionfm.cl\/wp-content\/uploads\/2025\/02\/Senadis2-3-1-1-300x225.jpeg 300w, https:\/\/radiorevelacionfm.cl\/wp-content\/uploads\/2025\/02\/Senadis2-3-1-1-768x576.jpeg 768w, https:\/\/radiorevelacionfm.cl\/wp-content\/uploads\/2025\/02\/Senadis2-3-1-1-705x529.jpeg 705w, https:\/\/radiorevelacionfm.cl\/wp-content\/uploads\/2025\/02\/Senadis2-3-1-1-450x338.jpeg 450w, https:\/\/radiorevelacionfm.cl\/wp-content\/uploads\/2025\/02\/Senadis2-3-1-1-600x450.jpeg 600w\" sizes=\"(max-width: 800px) 100vw, 800px\" \/><\/div><\/div><\/div><\/div><div class=\"flex_column av_one_full  flex_column_div av-zero-column-padding first  avia-builder-el-2  el_after_av_one_full  el_before_av_one_full  column-top-margin\" style='border-radius:0px; '><section class=\"av_textblock_section \"  itemscope=\"itemscope\" itemtype=\"https:\/\/schema.org\/BlogPosting\" itemprop=\"blogPost\" ><div class='avia_textblock  '   itemprop=\"text\" ><p style=\"text-align: center;\"><strong><span style=\"font-size: 18pt;\">Gobierno realiz\u00f3 lanzamiento del Programa Regular de Ayudas T\u00e9cnicas 2025 para Personas con Discapacidad<\/span><\/strong><\/p>\n<div id=\"gtx-trans\" style=\"position: absolute; left: -50px; top: 4.31534px;\">\n<div class=\"gtx-trans-icon\"><\/div>\n<\/div>\n<\/div><\/section><\/div><div class=\"flex_column av_one_full  flex_column_div av-zero-column-padding first  avia-builder-el-4  el_after_av_one_full  el_before_av_hr  column-top-margin\" style='border-radius:0px; '><section class=\"av_textblock_section \"  itemscope=\"itemscope\" itemtype=\"https:\/\/schema.org\/BlogPosting\" itemprop=\"blogPost\" ><div class='avia_textblock  '   itemprop=\"text\" ><p style=\"text-align: justify;\">El Servicio Nacional de la Discapacidad, SENADIS dio a conocer a personas con discapacidad, sus familias, cuidadoras y cuidadores, informaci\u00f3n acerca del proceso de postulaci\u00f3n al Programa Regular de Ayudas T\u00e9cnicas 2025, que forma parte del Sistema Nacional de Apoyos y Cuidados, Chile Cuida. La reuni\u00f3n informativa fue realizada el viernes 17 de febrero, en dependencias de la Mutual de Seguridad de Coyhaique y asistieron: Servicio de Salud, Seremi de Desarrollo Social y servicios asociados, municipalidad de Coyhaique, entre otros.<\/p>\n<p style=\"text-align: justify;\">\u00darsula Mix Jim\u00e9nez, Seremi de Gobierno de la regi\u00f3n de Ays\u00e9n, destac\u00f3 este apoyo que entregar\u00e1 el Estado a personas con discapacidad y sus organizaciones: \u201cEl Programa de Ayudas T\u00e9cnicas del Servicio Nacional de la Discapacidad, SENADIS, busca favorecer la inclusi\u00f3n social de las personas con discapacidad y propiciar su participaci\u00f3n plena en los distintos \u00e1mbitos de la vida, tales como: trabajo, educaci\u00f3n, actividades de la vida diaria, participaci\u00f3n comunitaria, salud, entre otros. Por lo que existe un claro compromiso del Presidente Gabriel Boric con atender las necesidades de los beneficiarios\/as, adapt\u00e1ndonos como Gobierno a la demanda y superando retos log\u00edsticos y de planificaci\u00f3n, lo que permitir\u00e1 reducir los tiempos de espera en la entrega de las ayudas. Por ello, se ha iniciado este lanzamiento con tanta anterioridad, para que las personas con discapacidad y organizaciones puedan presentar la documentaci\u00f3n requerida, como certificados m\u00e9dicos que acrediten su condici\u00f3n y otros documentos, con bastante antelaci\u00f3n\u201d, se\u00f1al\u00f3.<\/p>\n<p style=\"text-align: justify;\">De acuerdo a lo que indica la Ley N\u00b0 20.422, las ayudas t\u00e9cnicas se entienden como \u201celementos o implementos requeridos por una persona con discapacidad para prevenir la progresi\u00f3n de la misma, mejorar o recuperar su funcionalidad, o desarrollar una vida independiente\u201d.<\/p>\n<p style=\"text-align: justify;\">El financiamiento de ayudas t\u00e9cnicas se fundamenta en dos principios:<\/p>\n<p style=\"text-align: justify;\"><strong>&#8211; Inclusi\u00f3n:<\/strong> Propiciar la participaci\u00f3n plena en los distintos \u00e1mbitos de la vida, tales como trabajo, educaci\u00f3n, actividades de la vida diaria, participaci\u00f3n comunitaria y salud de una persona con discapacidad.<\/p>\n<p style=\"text-align: justify;\"><strong>&#8211; Calidad:<\/strong> Promover el acceso a ayudas t\u00e9cnicas con est\u00e1ndares que resguarden el bienestar y seguridad de las personas.<\/p>\n<p style=\"text-align: justify;\">Luis Sandoval Veas, director (s) Senadis, indic\u00f3: \u201cEsta convocatoria es una instancia esencial para que las personas con discapacidad u organizaciones, puedan informarse acerca de la oferta program\u00e1tica del servicio y dar la relevancia que tiene al mejoramiento de los procesos internos, para la entrega oportuna de ayudas t\u00e9cnicas a las personas, relevando que de acuerdo al principio de intersectorialidad de la convenci\u00f3n, se requiere la colaboraci\u00f3n de instituciones intermediarias que nos ayuden a gestar finalmente el acceso al programa de Ayudas T\u00e9cnicas\u201d.<\/p>\n<p style=\"text-align: justify;\">Para esta nueva convocatoria, las personas con discapacidad y gestores podr\u00e1n solicitar un m\u00e1ximo de tres ayudas t\u00e9cnicas, de acuerdo con la oferta de elementos disponibles del SENADIS.<\/p>\n<p style=\"text-align: justify;\">Los requisitos de solicitud son:<\/p>\n<p style=\"text-align: justify;\">-Tener 10 a\u00f1os de edad o m\u00e1s.<\/p>\n<p style=\"text-align: justify;\">-Encontrarse inscritas en el Registro Nacional de la Discapacidad.<\/p>\n<p style=\"text-align: justify;\">-Contar con el Registro Social de Hogares.<\/p>\n<p style=\"text-align: justify;\">-Pertenecer al Subsistema de Protecci\u00f3n Social Chile Seguridades y Oportunidades (programas \u201cFamilias\u201d, \u201cV\u00ednculos\u201d, \u201cAbriendo Caminos\u201d y \u201cCalle\u201d).<\/p>\n<p style=\"text-align: justify;\">-Que en la convocatoria a\u00f1o 2024, no tengan aprobada una o m\u00e1s ayudas t\u00e9cnicas (independiente de su tipo).<\/p>\n<p style=\"text-align: justify;\">Para realizar la solicitud, cada persona deber\u00e1 leer y conocer las Orientaciones T\u00e9cnicas, revisar el Listado de Ayudas T\u00e9cnicas 2025, Orientaciones sobre Uso y Utilidad del Listado de Ayudas T\u00e9cnicas, 2025 y los respectivos anexos, donde encontrar\u00e1n todas las definiciones y lineamientos de esta nueva convocatoria, as\u00ed como el detalle de las ayudas t\u00e9cnicas disponibles.<\/p>\n<p style=\"text-align: justify;\">Los plazos claves de la convocatoria son: Jueves 3 de abril a partir de las 12:00 horas, a trav\u00e9s de la plataforma https:\/\/portal.senadis.cl En tanto, el cierre es el martes 29 de julio a las 12:00 horas.<\/p>\n<\/div><\/section><\/div><div  style='height:50px' class='hr hr-invisible   avia-builder-el-6  el_after_av_one_full  el_before_av_social_share '><span class='hr-inner ' ><span class='hr-inner-style'><\/span><\/span><\/div><\/p>\n<div  class='av-social-sharing-box  avia-builder-el-7  el_after_av_hr  el_before_av_hr  '><div class='av-share-box'><h5 class='av-share-link-description av-no-toc '>Compartir esta noticia<\/h5><ul class='av-share-box-list noLightbox'><li class='av-share-link av-social-link-facebook' ><a target=\"_blank\" aria-label=\"Compartir en Facebook\" href='https:\/\/www.facebook.com\/sharer.php?u=https:\/\/radiorevelacionfm.cl\/?p=50845&#038;t=Gobierno%20realiz%C3%B3%20lanzamiento%20del%20Programa%20Regular%20de%20Ayudas%20T%C3%A9cnicas%202025%20para%20Personas%20con%20Discapacidad' aria-hidden='false' data-av_icon='\ue8f3' data-av_iconfont='entypo-fontello' title='' data-avia-related-tooltip='Compartir en Facebook' rel=\"noopener\"><span class='avia_hidden_link_text'>Compartir en Facebook<\/span><\/a><\/li><li class='av-share-link av-social-link-twitter' ><a target=\"_blank\" aria-label=\"Compartir en Twitter\" href='https:\/\/twitter.com\/share?text=Gobierno%20realiz%C3%B3%20lanzamiento%20del%20Programa%20Regular%20de%20Ayudas%20T%C3%A9cnicas%202025%20para%20Personas%20con%20Discapacidad&#038;url=https:\/\/radiorevelacionfm.cl\/?p=50845' aria-hidden='false' data-av_icon='\ue8f1' data-av_iconfont='entypo-fontello' title='' data-avia-related-tooltip='Compartir en Twitter' rel=\"noopener\"><span class='avia_hidden_link_text'>Compartir en Twitter<\/span><\/a><\/li><li class='av-share-link av-social-link-whatsapp' ><a target=\"_blank\" aria-label=\"Compartir en Whatsapp\" href='https:\/\/api.whatsapp.com\/send?text=https:\/\/radiorevelacionfm.cl\/?p=50845' aria-hidden='false' data-av_icon='\uf232' data-av_iconfont='entypo-fontello' title='' data-avia-related-tooltip='Compartir en Whatsapp' rel=\"noopener\"><span class='avia_hidden_link_text'>Compartir en Whatsapp<\/span><\/a><\/li><li class='av-share-link av-social-link-linkedin' ><a target=\"_blank\" aria-label=\"Compartir en LinkedIn\" href='https:\/\/linkedin.com\/shareArticle?mini=true&#038;title=Gobierno%20realiz%C3%B3%20lanzamiento%20del%20Programa%20Regular%20de%20Ayudas%20T%C3%A9cnicas%202025%20para%20Personas%20con%20Discapacidad&#038;url=https:\/\/radiorevelacionfm.cl\/?p=50845' aria-hidden='false' data-av_icon='\ue8fc' data-av_iconfont='entypo-fontello' title='' data-avia-related-tooltip='Compartir en LinkedIn' rel=\"noopener\"><span class='avia_hidden_link_text'>Compartir en LinkedIn<\/span><\/a><\/li><li class='av-share-link av-social-link-mail' ><a  aria-label=\"Compartir por correo\" href='mailto:?subject=Gobierno%20realiz%C3%B3%20lanzamiento%20del%20Programa%20Regular%20de%20Ayudas%20T%C3%A9cnicas%202025%20para%20Personas%20con%20Discapacidad&#038;body=https:\/\/radiorevelacionfm.cl\/?p=50845' aria-hidden='false' data-av_icon='\ue805' data-av_iconfont='entypo-fontello' title='' data-avia-related-tooltip='Compartir por correo'><span class='avia_hidden_link_text'>Compartir por correo<\/span><\/a><\/li><\/ul><\/div><\/div>\n<div  style='height:50px' class='hr hr-invisible   avia-builder-el-8  el_after_av_social_share  el_before_av_comments_list '><span class='hr-inner ' ><span class='hr-inner-style'><\/span><\/span><\/div>\n<div  class='av-buildercomment  av-blog-meta-html-info-disabled av-blog-meta-tag-disabled  '><\/div>\n","protected":false},"excerpt":{"rendered":"","protected":false},"author":1,"featured_media":50846,"comment_status":"open","ping_status":"open","sticky":false,"template":"","format":"standard","meta":{"footnotes":""},"categories":[38],"tags":[],"class_list":["post-50845","post","type-post","status-publish","format-standard","has-post-thumbnail","hentry","category-regional"],"jetpack_featured_media_url":"https:\/\/radiorevelacionfm.cl\/wp-content\/uploads\/2025\/02\/Senadis2-3-1-1.jpeg","_links":{"self":[{"href":"https:\/\/radiorevelacionfm.cl\/index.php?rest_route=\/wp\/v2\/posts\/50845","targetHints":{"allow":["GET"]}}],"collection":[{"href":"https:\/\/radiorevelacionfm.cl\/index.php?rest_route=\/wp\/v2\/posts"}],"about":[{"href":"https:\/\/radiorevelacionfm.cl\/index.php?rest_route=\/wp\/v2\/types\/post"}],"author":[{"embeddable":true,"href":"https:\/\/radiorevelacionfm.cl\/index.php?rest_route=\/wp\/v2\/users\/1"}],"replies":[{"embeddable":true,"href":"https:\/\/radiorevelacionfm.cl\/index.php?rest_route=%2Fwp%2Fv2%2Fcomments&post=50845"}],"version-history":[{"count":1,"href":"https:\/\/radiorevelacionfm.cl\/index.php?rest_route=\/wp\/v2\/posts\/50845\/revisions"}],"predecessor-version":[{"id":50847,"href":"https:\/\/radiorevelacionfm.cl\/index.php?rest_route=\/wp\/v2\/posts\/50845\/revisions\/50847"}],"wp:featuredmedia":[{"embeddable":true,"href":"https:\/\/radiorevelacionfm.cl\/index.php?rest_route=\/wp\/v2\/media\/50846"}],"wp:attachment":[{"href":"https:\/\/radiorevelacionfm.cl\/index.php?rest_route=%2Fwp%2Fv2%2Fmedia&parent=50845"}],"wp:term":[{"taxonomy":"category","embeddable":true,"href":"https:\/\/radiorevelacionfm.cl\/index.php?rest_route=%2Fwp%2Fv2%2Fcategories&post=50845"},{"taxonomy":"post_tag","embeddable":true,"href":"https:\/\/radiorevelacionfm.cl\/index.php?rest_route=%2Fwp%2Fv2%2Ftags&post=50845"}],"curies":[{"name":"wp","href":"https:\/\/api.w.org\/{rel}","templated":true}]}}