{"id":50842,"date":"2025-02-23T22:05:45","date_gmt":"2025-02-24T01:05:45","guid":{"rendered":"https:\/\/radiorevelacionfm.cl\/?p=50842"},"modified":"2025-02-23T22:05:45","modified_gmt":"2025-02-24T01:05:45","slug":"mas-de-17-mil-estudiantes-de-la-region-de-aysen-vuelven-a-clases-el-lunes-3-de-marzo","status":"publish","type":"post","link":"https:\/\/radiorevelacionfm.cl\/?p=50842","title":{"rendered":"M\u00e1s de 17 mil estudiantes de la Regi\u00f3n de Ays\u00e9n vuelven a clases el lunes 3 de Marzo"},"content":{"rendered":"<div class=\"flex_column av_one_full  flex_column_div av-zero-column-padding first  avia-builder-el-0  el_before_av_one_full  avia-builder-el-first  \" style='border-radius:0px; '><div  class='avia-image-container  av-styling-    avia-builder-el-1  avia-builder-el-no-sibling  avia-align-center '  itemprop=\"image\" itemscope=\"itemscope\" itemtype=\"https:\/\/schema.org\/ImageObject\"  ><div class='avia-image-container-inner'><div class='avia-image-overlay-wrap'><img decoding=\"async\" class='wp-image-50843 avia-img-lazy-loading-not-50843 avia_image' src=\"https:\/\/radiorevelacionfm.cl\/wp-content\/uploads\/2025\/02\/Inicio-ano-escolar-Archivo-1-1.jpg\" alt='' title='Inicio a\u00f1o escolar (Archivo) (1) (1)' height=\"600\" width=\"1067\"  itemprop=\"thumbnailUrl\" srcset=\"https:\/\/radiorevelacionfm.cl\/wp-content\/uploads\/2025\/02\/Inicio-ano-escolar-Archivo-1-1.jpg 1067w, https:\/\/radiorevelacionfm.cl\/wp-content\/uploads\/2025\/02\/Inicio-ano-escolar-Archivo-1-1-300x169.jpg 300w, https:\/\/radiorevelacionfm.cl\/wp-content\/uploads\/2025\/02\/Inicio-ano-escolar-Archivo-1-1-1030x579.jpg 1030w, https:\/\/radiorevelacionfm.cl\/wp-content\/uploads\/2025\/02\/Inicio-ano-escolar-Archivo-1-1-768x432.jpg 768w, https:\/\/radiorevelacionfm.cl\/wp-content\/uploads\/2025\/02\/Inicio-ano-escolar-Archivo-1-1-705x396.jpg 705w, https:\/\/radiorevelacionfm.cl\/wp-content\/uploads\/2025\/02\/Inicio-ano-escolar-Archivo-1-1-450x253.jpg 450w, https:\/\/radiorevelacionfm.cl\/wp-content\/uploads\/2025\/02\/Inicio-ano-escolar-Archivo-1-1-600x337.jpg 600w\" sizes=\"(max-width: 1067px) 100vw, 1067px\" \/><\/div><\/div><\/div><\/div><div class=\"flex_column av_one_full  flex_column_div av-zero-column-padding first  avia-builder-el-2  el_after_av_one_full  el_before_av_one_full  column-top-margin\" style='border-radius:0px; '><section class=\"av_textblock_section \"  itemscope=\"itemscope\" itemtype=\"https:\/\/schema.org\/BlogPosting\" itemprop=\"blogPost\" ><div class='avia_textblock  '   itemprop=\"text\" ><p style=\"text-align: center;\"><span style=\"font-size: 18pt;\"><b>M\u00e1s de 17 mil estudiantes de la Regi\u00f3n de Ays\u00e9n vuelven a clases el lunes 3 de Marzo<\/b><\/span><\/p>\n<div id=\"gtx-trans\" style=\"position: absolute; left: -50px; top: 4.31534px;\">\n<div class=\"gtx-trans-icon\"><\/div>\n<\/div>\n<\/div><\/section><\/div><div class=\"flex_column av_one_full  flex_column_div av-zero-column-padding first  avia-builder-el-4  el_after_av_one_full  el_before_av_hr  column-top-margin\" style='border-radius:0px; '><section class=\"av_textblock_section \"  itemscope=\"itemscope\" itemtype=\"https:\/\/schema.org\/BlogPosting\" itemprop=\"blogPost\" ><div class='avia_textblock  '   itemprop=\"text\" ><p class=\"v1MsoNormal\" style=\"text-align: justify;\" align=\"center\"><em>En tanto, 12 establecimientos han solicitado iniciar clases a contar del lunes 24 de febrero.<\/em><\/p>\n<p class=\"v1MsoNormal\" style=\"text-align: justify;\">La Secretaria Regional Ministerial de Educaci\u00f3n de Ays\u00e9n, Isabel Garrido Casassa, inform\u00f3 que, mediante la Resoluci\u00f3n Exenta N\u00b0 612 de fecha 13 de diciembre de 2024, emitida por esta Secretar\u00eda Regional Ministerial, se aprob\u00f3 el \u00abCalendario Escolar 2025\u00bb, para la Regi\u00f3n de Ays\u00e9n, el cual en su articulo 3\u00b0 fija la fecha de inicio del a\u00f1o escolar para el d\u00eda jueves 27 de febrero para docentes, y el inicio del a\u00f1o lectivo para el d\u00eda lunes 3 de marzo para estudiantes, tanto para aquellos establecimientos que imparten el r\u00e9gimen semestral como trimestral.<\/p>\n<p class=\"v1MsoNormal\" style=\"text-align: justify;\">De los 22.346 estudiantes matriculados en educaci\u00f3n b\u00e1sica y media, el lunes 03 de marzo retornan a clases 17.252. En tanto 5.094 estudiantes de 12 establecimientos educacionales inician su a\u00f1o lectivo a partir del lunes 24 de febrero.<\/p>\n<p class=\"v1MsoNormal\" style=\"text-align: justify;\">La Regi\u00f3n de Ays\u00e9n es la primera en ingresar a clases en todo el pa\u00eds, decisi\u00f3n que se tom\u00f3 considerando la realidad particular del territorio. \u00abNuestro calendario escolar responde a la situaci\u00f3n espec\u00edfica de nuestro clima extremo, partiendo porque tenemos tres semanas de vacaciones de invierno, en vez de dos como el resto del pa\u00eds. Ello implica que debemos alargar nuestro a\u00f1o lectivo, ya que para resguardar la equidad en los aprendizajes todos los ni\u00f1os y ni\u00f1as del pa\u00eds tienen la misma cantidad de semanas de clases; entonces, la decisi\u00f3n est\u00e1 en cu\u00e1ndo recuperar, si al final de a\u00f1o cuando suele existir cansancio y menor atenci\u00f3n, o al inicio del per\u00edodo escolar\u00bb.<\/p>\n<p class=\"v1MsoNormal\" style=\"text-align: justify;\">Junto con ello, la autoridad sectorial afirm\u00f3 que para elaborar el calendario regional se solicit\u00f3 la opini\u00f3n t\u00e9cnica de los Ministerios de Salud y Medio Ambiente para definir el per\u00edodo de vacaciones de invierno, que ser\u00e1 en julio y no en junio como el resto del pa\u00eds. Al respecto, la SEREMI de Salud emiti\u00f3 un detallado informe que respald\u00f3 esta medida, el que concluye que el comportamiento epidemiol\u00f3gico y clim\u00e1tico de la regi\u00f3n es distinto al resto del pa\u00eds, ya que el per\u00edodo con m\u00e1s contagios es en julio, que tambi\u00e9n coincide con el mes m\u00e1s fr\u00edo y con mayor contaminaci\u00f3n de material particulado.<\/p>\n<p class=\"v1MsoNormal\" style=\"text-align: justify;\">Isabel Garrido se\u00f1al\u00f3 que esta decisi\u00f3n est\u00e1 orientada a garantizar que las y los estudiantes de la regi\u00f3n cuenten con una educaci\u00f3n de calidad, sin interrupciones ni p\u00e9rdidas de aprendizaje, contribuyendo as\u00ed al fortalecimiento de sus trayectorias educativas, desaf\u00edos presentes en la Pol\u00edtica de Reactivaci\u00f3n Educativa.<\/p>\n<p class=\"v1MsoNormal\" style=\"text-align: justify;\">Los establecimientos tienen la posibilidad de solicitar modificaciones del calendario escolar seg\u00fan su realidad espec\u00edfica. \u00abHay que recordar que las solicitudes de modificaci\u00f3n del calendario escolar las realizan los sostenedores durante el mes de enero de cada a\u00f1o. Esta facultad le permite a los establecimientos modificar la fecha de inicio del a\u00f1o acad\u00e9mico,\u00a0 solicitar interferiados, entre otros, siempre resguardando que se cumpla el total de horas de clases que establece la norma\u00bb. En ese sentido, la titular de Educaci\u00f3n en la regi\u00f3n inform\u00f3 que 12 establecimientos de la regi\u00f3n adelantaron el inicio del a\u00f1o acad\u00e9mico la \u00faltima semana de febrero, y 2 postergaron el ingreso para el 5 de marzo. Para conocer las fechas de cada caso se debe consultar a trav\u00e9s de los canales de comunicaci\u00f3n formales del establecimiento.<\/p>\n<\/div><\/section><\/div><div  style='height:50px' class='hr hr-invisible   avia-builder-el-6  el_after_av_one_full  el_before_av_social_share '><span class='hr-inner ' ><span class='hr-inner-style'><\/span><\/span><\/div><\/p>\n<div  class='av-social-sharing-box  avia-builder-el-7  el_after_av_hr  el_before_av_hr  '><div class='av-share-box'><h5 class='av-share-link-description av-no-toc '>Compartir esta noticia<\/h5><ul class='av-share-box-list noLightbox'><li class='av-share-link av-social-link-facebook' ><a target=\"_blank\" aria-label=\"Compartir en Facebook\" href='https:\/\/www.facebook.com\/sharer.php?u=https:\/\/radiorevelacionfm.cl\/?p=50842&#038;t=M%C3%A1s%20de%2017%20mil%20estudiantes%20de%20la%20Regi%C3%B3n%20de%20Ays%C3%A9n%20vuelven%20a%20clases%20el%20lunes%203%20de%20Marzo' aria-hidden='false' data-av_icon='\ue8f3' data-av_iconfont='entypo-fontello' title='' data-avia-related-tooltip='Compartir en Facebook' rel=\"noopener\"><span class='avia_hidden_link_text'>Compartir en Facebook<\/span><\/a><\/li><li class='av-share-link av-social-link-twitter' ><a target=\"_blank\" aria-label=\"Compartir en Twitter\" href='https:\/\/twitter.com\/share?text=M%C3%A1s%20de%2017%20mil%20estudiantes%20de%20la%20Regi%C3%B3n%20de%20Ays%C3%A9n%20vuelven%20a%20clases%20el%20lunes%203%20de%20Marzo&#038;url=https:\/\/radiorevelacionfm.cl\/?p=50842' aria-hidden='false' data-av_icon='\ue8f1' data-av_iconfont='entypo-fontello' title='' data-avia-related-tooltip='Compartir en Twitter' rel=\"noopener\"><span class='avia_hidden_link_text'>Compartir en Twitter<\/span><\/a><\/li><li class='av-share-link av-social-link-whatsapp' ><a target=\"_blank\" aria-label=\"Compartir en Whatsapp\" href='https:\/\/api.whatsapp.com\/send?text=https:\/\/radiorevelacionfm.cl\/?p=50842' aria-hidden='false' data-av_icon='\uf232' data-av_iconfont='entypo-fontello' title='' data-avia-related-tooltip='Compartir en Whatsapp' rel=\"noopener\"><span class='avia_hidden_link_text'>Compartir en Whatsapp<\/span><\/a><\/li><li class='av-share-link av-social-link-linkedin' ><a target=\"_blank\" aria-label=\"Compartir en LinkedIn\" href='https:\/\/linkedin.com\/shareArticle?mini=true&#038;title=M%C3%A1s%20de%2017%20mil%20estudiantes%20de%20la%20Regi%C3%B3n%20de%20Ays%C3%A9n%20vuelven%20a%20clases%20el%20lunes%203%20de%20Marzo&#038;url=https:\/\/radiorevelacionfm.cl\/?p=50842' aria-hidden='false' data-av_icon='\ue8fc' data-av_iconfont='entypo-fontello' title='' data-avia-related-tooltip='Compartir en LinkedIn' rel=\"noopener\"><span class='avia_hidden_link_text'>Compartir en LinkedIn<\/span><\/a><\/li><li class='av-share-link av-social-link-mail' ><a  aria-label=\"Compartir por correo\" href='mailto:?subject=M%C3%A1s%20de%2017%20mil%20estudiantes%20de%20la%20Regi%C3%B3n%20de%20Ays%C3%A9n%20vuelven%20a%20clases%20el%20lunes%203%20de%20Marzo&#038;body=https:\/\/radiorevelacionfm.cl\/?p=50842' aria-hidden='false' data-av_icon='\ue805' data-av_iconfont='entypo-fontello' title='' data-avia-related-tooltip='Compartir por correo'><span class='avia_hidden_link_text'>Compartir por correo<\/span><\/a><\/li><\/ul><\/div><\/div>\n<div  style='height:50px' class='hr hr-invisible   avia-builder-el-8  el_after_av_social_share  el_before_av_comments_list '><span class='hr-inner ' ><span class='hr-inner-style'><\/span><\/span><\/div>\n<div  class='av-buildercomment  av-blog-meta-html-info-disabled av-blog-meta-tag-disabled  '><\/div>\n","protected":false},"excerpt":{"rendered":"","protected":false},"author":1,"featured_media":50843,"comment_status":"open","ping_status":"open","sticky":false,"template":"","format":"standard","meta":{"footnotes":""},"categories":[49],"tags":[],"class_list":["post-50842","post","type-post","status-publish","format-standard","has-post-thumbnail","hentry","category-educacion"],"jetpack_featured_media_url":"https:\/\/radiorevelacionfm.cl\/wp-content\/uploads\/2025\/02\/Inicio-ano-escolar-Archivo-1-1.jpg","_links":{"self":[{"href":"https:\/\/radiorevelacionfm.cl\/index.php?rest_route=\/wp\/v2\/posts\/50842","targetHints":{"allow":["GET"]}}],"collection":[{"href":"https:\/\/radiorevelacionfm.cl\/index.php?rest_route=\/wp\/v2\/posts"}],"about":[{"href":"https:\/\/radiorevelacionfm.cl\/index.php?rest_route=\/wp\/v2\/types\/post"}],"author":[{"embeddable":true,"href":"https:\/\/radiorevelacionfm.cl\/index.php?rest_route=\/wp\/v2\/users\/1"}],"replies":[{"embeddable":true,"href":"https:\/\/radiorevelacionfm.cl\/index.php?rest_route=%2Fwp%2Fv2%2Fcomments&post=50842"}],"version-history":[{"count":1,"href":"https:\/\/radiorevelacionfm.cl\/index.php?rest_route=\/wp\/v2\/posts\/50842\/revisions"}],"predecessor-version":[{"id":50844,"href":"https:\/\/radiorevelacionfm.cl\/index.php?rest_route=\/wp\/v2\/posts\/50842\/revisions\/50844"}],"wp:featuredmedia":[{"embeddable":true,"href":"https:\/\/radiorevelacionfm.cl\/index.php?rest_route=\/wp\/v2\/media\/50843"}],"wp:attachment":[{"href":"https:\/\/radiorevelacionfm.cl\/index.php?rest_route=%2Fwp%2Fv2%2Fmedia&parent=50842"}],"wp:term":[{"taxonomy":"category","embeddable":true,"href":"https:\/\/radiorevelacionfm.cl\/index.php?rest_route=%2Fwp%2Fv2%2Fcategories&post=50842"},{"taxonomy":"post_tag","embeddable":true,"href":"https:\/\/radiorevelacionfm.cl\/index.php?rest_route=%2Fwp%2Fv2%2Ftags&post=50842"}],"curies":[{"name":"wp","href":"https:\/\/api.w.org\/{rel}","templated":true}]}}