{"id":50839,"date":"2025-02-23T21:55:11","date_gmt":"2025-02-24T00:55:11","guid":{"rendered":"https:\/\/radiorevelacionfm.cl\/?p=50839"},"modified":"2025-02-23T21:55:11","modified_gmt":"2025-02-24T00:55:11","slug":"inauguran-postas-de-salud-rural-en-puerto-guadal-y-villa-la-tapera-y-refuerzan-estrategia-para-reducir-tiempos-de-espera-en-aysen","status":"publish","type":"post","link":"https:\/\/radiorevelacionfm.cl\/?p=50839","title":{"rendered":"Inauguran Postas de Salud Rural en Puerto Guadal y Villa La Tapera y refuerzan estrategia para reducir tiempos de espera en Ays\u00e9n"},"content":{"rendered":"<div class=\"flex_column av_one_full  flex_column_div av-zero-column-padding first  avia-builder-el-0  el_before_av_one_full  avia-builder-el-first  \" style='border-radius:0px; '><div  class='avia-image-container  av-styling-    avia-builder-el-1  avia-builder-el-no-sibling  avia-align-center '  itemprop=\"image\" itemscope=\"itemscope\" itemtype=\"https:\/\/schema.org\/ImageObject\"  ><div class='avia-image-container-inner'><div class='avia-image-overlay-wrap'><img decoding=\"async\" class='wp-image-50840 avia-img-lazy-loading-not-50840 avia_image' src=\"https:\/\/radiorevelacionfm.cl\/wp-content\/uploads\/2025\/02\/VISITA-SUBSECRETARIA-12-1-1.jpeg\" alt='' title='VISITA SUBSECRETARIA (12) (1) (1)' height=\"600\" width=\"800\"  itemprop=\"thumbnailUrl\" srcset=\"https:\/\/radiorevelacionfm.cl\/wp-content\/uploads\/2025\/02\/VISITA-SUBSECRETARIA-12-1-1.jpeg 800w, https:\/\/radiorevelacionfm.cl\/wp-content\/uploads\/2025\/02\/VISITA-SUBSECRETARIA-12-1-1-300x225.jpeg 300w, https:\/\/radiorevelacionfm.cl\/wp-content\/uploads\/2025\/02\/VISITA-SUBSECRETARIA-12-1-1-768x576.jpeg 768w, https:\/\/radiorevelacionfm.cl\/wp-content\/uploads\/2025\/02\/VISITA-SUBSECRETARIA-12-1-1-705x529.jpeg 705w, https:\/\/radiorevelacionfm.cl\/wp-content\/uploads\/2025\/02\/VISITA-SUBSECRETARIA-12-1-1-450x338.jpeg 450w, https:\/\/radiorevelacionfm.cl\/wp-content\/uploads\/2025\/02\/VISITA-SUBSECRETARIA-12-1-1-600x450.jpeg 600w\" sizes=\"(max-width: 800px) 100vw, 800px\" \/><\/div><\/div><\/div><\/div><div class=\"flex_column av_one_full  flex_column_div av-zero-column-padding first  avia-builder-el-2  el_after_av_one_full  el_before_av_one_full  column-top-margin\" style='border-radius:0px; '><section class=\"av_textblock_section \"  itemscope=\"itemscope\" itemtype=\"https:\/\/schema.org\/BlogPosting\" itemprop=\"blogPost\" ><div class='avia_textblock  '   itemprop=\"text\" ><p style=\"text-align: center;\"><strong><span style=\"font-size: 18pt;\">Inauguran Postas de Salud Rural en Puerto Guadal y Villa La Tapera y refuerzan estrategia para reducir tiempos de espera en Ays\u00e9n<\/span><\/strong><\/p>\n<div id=\"gtx-trans\" style=\"position: absolute; left: -50px; top: 4.31534px;\">\n<div class=\"gtx-trans-icon\"><\/div>\n<\/div>\n<\/div><\/section><\/div><div class=\"flex_column av_one_full  flex_column_div av-zero-column-padding first  avia-builder-el-4  el_after_av_one_full  el_before_av_hr  column-top-margin\" style='border-radius:0px; '><section class=\"av_textblock_section \"  itemscope=\"itemscope\" itemtype=\"https:\/\/schema.org\/BlogPosting\" itemprop=\"blogPost\" ><div class='avia_textblock  '   itemprop=\"text\" ><p class=\"v1MsoNormal\" style=\"text-align: justify;\">En el marco del fortalecimiento de la red asistencial en la Regi\u00f3n de Ays\u00e9n, la Subsecretaria (s) de Redes Asistenciales, Carmen Aravena, realiz\u00f3 una visita a la zona para inaugurar dos nuevas Postas de Salud Rural en Puerto Guadal y Villa La Tapera, recorrer el nuevo Centro Comunitario de Salud Mental (COSAM) de Puerto Ays\u00e9n y supervisar el plan de reducci\u00f3n de tiempos de espera en el Hospital de Ays\u00e9n.<\/p>\n<p class=\"v1MsoNormal\" style=\"text-align: justify;\"><b>Inauguraci\u00f3n de Postas de Salud Rurales<\/b><\/p>\n<p class=\"v1MsoNormal\" style=\"text-align: justify;\">Durante su visita, la autoridad sanitaria, junto al Servicio de Salud y la Seremi de la regi\u00f3n, inaugur\u00f3 la Posta Rural de Villa La Tapera. Este nuevo recinto cuenta con box m\u00e9dico, de enfermer\u00eda, odontol\u00f3gico y matronil, adem\u00e1s de farmacia y bodega de alimentos complementarios. Tambi\u00e9n ofrece campa\u00f1as de vacunaci\u00f3n, ex\u00e1menes coordinados con el Hospital de Puerto Cisnes y atenci\u00f3n de urgencia con apoyo de teleconsulta.<\/p>\n<p class=\"v1MsoNormal\" style=\"text-align: justify;\">Asimismo, se inaugur\u00f3 la nueva Posta de Salud Rural (PSR) de Puerto Guadal, destinada a mejorar la atenci\u00f3n de los 571 habitantes de la zona. Su infraestructura incluye box dental, salas multiprop\u00f3sito, box gineco-obst\u00e9trico, sala de espera, botiqu\u00edn, despacho de alimentos y vivienda para el personal.<\/p>\n<p class=\"v1MsoNormal\" style=\"text-align: justify;\">Con la inauguraci\u00f3n de estas postas, la Subsecretar\u00eda (s) de Redes Asistenciales, Carmen Aravena, destac\u00f3 que \u00abestamos dando pasos importantes hacia la equidad en salud en la regi\u00f3n de Ays\u00e9n. Queremos entregar atenci\u00f3n de calidad a quienes viven en los rincones m\u00e1s alejados de nuestro pa\u00eds, donde la prevenci\u00f3n y promoci\u00f3n de la salud son esenciales para mejorar la calidad de vida de las personas\u00bb.<\/p>\n<p class=\"v1MsoNormal\" style=\"text-align: justify;\">Por su parte, el director del Servicio de Salud Ays\u00e9n, Juan Pablo Bravo, asegur\u00f3 que \u00aben los \u00faltimos dos a\u00f1os, hemos inaugurado cuatro postas rurales y tenemos una m\u00e1s en camino, cada una con m\u00e1s de 1.000 millones de pesos de inversi\u00f3n, financiadas por el Gobierno Regional\u00bb, destacando adem\u00e1s que \u00abhemos impulsado obras de conservaci\u00f3n en postas y CESFAM, la compra de equipamiento para la UPC pedi\u00e1trica transitoria del Hospital Regional Coyhaique y proyectos estrat\u00e9gicos como el Angi\u00f3grafo y el nuevo Hospital de Chile Chico\u00bb.<\/p>\n<p class=\"v1MsoNormal\" style=\"text-align: justify;\">Ambos proyectos forman parte del Plan Especial de Desarrollo de Zonas Extremas (PEDZE) y el Convenio de Programaci\u00f3n entre el Ministerio de Salud y el Gobierno Regional de Ays\u00e9n.<\/p>\n<p class=\"v1MsoNormal\" style=\"text-align: justify;\">Laura Veroiza Henr\u00edquez, presidenta del CODELO de la Posta de Puerto Guadal, se\u00f1al\u00f3 que \u00abhemos llegado a culminar algo tan hermoso como es la entrega de nuestra nueva Posta de Salud que hac\u00eda mucha falta por la comodidad para las personas que se atienden que no vienen de vacaciones, sino por problemas de salud y agradezco a todos y cada uno de los que empujaron esta carreta para ver coronadas estas lindas obras\u00bb.<\/p>\n<p class=\"v1MsoNormal\" style=\"text-align: justify;\">Por su parte Carmen Hern\u00e1ndez, presidenta de la Junta de Vecinos de La Tapera, agreg\u00f3 que \u00abera algo que est\u00e1bamos esperando hace mucho tiempo. Esta nueva infraestructura viene a renovar la calidad de vida de los habitantes de Villa La Tapera y como se habl\u00f3 hay mucha poblaci\u00f3n adulta mayor y es a ellos que tenemos que apoyarlos\u00bb.<\/p>\n<p class=\"v1MsoNormal\" style=\"text-align: justify;\">Para el Gobierno del Presidente Gabriel Boric el acceso a la salud es un derecho y por ello el Estado debe garantizar en todo el territorio nacional, incluyendo los territorios m\u00e1s apartados del pa\u00eds.<\/p>\n<p class=\"v1MsoNormal\" style=\"text-align: justify;\">La posta de Guadal Bernardita Z\u00fa\u00f1iga Vargas, en honor a una ex funcionaria de ese establecimiento de salud, tiene m\u00e1s de 430 metros cuadrados construidos y sobre 1100 millones de pesos de inversi\u00f3n, para un dispositivo moderno y que cumple las condiciones para operar en la peque\u00f1a localidad lacustre.<\/p>\n<p class=\"v1MsoNormal\" style=\"text-align: justify;\">Cabe se\u00f1alar que en 2024 se llev\u00f3 a cabo un proceso de participaci\u00f3n ciudadana en conjunto con el Consejo de Desarrollo Local de la Posta de Salud Rural de Puerto Guadal, con el objetivo de cambiar el nombre del establecimiento. Como resultado, se estableci\u00f3 el nombre de la exfuncionaria y param\u00e9dico Bernardita Z\u00fa\u00f1iga Vargas. La votaci\u00f3n cont\u00f3 con la participaci\u00f3n de 93 personas, obteniendo 83 votos a favor.<\/p>\n<p class=\"v1MsoNormal\" style=\"text-align: justify;\">\u00abLa Red Asistencial de salud rural de nuestra regi\u00f3n est\u00e1 realizando la reposici\u00f3n, mejoramiento de pr\u00e1cticamente todas las postas rurales de la regi\u00f3n, estuvimos en Villa O&#8217;Higgins, lo que est\u00e1 pasando en Caleta Andrade, en la parte insular de la regi\u00f3n y vimos el hospital de Chile Chico que est\u00e1 pr\u00f3ximo a inaugurarse, es decir, estamos haciendo un esfuerzo muy grande para independientemente de d\u00f3nde vivan las personas tengan la atenci\u00f3n de salud que se merecen\u00bb, dijo Jorge D\u00edaz Guzm\u00e1n, delegado presidencial regional.<\/p>\n<p class=\"v1MsoNormal\" style=\"text-align: justify;\">\u00abPor lo tanto, inaugurar esta posta es un hito no solamente de satisfacci\u00f3n, de cumplir los compromisos adquiridos, sino que tambi\u00e9n un momento de mucha alegr\u00eda que los pobladores de La Tapera van a tener una atenci\u00f3n digna en el sistema de salud p\u00fablica\u00bb, agreg\u00f3 el delegado presidencial regional.<\/p>\n<p class=\"v1MsoNormal\" style=\"text-align: justify;\">Mientras Marcelo Santana, gobernador de Ays\u00e9n, reafirm\u00f3 el compromiso del gobierno regional para continuar apoyando este tipo de proyectos e iniciativas. \u00abSon justamente los proyectos que tambi\u00e9n queremos impulsar en los pr\u00f3ximos cuatro a\u00f1os y llevar mejor atenci\u00f3n de salud a nuestros vecinos, sobre todo en atenci\u00f3n primaria que se brinda en las decenas de localidades y ciudades de nuestra regi\u00f3n, adem\u00e1s de la atenci\u00f3n m\u00e1s compleja que brinda el Hospital Regional, pero debemos mejorar la atenci\u00f3n primaria de salud, mejorar la infraestructura e ir dotando de profesionales que puedan atender de mejor manera a nuestros vecinos. La regi\u00f3n de Ays\u00e9n necesita mejor salud y por supuesto vamos a estar 100% disponibles como Gobierno Regional a ir avanzando en este tipo de iniciativas\u00bb, expres\u00f3.<\/p>\n<p class=\"v1MsoNormal\" style=\"text-align: justify;\"><b>Centro de Salud Mental Comunitaria (COSAM) de Puerto Ays\u00e9n<\/b><\/p>\n<p class=\"v1MsoNormal\" style=\"text-align: justify;\">Dentro de la agenda, la subsecretaria (s) visit\u00f3 el COSAM de Puerto Ays\u00e9n, un dispositivo clave dentro del plan del Gobierno para fortalecer la salud mental en el pa\u00eds. Este nuevo centro est\u00e1 orientado a la atenci\u00f3n de adultos y tiene capacidad para atender a 30.000 personas de la Red Asistencial territorial.<\/p>\n<p class=\"v1MsoNormal\" style=\"text-align: justify;\">El recinto cuenta con boxes multiprop\u00f3sito, una sala de seguimiento, espacios administrativos y de apoyo, adem\u00e1s de equipamiento para garantizar una atenci\u00f3n integral.<\/p>\n<p class=\"v1MsoNormal\" style=\"text-align: justify;\"><b>Reducci\u00f3n tiempos de espera en el Hospital de Ays\u00e9n<\/b><\/p>\n<p class=\"v1MsoNormal\" style=\"text-align: justify;\">Avanzar en la reducci\u00f3n de los tiempos de espera es uno de los objetivos del Gobierno y el ministerio de salud, es por eso que, durante su visita a la regi\u00f3n del sur, la autoridad sanitaria recorri\u00f3 los pabellones del Hospital de Puerto Ays\u00e9n para revisar la implementaci\u00f3n del plan de expansi\u00f3n de Cirug\u00eda Mayor Ambulatoria (CMA) apoyado por el Gobierno Regional, que tiene como objetivo de alcanzar las 150 cirug\u00edas mensuales en los pr\u00f3ximos dos a\u00f1os.<\/p>\n<p class=\"v1MsoNormal\" style=\"text-align: justify;\">\u00abMe voy enormemente motivada tras conocer de cerca el trabajo y el compromiso del equipo directivo del Hospital de Ays\u00e9n. Las cifras presentadas evidencian un avance significativo en la reducci\u00f3n de los tiempos de espera, un objetivo prioritario para el gobierno y el Ministerio de Salud. Este esfuerzo refleja el compromiso con la mejora continua de la atenci\u00f3n y la calidad de vida de nuestros ciudadanos\u00bb, destac\u00f3 la Subsecretaria (s) de Redes Asistenciales, Carmen Aravena, respecto a este plan de expansi\u00f3n.<\/p>\n<p class=\"v1MsoNormal\" style=\"text-align: justify;\">La estrategia incluye la habilitaci\u00f3n de nuevos pabellones, ampliaci\u00f3n de horarios para CMA y la realizaci\u00f3n de cirug\u00edas en horario inh\u00e1bil, con financiamiento del Gobierno Regional. Adem\u00e1s, se priorizar\u00e1n cirug\u00edas como cataratas e intervenciones pedi\u00e1tricas, lo que permitir\u00e1 descongestionar la red y avanzar en la reducci\u00f3n de los tiempos de espera.<\/p>\n<\/div><\/section><\/div><div  style='height:50px' class='hr hr-invisible   avia-builder-el-6  el_after_av_one_full  el_before_av_social_share '><span class='hr-inner ' ><span class='hr-inner-style'><\/span><\/span><\/div><\/p>\n<div  class='av-social-sharing-box  avia-builder-el-7  el_after_av_hr  el_before_av_hr  '><div class='av-share-box'><h5 class='av-share-link-description av-no-toc '>Compartir esta noticia<\/h5><ul class='av-share-box-list noLightbox'><li class='av-share-link av-social-link-facebook' ><a target=\"_blank\" aria-label=\"Compartir en Facebook\" href='https:\/\/www.facebook.com\/sharer.php?u=https:\/\/radiorevelacionfm.cl\/?p=50839&#038;t=Inauguran%20Postas%20de%20Salud%20Rural%20en%20Puerto%20Guadal%20y%20Villa%20La%20Tapera%20y%20refuerzan%20estrategia%20para%20reducir%20tiempos%20de%20espera%20en%20Ays%C3%A9n' aria-hidden='false' data-av_icon='\ue8f3' data-av_iconfont='entypo-fontello' title='' data-avia-related-tooltip='Compartir en Facebook' rel=\"noopener\"><span class='avia_hidden_link_text'>Compartir en Facebook<\/span><\/a><\/li><li class='av-share-link av-social-link-twitter' ><a target=\"_blank\" aria-label=\"Compartir en Twitter\" href='https:\/\/twitter.com\/share?text=Inauguran%20Postas%20de%20Salud%20Rural%20en%20Puerto%20Guadal%20y%20Villa%20La%20Tapera%20y%20refuerzan%20estrategia%20para%20reducir%20tiempos%20de%20espera%20en%20Ays%C3%A9n&#038;url=https:\/\/radiorevelacionfm.cl\/?p=50839' aria-hidden='false' data-av_icon='\ue8f1' data-av_iconfont='entypo-fontello' title='' data-avia-related-tooltip='Compartir en Twitter' rel=\"noopener\"><span class='avia_hidden_link_text'>Compartir en Twitter<\/span><\/a><\/li><li class='av-share-link av-social-link-whatsapp' ><a target=\"_blank\" aria-label=\"Compartir en Whatsapp\" href='https:\/\/api.whatsapp.com\/send?text=https:\/\/radiorevelacionfm.cl\/?p=50839' aria-hidden='false' data-av_icon='\uf232' data-av_iconfont='entypo-fontello' title='' data-avia-related-tooltip='Compartir en Whatsapp' rel=\"noopener\"><span class='avia_hidden_link_text'>Compartir en Whatsapp<\/span><\/a><\/li><li class='av-share-link av-social-link-linkedin' ><a target=\"_blank\" aria-label=\"Compartir en LinkedIn\" href='https:\/\/linkedin.com\/shareArticle?mini=true&#038;title=Inauguran%20Postas%20de%20Salud%20Rural%20en%20Puerto%20Guadal%20y%20Villa%20La%20Tapera%20y%20refuerzan%20estrategia%20para%20reducir%20tiempos%20de%20espera%20en%20Ays%C3%A9n&#038;url=https:\/\/radiorevelacionfm.cl\/?p=50839' aria-hidden='false' data-av_icon='\ue8fc' data-av_iconfont='entypo-fontello' title='' data-avia-related-tooltip='Compartir en LinkedIn' rel=\"noopener\"><span class='avia_hidden_link_text'>Compartir en LinkedIn<\/span><\/a><\/li><li class='av-share-link av-social-link-mail' ><a  aria-label=\"Compartir por correo\" href='mailto:?subject=Inauguran%20Postas%20de%20Salud%20Rural%20en%20Puerto%20Guadal%20y%20Villa%20La%20Tapera%20y%20refuerzan%20estrategia%20para%20reducir%20tiempos%20de%20espera%20en%20Ays%C3%A9n&#038;body=https:\/\/radiorevelacionfm.cl\/?p=50839' aria-hidden='false' data-av_icon='\ue805' data-av_iconfont='entypo-fontello' title='' data-avia-related-tooltip='Compartir por correo'><span class='avia_hidden_link_text'>Compartir por correo<\/span><\/a><\/li><\/ul><\/div><\/div>\n<div  style='height:50px' class='hr hr-invisible   avia-builder-el-8  el_after_av_social_share  el_before_av_comments_list '><span class='hr-inner ' ><span class='hr-inner-style'><\/span><\/span><\/div>\n<div  class='av-buildercomment  av-blog-meta-html-info-disabled av-blog-meta-tag-disabled  '><\/div>\n","protected":false},"excerpt":{"rendered":"","protected":false},"author":1,"featured_media":50840,"comment_status":"open","ping_status":"open","sticky":false,"template":"","format":"standard","meta":{"footnotes":""},"categories":[46],"tags":[],"class_list":["post-50839","post","type-post","status-publish","format-standard","has-post-thumbnail","hentry","category-salud"],"jetpack_featured_media_url":"https:\/\/radiorevelacionfm.cl\/wp-content\/uploads\/2025\/02\/VISITA-SUBSECRETARIA-12-1-1.jpeg","_links":{"self":[{"href":"https:\/\/radiorevelacionfm.cl\/index.php?rest_route=\/wp\/v2\/posts\/50839","targetHints":{"allow":["GET"]}}],"collection":[{"href":"https:\/\/radiorevelacionfm.cl\/index.php?rest_route=\/wp\/v2\/posts"}],"about":[{"href":"https:\/\/radiorevelacionfm.cl\/index.php?rest_route=\/wp\/v2\/types\/post"}],"author":[{"embeddable":true,"href":"https:\/\/radiorevelacionfm.cl\/index.php?rest_route=\/wp\/v2\/users\/1"}],"replies":[{"embeddable":true,"href":"https:\/\/radiorevelacionfm.cl\/index.php?rest_route=%2Fwp%2Fv2%2Fcomments&post=50839"}],"version-history":[{"count":1,"href":"https:\/\/radiorevelacionfm.cl\/index.php?rest_route=\/wp\/v2\/posts\/50839\/revisions"}],"predecessor-version":[{"id":50841,"href":"https:\/\/radiorevelacionfm.cl\/index.php?rest_route=\/wp\/v2\/posts\/50839\/revisions\/50841"}],"wp:featuredmedia":[{"embeddable":true,"href":"https:\/\/radiorevelacionfm.cl\/index.php?rest_route=\/wp\/v2\/media\/50840"}],"wp:attachment":[{"href":"https:\/\/radiorevelacionfm.cl\/index.php?rest_route=%2Fwp%2Fv2%2Fmedia&parent=50839"}],"wp:term":[{"taxonomy":"category","embeddable":true,"href":"https:\/\/radiorevelacionfm.cl\/index.php?rest_route=%2Fwp%2Fv2%2Fcategories&post=50839"},{"taxonomy":"post_tag","embeddable":true,"href":"https:\/\/radiorevelacionfm.cl\/index.php?rest_route=%2Fwp%2Fv2%2Ftags&post=50839"}],"curies":[{"name":"wp","href":"https:\/\/api.w.org\/{rel}","templated":true}]}}