{"id":50835,"date":"2025-02-23T14:31:25","date_gmt":"2025-02-23T17:31:25","guid":{"rendered":"https:\/\/radiorevelacionfm.cl\/?p=50835"},"modified":"2025-02-23T14:31:25","modified_gmt":"2025-02-23T17:31:25","slug":"certificacion-de-chilevalora-a-trabajadores-as-de-la-region-de-aysen-crecio-en-122-en-2024","status":"publish","type":"post","link":"https:\/\/radiorevelacionfm.cl\/?p=50835","title":{"rendered":"Certificaci\u00f3n de ChileValora a trabajadores\/as de la Regi\u00f3n de Ays\u00e9n creci\u00f3 en 122% en 2024"},"content":{"rendered":"<div class=\"flex_column av_one_full  flex_column_div av-zero-column-padding first  avia-builder-el-0  el_before_av_one_full  avia-builder-el-first  \" style='border-radius:0px; '><div  class='avia-image-container  av-styling-    avia-builder-el-1  avia-builder-el-no-sibling  avia-align-center '  itemprop=\"image\" itemscope=\"itemscope\" itemtype=\"https:\/\/schema.org\/ImageObject\"  ><div class='avia-image-container-inner'><div class='avia-image-overlay-wrap'><img decoding=\"async\" class='wp-image-50836 avia-img-lazy-loading-not-50836 avia_image' src=\"https:\/\/radiorevelacionfm.cl\/wp-content\/uploads\/2025\/02\/Balance_2024_ChileValora_DistintosPerfiles-2-1-1.jpg\" alt='' title='Balance_2024_ChileValora_DistintosPerfiles (2) (1) (1)' height=\"600\" width=\"846\"  itemprop=\"thumbnailUrl\" srcset=\"https:\/\/radiorevelacionfm.cl\/wp-content\/uploads\/2025\/02\/Balance_2024_ChileValora_DistintosPerfiles-2-1-1.jpg 846w, https:\/\/radiorevelacionfm.cl\/wp-content\/uploads\/2025\/02\/Balance_2024_ChileValora_DistintosPerfiles-2-1-1-300x213.jpg 300w, https:\/\/radiorevelacionfm.cl\/wp-content\/uploads\/2025\/02\/Balance_2024_ChileValora_DistintosPerfiles-2-1-1-768x545.jpg 768w, https:\/\/radiorevelacionfm.cl\/wp-content\/uploads\/2025\/02\/Balance_2024_ChileValora_DistintosPerfiles-2-1-1-260x185.jpg 260w, https:\/\/radiorevelacionfm.cl\/wp-content\/uploads\/2025\/02\/Balance_2024_ChileValora_DistintosPerfiles-2-1-1-705x500.jpg 705w, https:\/\/radiorevelacionfm.cl\/wp-content\/uploads\/2025\/02\/Balance_2024_ChileValora_DistintosPerfiles-2-1-1-450x319.jpg 450w, https:\/\/radiorevelacionfm.cl\/wp-content\/uploads\/2025\/02\/Balance_2024_ChileValora_DistintosPerfiles-2-1-1-600x426.jpg 600w\" sizes=\"(max-width: 846px) 100vw, 846px\" \/><\/div><\/div><\/div><\/div><div class=\"flex_column av_one_full  flex_column_div av-zero-column-padding first  avia-builder-el-2  el_after_av_one_full  el_before_av_one_full  column-top-margin\" style='border-radius:0px; '><section class=\"av_textblock_section \"  itemscope=\"itemscope\" itemtype=\"https:\/\/schema.org\/BlogPosting\" itemprop=\"blogPost\" ><div class='avia_textblock  '   itemprop=\"text\" ><p style=\"text-align: center;\"><span style=\"font-size: 18pt;\"><b>Certificaci\u00f3n de ChileValora a trabajadores\/as de la Regi\u00f3n de Ays\u00e9n creci\u00f3 en 122% en 2024<\/b><\/span><\/p>\n<div id=\"gtx-trans\" style=\"position: absolute; left: -50px; top: 4.31534px;\">\n<div class=\"gtx-trans-icon\"><\/div>\n<\/div>\n<\/div><\/section><\/div><div class=\"flex_column av_one_full  flex_column_div av-zero-column-padding first  avia-builder-el-4  el_after_av_one_full  el_before_av_hr  column-top-margin\" style='border-radius:0px; '><section class=\"av_textblock_section \"  itemscope=\"itemscope\" itemtype=\"https:\/\/schema.org\/BlogPosting\" itemprop=\"blogPost\" ><div class='avia_textblock  '   itemprop=\"text\" ><p class=\"v1MsoNormal\" style=\"text-align: justify;\">Durante 2024 las certificaciones de competencias laborales que otorga ChileValora aumentaron en 122% respecto del a\u00f1o anterior en la Regi\u00f3n de Ays\u00e9n. En total, fueron 351 personas que el a\u00f1o pasado certificaron sus conocimientos, experiencias y habilidades laborales, favoreciendo su empleabilidad y la productividad de las empresas a las que pertenecen.<\/p>\n<p class=\"v1MsoNormal\" style=\"text-align: justify;\">La Seremi del Trabajo y Previsi\u00f3n Social, Camila Covarrubias, destac\u00f3 el aumento de la cantidad de certificaciones laborales y los \u00e1mbitos de dichos perfiles, \u00abEstamos contentos, porque como Regi\u00f3n de Ays\u00e9n certificamos el a\u00f1o 2024 a 351 personas, de las cuales, el 46% son mujeres, lo cual hay que subrayar ya que cada vez vamos equiparando la brecha en este sentido entre hombres y mujeres. Por otra parte, quiero relevar el gran trabajo realizado por ChileValora, parte de nuestro Ministerio de Trabajo y Previsi\u00f3n Social, reconociendo formalmente la experiencia de las y los trabajadores, adem\u00e1s de la profunda labor que realizaron en la creaci\u00f3n de redes y vinculaci\u00f3n con las empresas, gremios, sindicatos y trabajadores y trabajadoras, para llegar finalmente con la evaluaci\u00f3n y certificaci\u00f3n, entre ellos, quiero destacar el nuevo perfil de operarios rederos, un logro regional desde donde se levant\u00f3 esta competencia para las otras regiones del pa\u00eds, donde tambi\u00e9n la mayor\u00eda son mujeres, al igual que en el perfil de cuidadores y cuidadoras primarios\u00bb.<\/p>\n<p class=\"v1MsoNormal\" style=\"text-align: justify;\">Tal como mencion\u00f3 la Seremi Covarrubias, en materia de perfiles ocupacionales, las certificaciones se concentraron principalmente en Operario\/a Redero\/a (19%), Gu\u00eda de Turismo General (14%), Cuidador\/a Primario\/a (13%), Maestro\/a Carpintero\/a Obra Gruesa (9%), Maestro\/a Enfierrador\/a (8%) e Instalador El\u00e9ctrico Clase D (7%).<\/p>\n<p class=\"v1MsoNormal\" style=\"text-align: justify;\">Asimismo, del total de certificaciones realizadas por ChileValora en la regi\u00f3n, el 46% corresponde a mujeres, quienes mayoritariamente se certificaron en los perfiles de Operario\/a Redero\/a, Gestora de inclusi\u00f3n laboral, Cuidador\/a Primario\/a y Manipulador\/a del Programa de Alimentaci\u00f3n Escolar.<\/p>\n<p class=\"v1MsoNormal\" style=\"text-align: justify;\">La certificaci\u00f3n de competencias laborales es un proceso de verificaci\u00f3n de la experiencia y conocimiento de una persona en determinada labor, donde se le eval\u00faan distintas unidades de competencias presentes en una ocupaci\u00f3n, las que son definidas previa y tripartitamente por un sector productivo y validadas por ChileValora.\u00a0 En rigor, la totalidad de las y los certificados realizan un proceso de evaluaci\u00f3n te\u00f3rico y pr\u00e1ctico, que en promedio dura dos meses y en el que se les reconoce conocimientos, habilidades, destrezas y aptitudes para ejercer en un puesto de trabajo determinado.<\/p>\n<p class=\"v1MsoNormal\" style=\"text-align: justify;\">La directora ejecutiva de ChileValora, Ximena Rivillo, resalt\u00f3 que la certificaci\u00f3n de competencias laborales \u00abbusca reconocer formalmente lo que un trabajador o trabajadora sabe hacer pero que no tiene c\u00f3mo acreditar formalmente ese conocimiento. La evaluaci\u00f3n se realiza en base a un perfil ocupacional que es el est\u00e1ndar que indica cu\u00e1les son las competencias que una persona debe tener para ejercer adecuadamente un oficio u ocupaci\u00f3n. Ese perfil ha sido levantado entre los empleadores, trabajadores y representantes del Estado de Chile de acuerdo al sector productivo, por lo tanto, la certificaci\u00f3n est\u00e1 estrechamente ligada a la productividad y competitividad en las empresas\u00bb.<\/p>\n<p class=\"v1MsoNormal\" style=\"text-align: justify;\"><b>NUEVA LEY DE CHILEVALORA<\/b><\/p>\n<p class=\"v1MsoNormal\" style=\"text-align: justify;\">En abril de 2024, el Presidente Gabriel Boric promulg\u00f3 la nueva ley que moderniza y fortalece a ChileValora (Ley 21.666), luego de la aprobaci\u00f3n un\u00e1nime de esta en todas las etapas de discusi\u00f3n en el Congreso Nacional.<\/p>\n<p class=\"v1MsoNormal\" style=\"text-align: justify;\">Con la entrada en vigencia del nuevo cuerpo legal a partir de enero de este a\u00f1o, este servicio p\u00fablico podr\u00e1 modernizar y fortalecer su estructura en aspectos fundamentales, como contar con presupuesto propio a trav\u00e9s de la Ley de Presupuesto -y no mediante transferencias del Sence y del Mintrab, como oper\u00f3 hasta 2024-, incrementar gradualmente la cobertura nacional de certificaciones trav\u00e9s de la apertura de tres oficinas regionales (Antofagasta, Valpara\u00edso y La Araucan\u00eda), adem\u00e1s de facilitar el uso de franquicias tributarias a las empresas para costear la certificaci\u00f3n de sus trabajadores y trabajadoras. La iniciativa impulsada por el ejecutivo a trav\u00e9s del Ministerio del Trabajo y Previsi\u00f3n Social cont\u00f3 con el apoyo transversal de la CPC, la Conapyme y la CUT.<\/p>\n<p class=\"v1MsoNormal\" style=\"text-align: justify;\">\u00abLa nueva ley de ChileValora permitir\u00e1 impulsar localmente procesos certificaci\u00f3n de competencias laborales, no solo en las tres regiones en las que se instalar\u00e1 una oficina regional, sino que, en cada regi\u00f3n del pa\u00eds, poniendo acento en la pertinencia de las necesidades productivas locales y con ello favorecer la empleabilidad y productividad de cada zona. Porque desde el a\u00f1o 2025 el financiamiento de la instituci\u00f3n ser\u00e1 asignado a trav\u00e9s de la Ley de Presupuesto, lo que permitir\u00e1 otorgar directamente subsidios para la evaluaci\u00f3n y certificaci\u00f3n de competencias laborales a trabajadores independientes, cesantes, grupos de la poblaci\u00f3n sin conocimientos reconocidos para ingresar al mundo laboral, adem\u00e1s de las empresas que no tengan derecho a la franquicia tributaria\u00bb, se\u00f1al\u00f3 Rivillo.<\/p>\n<p class=\"v1MsoNormal\" style=\"text-align: justify;\">Desde su creaci\u00f3n en 2008, ChileValora ha certificado a 2.338 personas en la Regi\u00f3n de Ays\u00e9n en casi 3 mil procesos de evaluaci\u00f3n en sectores econ\u00f3micos como Construcci\u00f3n; Comercio; Gastronom\u00eda, Hoteler\u00eda y Turismo; Transporte y Log\u00edstica; y\/o Administraci\u00f3n P\u00fablica. Mientras que, a nivel nacional, ya son m\u00e1s de 201 mil los certificados en diversos sectores econ\u00f3micos de Chile.<\/p>\n<\/div><\/section><\/div><div  style='height:50px' class='hr hr-invisible   avia-builder-el-6  el_after_av_one_full  el_before_av_social_share '><span class='hr-inner ' ><span class='hr-inner-style'><\/span><\/span><\/div><\/p>\n<div  class='av-social-sharing-box  avia-builder-el-7  el_after_av_hr  el_before_av_hr  '><div class='av-share-box'><h5 class='av-share-link-description av-no-toc '>Compartir esta noticia<\/h5><ul class='av-share-box-list noLightbox'><li class='av-share-link av-social-link-facebook' ><a target=\"_blank\" aria-label=\"Compartir en Facebook\" href='https:\/\/www.facebook.com\/sharer.php?u=https:\/\/radiorevelacionfm.cl\/?p=50835&#038;t=Certificaci%C3%B3n%20de%20ChileValora%20a%20trabajadores%2Fas%20de%20la%20Regi%C3%B3n%20de%20Ays%C3%A9n%20creci%C3%B3%20en%20122%25%20en%202024' aria-hidden='false' data-av_icon='\ue8f3' data-av_iconfont='entypo-fontello' title='' data-avia-related-tooltip='Compartir en Facebook' rel=\"noopener\"><span class='avia_hidden_link_text'>Compartir en Facebook<\/span><\/a><\/li><li class='av-share-link av-social-link-twitter' ><a target=\"_blank\" aria-label=\"Compartir en Twitter\" href='https:\/\/twitter.com\/share?text=Certificaci%C3%B3n%20de%20ChileValora%20a%20trabajadores%2Fas%20de%20la%20Regi%C3%B3n%20de%20Ays%C3%A9n%20creci%C3%B3%20en%20122%25%20en%202024&#038;url=https:\/\/radiorevelacionfm.cl\/?p=50835' aria-hidden='false' data-av_icon='\ue8f1' data-av_iconfont='entypo-fontello' title='' data-avia-related-tooltip='Compartir en Twitter' rel=\"noopener\"><span class='avia_hidden_link_text'>Compartir en Twitter<\/span><\/a><\/li><li class='av-share-link av-social-link-whatsapp' ><a target=\"_blank\" aria-label=\"Compartir en Whatsapp\" href='https:\/\/api.whatsapp.com\/send?text=https:\/\/radiorevelacionfm.cl\/?p=50835' aria-hidden='false' data-av_icon='\uf232' data-av_iconfont='entypo-fontello' title='' data-avia-related-tooltip='Compartir en Whatsapp' rel=\"noopener\"><span class='avia_hidden_link_text'>Compartir en Whatsapp<\/span><\/a><\/li><li class='av-share-link av-social-link-linkedin' ><a target=\"_blank\" aria-label=\"Compartir en LinkedIn\" href='https:\/\/linkedin.com\/shareArticle?mini=true&#038;title=Certificaci%C3%B3n%20de%20ChileValora%20a%20trabajadores%2Fas%20de%20la%20Regi%C3%B3n%20de%20Ays%C3%A9n%20creci%C3%B3%20en%20122%25%20en%202024&#038;url=https:\/\/radiorevelacionfm.cl\/?p=50835' aria-hidden='false' data-av_icon='\ue8fc' data-av_iconfont='entypo-fontello' title='' data-avia-related-tooltip='Compartir en LinkedIn' rel=\"noopener\"><span class='avia_hidden_link_text'>Compartir en LinkedIn<\/span><\/a><\/li><li class='av-share-link av-social-link-mail' ><a  aria-label=\"Compartir por correo\" href='mailto:?subject=Certificaci%C3%B3n%20de%20ChileValora%20a%20trabajadores%2Fas%20de%20la%20Regi%C3%B3n%20de%20Ays%C3%A9n%20creci%C3%B3%20en%20122%25%20en%202024&#038;body=https:\/\/radiorevelacionfm.cl\/?p=50835' aria-hidden='false' data-av_icon='\ue805' data-av_iconfont='entypo-fontello' title='' data-avia-related-tooltip='Compartir por correo'><span class='avia_hidden_link_text'>Compartir por correo<\/span><\/a><\/li><\/ul><\/div><\/div>\n<div  style='height:50px' class='hr hr-invisible   avia-builder-el-8  el_after_av_social_share  el_before_av_comments_list '><span class='hr-inner ' ><span class='hr-inner-style'><\/span><\/span><\/div>\n<div  class='av-buildercomment  av-blog-meta-html-info-disabled av-blog-meta-tag-disabled  '><\/div>\n","protected":false},"excerpt":{"rendered":"","protected":false},"author":1,"featured_media":50836,"comment_status":"open","ping_status":"open","sticky":false,"template":"","format":"standard","meta":{"footnotes":""},"categories":[56],"tags":[],"class_list":["post-50835","post","type-post","status-publish","format-standard","has-post-thumbnail","hentry","category-trabajo"],"jetpack_featured_media_url":"https:\/\/radiorevelacionfm.cl\/wp-content\/uploads\/2025\/02\/Balance_2024_ChileValora_DistintosPerfiles-2-1-1.jpg","_links":{"self":[{"href":"https:\/\/radiorevelacionfm.cl\/index.php?rest_route=\/wp\/v2\/posts\/50835","targetHints":{"allow":["GET"]}}],"collection":[{"href":"https:\/\/radiorevelacionfm.cl\/index.php?rest_route=\/wp\/v2\/posts"}],"about":[{"href":"https:\/\/radiorevelacionfm.cl\/index.php?rest_route=\/wp\/v2\/types\/post"}],"author":[{"embeddable":true,"href":"https:\/\/radiorevelacionfm.cl\/index.php?rest_route=\/wp\/v2\/users\/1"}],"replies":[{"embeddable":true,"href":"https:\/\/radiorevelacionfm.cl\/index.php?rest_route=%2Fwp%2Fv2%2Fcomments&post=50835"}],"version-history":[{"count":1,"href":"https:\/\/radiorevelacionfm.cl\/index.php?rest_route=\/wp\/v2\/posts\/50835\/revisions"}],"predecessor-version":[{"id":50837,"href":"https:\/\/radiorevelacionfm.cl\/index.php?rest_route=\/wp\/v2\/posts\/50835\/revisions\/50837"}],"wp:featuredmedia":[{"embeddable":true,"href":"https:\/\/radiorevelacionfm.cl\/index.php?rest_route=\/wp\/v2\/media\/50836"}],"wp:attachment":[{"href":"https:\/\/radiorevelacionfm.cl\/index.php?rest_route=%2Fwp%2Fv2%2Fmedia&parent=50835"}],"wp:term":[{"taxonomy":"category","embeddable":true,"href":"https:\/\/radiorevelacionfm.cl\/index.php?rest_route=%2Fwp%2Fv2%2Fcategories&post=50835"},{"taxonomy":"post_tag","embeddable":true,"href":"https:\/\/radiorevelacionfm.cl\/index.php?rest_route=%2Fwp%2Fv2%2Ftags&post=50835"}],"curies":[{"name":"wp","href":"https:\/\/api.w.org\/{rel}","templated":true}]}}