{"id":50832,"date":"2025-02-23T14:26:43","date_gmt":"2025-02-23T17:26:43","guid":{"rendered":"https:\/\/radiorevelacionfm.cl\/?p=50832"},"modified":"2025-02-23T14:26:43","modified_gmt":"2025-02-23T17:26:43","slug":"hasta-lago-ohiggins-indap-acompana-a-las-familias-campesinas-de-los-territorios-mas-remotos-de-la-region-de-aysen","status":"publish","type":"post","link":"https:\/\/radiorevelacionfm.cl\/?p=50832","title":{"rendered":"Hasta Lago O\u2019Higgins: Indap acompa\u00f1a a las familias campesinas de los territorios m\u00e1s remotos de la regi\u00f3n de Ays\u00e9n"},"content":{"rendered":"<div class=\"flex_column av_one_full  flex_column_div av-zero-column-padding first  avia-builder-el-0  el_before_av_one_full  avia-builder-el-first  \" style='border-radius:0px; '><div  class='avia-image-container  av-styling-    avia-builder-el-1  avia-builder-el-no-sibling  avia-align-center '  itemprop=\"image\" itemscope=\"itemscope\" itemtype=\"https:\/\/schema.org\/ImageObject\"  ><div class='avia-image-container-inner'><div class='avia-image-overlay-wrap'><img decoding=\"async\" class='wp-image-50833 avia-img-lazy-loading-not-50833 avia_image' src=\"https:\/\/radiorevelacionfm.cl\/wp-content\/uploads\/2025\/02\/ISLA-CENTRAL-1-1.jpeg\" alt='' title='ISLA CENTRAL (1) (1)' height=\"600\" width=\"800\"  itemprop=\"thumbnailUrl\" srcset=\"https:\/\/radiorevelacionfm.cl\/wp-content\/uploads\/2025\/02\/ISLA-CENTRAL-1-1.jpeg 800w, https:\/\/radiorevelacionfm.cl\/wp-content\/uploads\/2025\/02\/ISLA-CENTRAL-1-1-300x225.jpeg 300w, https:\/\/radiorevelacionfm.cl\/wp-content\/uploads\/2025\/02\/ISLA-CENTRAL-1-1-768x576.jpeg 768w, https:\/\/radiorevelacionfm.cl\/wp-content\/uploads\/2025\/02\/ISLA-CENTRAL-1-1-705x529.jpeg 705w, https:\/\/radiorevelacionfm.cl\/wp-content\/uploads\/2025\/02\/ISLA-CENTRAL-1-1-450x338.jpeg 450w, https:\/\/radiorevelacionfm.cl\/wp-content\/uploads\/2025\/02\/ISLA-CENTRAL-1-1-600x450.jpeg 600w\" sizes=\"(max-width: 800px) 100vw, 800px\" \/><\/div><\/div><\/div><\/div>\n<div class=\"flex_column av_one_full  flex_column_div av-zero-column-padding first  avia-builder-el-2  el_after_av_one_full  el_before_av_one_full  column-top-margin\" style='border-radius:0px; '><section class=\"av_textblock_section \"  itemscope=\"itemscope\" itemtype=\"https:\/\/schema.org\/BlogPosting\" itemprop=\"blogPost\" ><div class='avia_textblock  '   itemprop=\"text\" ><p style=\"text-align: center;\"><span style=\"font-size: 18pt;\"><strong>Hasta Lago O\u2019Higgins: Indap acompa\u00f1a a las familias campesinas de los territorios m\u00e1s remotos de la regi\u00f3n de Ays\u00e9n<\/strong><\/span><\/p>\n<div id=\"gtx-trans\" style=\"position: absolute; left: -50px; top: 4.31534px;\">\n<div class=\"gtx-trans-icon\"><\/div>\n<\/div>\n<\/div><\/section><\/div><div class=\"flex_column av_one_full  flex_column_div av-zero-column-padding first  avia-builder-el-4  el_after_av_one_full  el_before_av_hr  column-top-margin\" style='border-radius:0px; '><section class=\"av_textblock_section \"  itemscope=\"itemscope\" itemtype=\"https:\/\/schema.org\/BlogPosting\" itemprop=\"blogPost\" ><div class='avia_textblock  '   itemprop=\"text\" ><p style=\"text-align: justify;\">Con el compromiso de llegar a cada rinc\u00f3n de la regi\u00f3n y acompa\u00f1ar a las familias campesinas que habitan los parajes m\u00e1s extremos de Ays\u00e9n, la directora regional de INDAP del Ministerio de Agricultura, junto a sus equipos t\u00e9cnicos, realiz\u00f3 una intensa visita al sur de la regi\u00f3n hasta Villa O\u2019Higgins y al Lago O\u2019Higgins. Este despliegue territorial reafirma la importancia de la presencia del Estado en sectores apartados, donde la agricultura y las actividades productivas son clave para la soberan\u00eda y el desarrollo local.<\/p>\n<p style=\"text-align: justify;\">\u201cComo instituci\u00f3n estatal, seguiremos haciendo todos nuestros esfuerzos para llegar a cada rinc\u00f3n del territorio, escuchando y apoyando a quienes d\u00eda a d\u00eda trabajan la tierra y aportan a la seguridad alimentaria de nuestra regi\u00f3n\u201d, destac\u00f3 la directora regional de INDAP, Yessica Lagos C\u00e1rdenas. A lo largo de esta traves\u00eda, INDAP sostuvo reuniones estrat\u00e9gicas con actores clave para fortalecer la articulaci\u00f3n institucional en beneficio de los usuarios y usuarias de sus programas. En la Ilustre Municipalidad de O\u2019Higgins, el equipo se reuni\u00f3 con el director de Control, Sina\u00ed Tosso, y posteriormente con el alcalde Jos\u00e9 Claudio Fica G\u00f3mez, en encuentros destinados a coordinar acciones que mejoren el alcance de los programas de apoyo agroalimentario en la comuna.<\/p>\n<p style=\"text-align: justify;\">Adem\u00e1s de estas gestiones, el equipo de INDAP Ays\u00e9n recorri\u00f3 diversos predios, reconociendo la dedicaci\u00f3n y el esfuerzo de cada familia campesina visitada. En un primer encuentro, conocieron el Refugio Las Ra\u00edces, un espacio dise\u00f1ado para recibir ciclistas, construido con esmero por Orlando D\u00edaz y Teresa Hern\u00e1ndez, quienes migraron desde Lago Atravesado en 2020 para emprender una nueva vida a 30 km. de Villa O\u2019Higgins. El segundo d\u00eda del recorrido, el equipo de INDAP naveg\u00f3 por el Lago O\u2019Higgins, visitando a familias que, con esfuerzo y perseverancia, han sacado adelante sus proyectos productivos. En este trayecto, se conoci\u00f3 la realidad de distintos usuarios y usuarias, entre ellos Misael Tisnao, quien ha recibido apoyo de INDAP en diversas iniciativas; Leo Mu\u00f1oz y Ema Mera, una joven pareja que ha construido un refugio gracias al Programa de Turismo Rural del Plan de Rezago; y Ricardo Mansilla y su madre, quienes han consolidado un camping en el sector de Candelario Mansilla.<\/p>\n<p style=\"text-align: justify;\">En la misma l\u00ednea, INDAP visit\u00f3 a Deivis Mansilla y su padre, Luis Mansilla, quienes proyectan mejoras en sus suelos productivos con el apoyo de la instituci\u00f3n.\u00a0\u00a0Finalmente, el recorrido concluy\u00f3 en el predio de Susana Mansilla y su hija, Susana Andrea Arriagada. Esta visita responde a un compromiso asumido por la directora regional de INDAP, para conocer, Isla Central, emprendimiento agrotur\u00edstico que ha recibido el apoyo de INDAP para recibir turistas y voluntarios que colaboran en su proyecto.<\/p>\n<p style=\"text-align: justify;\">Este esfuerzo por llegar hasta los territorios m\u00e1s aislados de Ays\u00e9n refleja el compromiso inquebrantable de INDAP con la agricultura familiar campesina. Sin importar los desaf\u00edos de conectividad y distancia, la instituci\u00f3n sigue avanzando en su labor de apoyar a quienes, con su trabajo, sostienen la soberan\u00eda en la regi\u00f3n y hacen posible que la ruralidad siga viva y en desarrollo.<\/p>\n<\/div><\/section><\/div><\/p>\n<div  style='height:50px' class='hr hr-invisible   avia-builder-el-6  el_after_av_one_full  el_before_av_social_share '><span class='hr-inner ' ><span class='hr-inner-style'><\/span><\/span><\/div>\n<div  class='av-social-sharing-box  avia-builder-el-7  el_after_av_hr  el_before_av_hr  '><div class='av-share-box'><h5 class='av-share-link-description av-no-toc '>Compartir esta noticia<\/h5><ul class='av-share-box-list noLightbox'><li class='av-share-link av-social-link-facebook' ><a target=\"_blank\" aria-label=\"Compartir en Facebook\" href='https:\/\/www.facebook.com\/sharer.php?u=https:\/\/radiorevelacionfm.cl\/?p=50832&#038;t=Hasta%20Lago%20O%E2%80%99Higgins%3A%20Indap%20acompa%C3%B1a%20a%20las%20familias%20campesinas%20de%20los%20territorios%20m%C3%A1s%20remotos%20de%20la%20regi%C3%B3n%20de%20Ays%C3%A9n' aria-hidden='false' data-av_icon='\ue8f3' data-av_iconfont='entypo-fontello' title='' data-avia-related-tooltip='Compartir en Facebook' rel=\"noopener\"><span class='avia_hidden_link_text'>Compartir en Facebook<\/span><\/a><\/li><li class='av-share-link av-social-link-twitter' ><a target=\"_blank\" aria-label=\"Compartir en Twitter\" href='https:\/\/twitter.com\/share?text=Hasta%20Lago%20O%E2%80%99Higgins%3A%20Indap%20acompa%C3%B1a%20a%20las%20familias%20campesinas%20de%20los%20territorios%20m%C3%A1s%20remotos%20de%20la%20regi%C3%B3n%20de%20Ays%C3%A9n&#038;url=https:\/\/radiorevelacionfm.cl\/?p=50832' aria-hidden='false' data-av_icon='\ue8f1' data-av_iconfont='entypo-fontello' title='' data-avia-related-tooltip='Compartir en Twitter' rel=\"noopener\"><span class='avia_hidden_link_text'>Compartir en Twitter<\/span><\/a><\/li><li class='av-share-link av-social-link-whatsapp' ><a target=\"_blank\" aria-label=\"Compartir en Whatsapp\" href='https:\/\/api.whatsapp.com\/send?text=https:\/\/radiorevelacionfm.cl\/?p=50832' aria-hidden='false' data-av_icon='\uf232' data-av_iconfont='entypo-fontello' title='' data-avia-related-tooltip='Compartir en Whatsapp' rel=\"noopener\"><span class='avia_hidden_link_text'>Compartir en Whatsapp<\/span><\/a><\/li><li class='av-share-link av-social-link-linkedin' ><a target=\"_blank\" aria-label=\"Compartir en LinkedIn\" href='https:\/\/linkedin.com\/shareArticle?mini=true&#038;title=Hasta%20Lago%20O%E2%80%99Higgins%3A%20Indap%20acompa%C3%B1a%20a%20las%20familias%20campesinas%20de%20los%20territorios%20m%C3%A1s%20remotos%20de%20la%20regi%C3%B3n%20de%20Ays%C3%A9n&#038;url=https:\/\/radiorevelacionfm.cl\/?p=50832' aria-hidden='false' data-av_icon='\ue8fc' data-av_iconfont='entypo-fontello' title='' data-avia-related-tooltip='Compartir en LinkedIn' rel=\"noopener\"><span class='avia_hidden_link_text'>Compartir en LinkedIn<\/span><\/a><\/li><li class='av-share-link av-social-link-mail' ><a  aria-label=\"Compartir por correo\" href='mailto:?subject=Hasta%20Lago%20O%E2%80%99Higgins%3A%20Indap%20acompa%C3%B1a%20a%20las%20familias%20campesinas%20de%20los%20territorios%20m%C3%A1s%20remotos%20de%20la%20regi%C3%B3n%20de%20Ays%C3%A9n&#038;body=https:\/\/radiorevelacionfm.cl\/?p=50832' aria-hidden='false' data-av_icon='\ue805' data-av_iconfont='entypo-fontello' title='' data-avia-related-tooltip='Compartir por correo'><span class='avia_hidden_link_text'>Compartir por correo<\/span><\/a><\/li><\/ul><\/div><\/div>\n<div  style='height:50px' class='hr hr-invisible   avia-builder-el-8  el_after_av_social_share  el_before_av_comments_list '><span class='hr-inner ' ><span class='hr-inner-style'><\/span><\/span><\/div>\n<div  class='av-buildercomment  av-blog-meta-html-info-disabled av-blog-meta-tag-disabled  '><\/div>\n","protected":false},"excerpt":{"rendered":"","protected":false},"author":1,"featured_media":50833,"comment_status":"open","ping_status":"open","sticky":false,"template":"","format":"standard","meta":{"footnotes":""},"categories":[58],"tags":[],"class_list":["post-50832","post","type-post","status-publish","format-standard","has-post-thumbnail","hentry","category-agricultura"],"jetpack_featured_media_url":"https:\/\/radiorevelacionfm.cl\/wp-content\/uploads\/2025\/02\/ISLA-CENTRAL-1-1.jpeg","_links":{"self":[{"href":"https:\/\/radiorevelacionfm.cl\/index.php?rest_route=\/wp\/v2\/posts\/50832","targetHints":{"allow":["GET"]}}],"collection":[{"href":"https:\/\/radiorevelacionfm.cl\/index.php?rest_route=\/wp\/v2\/posts"}],"about":[{"href":"https:\/\/radiorevelacionfm.cl\/index.php?rest_route=\/wp\/v2\/types\/post"}],"author":[{"embeddable":true,"href":"https:\/\/radiorevelacionfm.cl\/index.php?rest_route=\/wp\/v2\/users\/1"}],"replies":[{"embeddable":true,"href":"https:\/\/radiorevelacionfm.cl\/index.php?rest_route=%2Fwp%2Fv2%2Fcomments&post=50832"}],"version-history":[{"count":2,"href":"https:\/\/radiorevelacionfm.cl\/index.php?rest_route=\/wp\/v2\/posts\/50832\/revisions"}],"predecessor-version":[{"id":50838,"href":"https:\/\/radiorevelacionfm.cl\/index.php?rest_route=\/wp\/v2\/posts\/50832\/revisions\/50838"}],"wp:featuredmedia":[{"embeddable":true,"href":"https:\/\/radiorevelacionfm.cl\/index.php?rest_route=\/wp\/v2\/media\/50833"}],"wp:attachment":[{"href":"https:\/\/radiorevelacionfm.cl\/index.php?rest_route=%2Fwp%2Fv2%2Fmedia&parent=50832"}],"wp:term":[{"taxonomy":"category","embeddable":true,"href":"https:\/\/radiorevelacionfm.cl\/index.php?rest_route=%2Fwp%2Fv2%2Fcategories&post=50832"},{"taxonomy":"post_tag","embeddable":true,"href":"https:\/\/radiorevelacionfm.cl\/index.php?rest_route=%2Fwp%2Fv2%2Ftags&post=50832"}],"curies":[{"name":"wp","href":"https:\/\/api.w.org\/{rel}","templated":true}]}}