{"id":50829,"date":"2025-02-22T16:44:15","date_gmt":"2025-02-22T19:44:15","guid":{"rendered":"https:\/\/radiorevelacionfm.cl\/?p=50829"},"modified":"2025-02-22T16:44:15","modified_gmt":"2025-02-22T19:44:15","slug":"motociclista-norteamericano-fallecio-en-hospital-de-chico-chico-donde-era-atendido-tras-sufrir-caida-en-ruta-ch-265","status":"publish","type":"post","link":"https:\/\/radiorevelacionfm.cl\/?p=50829","title":{"rendered":"Motociclista norteamericano falleci\u00f3 en hospital de Chico Chico donde era atendido tras sufrir ca\u00edda en ruta CH 265"},"content":{"rendered":"<div class=\"flex_column av_one_full  flex_column_div av-zero-column-padding first  avia-builder-el-0  el_before_av_one_full  avia-builder-el-first  \" style='border-radius:0px; '><div  class='avia-image-container  av-styling-    avia-builder-el-1  avia-builder-el-no-sibling  avia-align-center '  itemprop=\"image\" itemscope=\"itemscope\" itemtype=\"https:\/\/schema.org\/ImageObject\"  ><div class='avia-image-container-inner'><div class='avia-image-overlay-wrap'><img decoding=\"async\" class='wp-image-50830 avia-img-lazy-loading-not-50830 avia_image' src=\"https:\/\/radiorevelacionfm.cl\/wp-content\/uploads\/2025\/02\/Hospital-Chile-Chico-2-1-1.jpg\" alt='' title='Hospital Chile Chico 2 (1) (1)' height=\"600\" width=\"841\"  itemprop=\"thumbnailUrl\" srcset=\"https:\/\/radiorevelacionfm.cl\/wp-content\/uploads\/2025\/02\/Hospital-Chile-Chico-2-1-1.jpg 841w, https:\/\/radiorevelacionfm.cl\/wp-content\/uploads\/2025\/02\/Hospital-Chile-Chico-2-1-1-300x214.jpg 300w, https:\/\/radiorevelacionfm.cl\/wp-content\/uploads\/2025\/02\/Hospital-Chile-Chico-2-1-1-768x548.jpg 768w, https:\/\/radiorevelacionfm.cl\/wp-content\/uploads\/2025\/02\/Hospital-Chile-Chico-2-1-1-260x185.jpg 260w, https:\/\/radiorevelacionfm.cl\/wp-content\/uploads\/2025\/02\/Hospital-Chile-Chico-2-1-1-705x503.jpg 705w, https:\/\/radiorevelacionfm.cl\/wp-content\/uploads\/2025\/02\/Hospital-Chile-Chico-2-1-1-450x321.jpg 450w, https:\/\/radiorevelacionfm.cl\/wp-content\/uploads\/2025\/02\/Hospital-Chile-Chico-2-1-1-600x428.jpg 600w\" sizes=\"(max-width: 841px) 100vw, 841px\" \/><\/div><\/div><\/div><\/div><div class=\"flex_column av_one_full  flex_column_div av-zero-column-padding first  avia-builder-el-2  el_after_av_one_full  el_before_av_one_full  column-top-margin\" style='border-radius:0px; '><section class=\"av_textblock_section \"  itemscope=\"itemscope\" itemtype=\"https:\/\/schema.org\/BlogPosting\" itemprop=\"blogPost\" ><div class='avia_textblock  '   itemprop=\"text\" ><p style=\"text-align: center;\"><strong><span style=\"font-size: 18pt;\">Motociclista norteamericano falleci\u00f3 en hospital de Chico Chico donde era atendido tras sufrir ca\u00edda en ruta CH 265<\/span><\/strong><\/p>\n<div id=\"gtx-trans\" style=\"position: absolute; left: -50px; top: 4.31534px;\">\n<div class=\"gtx-trans-icon\"><\/div>\n<\/div>\n<\/div><\/section><\/div><div class=\"flex_column av_one_full  flex_column_div av-zero-column-padding first  avia-builder-el-4  el_after_av_one_full  el_before_av_hr  column-top-margin\" style='border-radius:0px; '><section class=\"av_textblock_section \"  itemscope=\"itemscope\" itemtype=\"https:\/\/schema.org\/BlogPosting\" itemprop=\"blogPost\" ><div class='avia_textblock  '   itemprop=\"text\" ><p style=\"text-align: justify;\">El hombre de 64 a\u00f1os, sufri\u00f3 una ca\u00edda cuando junto a un amigo se dirig\u00edan hacia Puerto Guadal. Este era parte de su recorrido final luego de haber iniciado la traves\u00eda en Estados Unidos y visitar parte de Sudam\u00e9rica.<\/p>\n<p style=\"text-align: justify;\">Un lamentable hecho ocurri\u00f3 la noche de este viernes en la comuna de Chile Chico, que afect\u00f3 a un turista quien junto a un amigo recorr\u00edan la Patagonia en moto. Al llegar al kil\u00f3metro 76 de la ruta CH 265 que une a la \u201cciudad del sol\u201d con Puerto Guadal, el hombre de 64 a\u00f1os a bordo de una motocicleta, sufre una ca\u00edda.<\/p>\n<p style=\"text-align: justify;\">Esto signific\u00f3 la activaci\u00f3n del ABC de la emergencia, llegando al lugar ambulancia, bomberos y carabineros, quienes inmovilizaron a la persona accidentada y la trasladan hasta el hospital de Chile Chico. Tal como lo inform\u00f3 inicialmente, el Capit\u00e1n Joel Mardones Yesca, subcomisario administrativo de la Tercera Comisaria.<\/p>\n<p style=\"text-align: justify;\">\u201cAlrededor de las 21:30 horas tomamos conocimiento de un accidente de tr\u00e1nsito que afect\u00f3 a una persona de nacionalidad norteamericana, quien habr\u00eda perdido el control de su motocicleta sufriendo una ca\u00edda, a la altura del kil\u00f3metro 76 de la ruta CH 265 mientras se dirig\u00eda al sector de Puerto Guadal, en compa\u00f1\u00eda de un amigo de la misma nacionalidad. Producto de ello, se activaron los protocolos correspondientes, llegando al lugar ambulancia, bomberos y carabineros, quienes asistieron a la emergencia y posteriormente trasladaron al motociclista de 64 a\u00f1os hasta el hospital local de Chile Chico\u201d.<\/p>\n<p style=\"text-align: justify;\">En el traslado del paciente iba consciente y al parecer sin lesiones visibles, pero, una vez ya en el recinto asistencial durante la madrugada de este s\u00e1bado, habr\u00eda comenzado a sentir un fuerte dolor, falleciendo producto de un paro cardiaco, a\u00f1adi\u00f3 el jefe policial. \u201cInicialmente esta persona iba consciente, sin lesiones aparentes, pero s\u00ed hac\u00eda referencia a un dolor costal que sinti\u00f3 durante la ca\u00edda. Una vez en el hospital y alrededor de las 1 de la ma\u00f1ana, lamentablemente esta persona sufri\u00f3 un paro card\u00edaco falleciendo en el mismo hospital\u201d.<\/p>\n<p style=\"text-align: justify;\">Los antecedentes de este caso, fueron remitidos al Ministerio Publico, con el fin de que se instruyan las diligencias pertinentes, que permitan conocer la causa basal del fallecimiento del hombre de 64 a\u00f1os, manifest\u00f3 el Capit\u00e1n, Joel Mardones. \u201cDel hecho se dio cuenta al Ministerio P\u00fablico, quien a trav\u00e9s del fiscal de turno instruy\u00f3 ciertas diligencias para que Carabineros las cumpliera y en este caso nosotros ya estamos trabajando en algunas diligencias tendientes a poder dar con la causa basal de la muerte de esta persona\u201d.<\/p>\n<p style=\"text-align: justify;\">Por \u00faltimo, el subcomisario administrativo de la Tercera Comisaria de Chile Chico, Capit\u00e1n Joel Mardones Yesca, hizo un llamado tanto turistas como a conductores que recorren el territorio.<\/p>\n<p style=\"text-align: justify;\">\u201cHacemos un llamado a conductores locales y turistas, a que sean cuidadosos y responsables con la conducci\u00f3n, considerando que las condiciones viales de la ruta CH 265 no est\u00e1n en \u00f3ptimas condiciones. Agregando, adem\u00e1s que, anoche tuvimos lluvia, lo cual dificulta m\u00e1s a\u00fan las condiciones del tr\u00e1nsito. Respetemos la se\u00f1al\u00e9tica y tambi\u00e9n conduzcamos a una velocidad que nos permita tambi\u00e9n reaccionar adecuadamente ante alguna emergencia\u201d, puntualiz\u00f3.<\/p>\n<p>Fuente: ComunicAys\u00e9n<\/p>\n<\/div><\/section><\/div><div  style='height:50px' class='hr hr-invisible   avia-builder-el-6  el_after_av_one_full  el_before_av_social_share '><span class='hr-inner ' ><span class='hr-inner-style'><\/span><\/span><\/div><\/p>\n<div  class='av-social-sharing-box  avia-builder-el-7  el_after_av_hr  el_before_av_hr  '><div class='av-share-box'><h5 class='av-share-link-description av-no-toc '>Compartir esta noticia<\/h5><ul class='av-share-box-list noLightbox'><li class='av-share-link av-social-link-facebook' ><a target=\"_blank\" aria-label=\"Compartir en Facebook\" href='https:\/\/www.facebook.com\/sharer.php?u=https:\/\/radiorevelacionfm.cl\/?p=50829&#038;t=Motociclista%20norteamericano%20falleci%C3%B3%20en%20hospital%20de%20Chico%20Chico%20donde%20era%20atendido%20tras%20sufrir%20ca%C3%ADda%20en%20ruta%20CH%20265' aria-hidden='false' data-av_icon='\ue8f3' data-av_iconfont='entypo-fontello' title='' data-avia-related-tooltip='Compartir en Facebook' rel=\"noopener\"><span class='avia_hidden_link_text'>Compartir en Facebook<\/span><\/a><\/li><li class='av-share-link av-social-link-twitter' ><a target=\"_blank\" aria-label=\"Compartir en Twitter\" href='https:\/\/twitter.com\/share?text=Motociclista%20norteamericano%20falleci%C3%B3%20en%20hospital%20de%20Chico%20Chico%20donde%20era%20atendido%20tras%20sufrir%20ca%C3%ADda%20en%20ruta%20CH%20265&#038;url=https:\/\/radiorevelacionfm.cl\/?p=50829' aria-hidden='false' data-av_icon='\ue8f1' data-av_iconfont='entypo-fontello' title='' data-avia-related-tooltip='Compartir en Twitter' rel=\"noopener\"><span class='avia_hidden_link_text'>Compartir en Twitter<\/span><\/a><\/li><li class='av-share-link av-social-link-whatsapp' ><a target=\"_blank\" aria-label=\"Compartir en Whatsapp\" href='https:\/\/api.whatsapp.com\/send?text=https:\/\/radiorevelacionfm.cl\/?p=50829' aria-hidden='false' data-av_icon='\uf232' data-av_iconfont='entypo-fontello' title='' data-avia-related-tooltip='Compartir en Whatsapp' rel=\"noopener\"><span class='avia_hidden_link_text'>Compartir en Whatsapp<\/span><\/a><\/li><li class='av-share-link av-social-link-linkedin' ><a target=\"_blank\" aria-label=\"Compartir en LinkedIn\" href='https:\/\/linkedin.com\/shareArticle?mini=true&#038;title=Motociclista%20norteamericano%20falleci%C3%B3%20en%20hospital%20de%20Chico%20Chico%20donde%20era%20atendido%20tras%20sufrir%20ca%C3%ADda%20en%20ruta%20CH%20265&#038;url=https:\/\/radiorevelacionfm.cl\/?p=50829' aria-hidden='false' data-av_icon='\ue8fc' data-av_iconfont='entypo-fontello' title='' data-avia-related-tooltip='Compartir en LinkedIn' rel=\"noopener\"><span class='avia_hidden_link_text'>Compartir en LinkedIn<\/span><\/a><\/li><li class='av-share-link av-social-link-mail' ><a  aria-label=\"Compartir por correo\" href='mailto:?subject=Motociclista%20norteamericano%20falleci%C3%B3%20en%20hospital%20de%20Chico%20Chico%20donde%20era%20atendido%20tras%20sufrir%20ca%C3%ADda%20en%20ruta%20CH%20265&#038;body=https:\/\/radiorevelacionfm.cl\/?p=50829' aria-hidden='false' data-av_icon='\ue805' data-av_iconfont='entypo-fontello' title='' data-avia-related-tooltip='Compartir por correo'><span class='avia_hidden_link_text'>Compartir por correo<\/span><\/a><\/li><\/ul><\/div><\/div>\n<div  style='height:50px' class='hr hr-invisible   avia-builder-el-8  el_after_av_social_share  el_before_av_comments_list '><span class='hr-inner ' ><span class='hr-inner-style'><\/span><\/span><\/div>\n<div  class='av-buildercomment  av-blog-meta-html-info-disabled av-blog-meta-tag-disabled  '><\/div>\n","protected":false},"excerpt":{"rendered":"","protected":false},"author":1,"featured_media":50830,"comment_status":"open","ping_status":"open","sticky":false,"template":"","format":"standard","meta":{"footnotes":""},"categories":[38],"tags":[],"class_list":["post-50829","post","type-post","status-publish","format-standard","has-post-thumbnail","hentry","category-regional"],"jetpack_featured_media_url":"https:\/\/radiorevelacionfm.cl\/wp-content\/uploads\/2025\/02\/Hospital-Chile-Chico-2-1-1.jpg","_links":{"self":[{"href":"https:\/\/radiorevelacionfm.cl\/index.php?rest_route=\/wp\/v2\/posts\/50829","targetHints":{"allow":["GET"]}}],"collection":[{"href":"https:\/\/radiorevelacionfm.cl\/index.php?rest_route=\/wp\/v2\/posts"}],"about":[{"href":"https:\/\/radiorevelacionfm.cl\/index.php?rest_route=\/wp\/v2\/types\/post"}],"author":[{"embeddable":true,"href":"https:\/\/radiorevelacionfm.cl\/index.php?rest_route=\/wp\/v2\/users\/1"}],"replies":[{"embeddable":true,"href":"https:\/\/radiorevelacionfm.cl\/index.php?rest_route=%2Fwp%2Fv2%2Fcomments&post=50829"}],"version-history":[{"count":1,"href":"https:\/\/radiorevelacionfm.cl\/index.php?rest_route=\/wp\/v2\/posts\/50829\/revisions"}],"predecessor-version":[{"id":50831,"href":"https:\/\/radiorevelacionfm.cl\/index.php?rest_route=\/wp\/v2\/posts\/50829\/revisions\/50831"}],"wp:featuredmedia":[{"embeddable":true,"href":"https:\/\/radiorevelacionfm.cl\/index.php?rest_route=\/wp\/v2\/media\/50830"}],"wp:attachment":[{"href":"https:\/\/radiorevelacionfm.cl\/index.php?rest_route=%2Fwp%2Fv2%2Fmedia&parent=50829"}],"wp:term":[{"taxonomy":"category","embeddable":true,"href":"https:\/\/radiorevelacionfm.cl\/index.php?rest_route=%2Fwp%2Fv2%2Fcategories&post=50829"},{"taxonomy":"post_tag","embeddable":true,"href":"https:\/\/radiorevelacionfm.cl\/index.php?rest_route=%2Fwp%2Fv2%2Ftags&post=50829"}],"curies":[{"name":"wp","href":"https:\/\/api.w.org\/{rel}","templated":true}]}}