{"id":50823,"date":"2025-02-21T21:25:33","date_gmt":"2025-02-22T00:25:33","guid":{"rendered":"https:\/\/radiorevelacionfm.cl\/?p=50823"},"modified":"2025-02-21T21:25:33","modified_gmt":"2025-02-22T00:25:33","slug":"fiscalia-formalizo-investigacion-por-homicidio-consumado-ocurrido-en-villa-ortega","status":"publish","type":"post","link":"https:\/\/radiorevelacionfm.cl\/?p=50823","title":{"rendered":"Fiscal\u00eda formaliz\u00f3 investigaci\u00f3n por homicidio consumado ocurrido en Villa Ortega"},"content":{"rendered":"<div class=\"flex_column av_one_full  flex_column_div av-zero-column-padding first  avia-builder-el-0  el_before_av_one_full  avia-builder-el-first  \" style='border-radius:0px; '><div  class='avia-image-container  av-styling-    avia-builder-el-1  avia-builder-el-no-sibling  avia-align-center '  itemprop=\"image\" itemscope=\"itemscope\" itemtype=\"https:\/\/schema.org\/ImageObject\"  ><div class='avia-image-container-inner'><div class='avia-image-overlay-wrap'><img decoding=\"async\" class='wp-image-50824 avia-img-lazy-loading-not-50824 avia_image' src=\"https:\/\/radiorevelacionfm.cl\/wp-content\/uploads\/2025\/02\/audiencia1-2_optimized.jpg\" alt='' title='audiencia1-(2)_optimized' height=\"600\" width=\"923\"  itemprop=\"thumbnailUrl\" srcset=\"https:\/\/radiorevelacionfm.cl\/wp-content\/uploads\/2025\/02\/audiencia1-2_optimized.jpg 923w, https:\/\/radiorevelacionfm.cl\/wp-content\/uploads\/2025\/02\/audiencia1-2_optimized-300x195.jpg 300w, https:\/\/radiorevelacionfm.cl\/wp-content\/uploads\/2025\/02\/audiencia1-2_optimized-768x499.jpg 768w, https:\/\/radiorevelacionfm.cl\/wp-content\/uploads\/2025\/02\/audiencia1-2_optimized-705x458.jpg 705w, https:\/\/radiorevelacionfm.cl\/wp-content\/uploads\/2025\/02\/audiencia1-2_optimized-450x293.jpg 450w, https:\/\/radiorevelacionfm.cl\/wp-content\/uploads\/2025\/02\/audiencia1-2_optimized-600x390.jpg 600w\" sizes=\"(max-width: 923px) 100vw, 923px\" \/><\/div><\/div><\/div><\/div><div class=\"flex_column av_one_full  flex_column_div av-zero-column-padding first  avia-builder-el-2  el_after_av_one_full  el_before_av_one_full  column-top-margin\" style='border-radius:0px; '><section class=\"av_textblock_section \"  itemscope=\"itemscope\" itemtype=\"https:\/\/schema.org\/BlogPosting\" itemprop=\"blogPost\" ><div class='avia_textblock  '   itemprop=\"text\" ><p class=\"v1MsoNormal\" style=\"text-align: center;\"><span style=\"font-size: 18pt;\"><b>Fiscal\u00eda formaliz\u00f3 investigaci\u00f3n por homicidio consumado ocurrido en Villa Ortega<\/b><\/span><\/p>\n<div id=\"gtx-trans\" style=\"position: absolute; left: -50px; top: 4.31534px;\">\n<div class=\"gtx-trans-icon\"><\/div>\n<\/div>\n<\/div><\/section><\/div><div class=\"flex_column av_one_full  flex_column_div av-zero-column-padding first  avia-builder-el-4  el_after_av_one_full  el_before_av_hr  column-top-margin\" style='border-radius:0px; '><section class=\"av_textblock_section \"  itemscope=\"itemscope\" itemtype=\"https:\/\/schema.org\/BlogPosting\" itemprop=\"blogPost\" ><div class='avia_textblock  '   itemprop=\"text\" ><p style=\"text-align: justify;\">Adem\u00e1s el Ministerio P\u00fablico formaliz\u00f3 por un segundo delito de homicidio frustrado.<\/p>\n<p class=\"v1MsoNormal\" style=\"text-align: justify;\">La Fiscal\u00eda Local de Coyhaique formaliz\u00f3 hoy una investigaci\u00f3n en contra de un imputado de 55 a\u00f1os como autor de los delitos de homicidio consumado de una v\u00edctima de 23 a\u00f1os y otro homicidio frustrado de un hombre de 31 a\u00f1os, hecho ocurrido la madrugada del mi\u00e9rcoles reci\u00e9n pasado en Villa Ortega. Las diligencias investigativas de este caso fueron solicitadas a la Brigada de Homicidios y el Laboratorio de Criminal\u00edstica de la PDI.<\/p>\n<p class=\"v1MsoNormal\" style=\"text-align: justify;\">De acuerdo a lo manifestado por el Fiscal Adjunto (s), Sebasti\u00e1n Vild\u00f3sola, \u201cefectivamente el d\u00eda de hoy se formaliz\u00f3 investigaci\u00f3n en contra de un imputado var\u00f3n adulto, como autor de dos delitos de homicidio, ocurridos ambos en la madrugada del 19 de febrero reci\u00e9n pasado en la localidad de Villa Ortega. Un delito de homicidio es en car\u00e1cter de consumado por haber fallecido la v\u00edctima y el otro en car\u00e1cter de frustrado\u201d.<\/p>\n<p class=\"v1MsoNormal\" style=\"text-align: justify;\">El persecutor penal agreg\u00f3 que \u201ca prop\u00f3sito de los antecedentes expuestos en audiencia realizada el d\u00eda de hoy, esta Fiscal\u00eda solicit\u00f3 la prisi\u00f3n preventiva del imputado por considerar que su libertad es un peligro para la seguridad de la sociedad, considerando especialmente la pena asignada por ley al delito, adem\u00e1s de las circunstancias del hecho y la forma comisiva, alegaciones que fueron acogidas por el Juzgado de Garant\u00eda de Coyhaique, determin\u00e1ndose que la persona debe permanecer en prisi\u00f3n preventiva mientras se desarrolla la presente investigaci\u00f3n\u201d.<\/p>\n<p class=\"v1MsoNormal\" style=\"text-align: justify;\">Sebasti\u00e1n Vild\u00f3sola a\u00f1adi\u00f3 que adicionalmente, se decret\u00f3 un plazo de investigaci\u00f3n de 90 d\u00edas y que \u201cactualmente las diligencias est\u00e1n a cargo de la Brigada de Homicidios, en coordinaci\u00f3n con el Laboratorio de Criminal\u00edstica para agotar las diligencias investigativas pendientes\u201d. Para cometer los delitos el imputado utiliz\u00f3 un arma cortopunzante.<\/p>\n<p style=\"text-align: justify;\">Se solicit\u00f3 la prisi\u00f3n preventiva del imputado por considerar que su libertad es un peligro para la seguridad de la sociedad, explic\u00f3 el Fiscal Adjunto (s), Sebasti\u00e1n Vild\u00f3sola.<\/p>\n<\/div><\/section><\/div><div  style='height:50px' class='hr hr-invisible   avia-builder-el-6  el_after_av_one_full  el_before_av_social_share '><span class='hr-inner ' ><span class='hr-inner-style'><\/span><\/span><\/div><\/p>\n<div  class='av-social-sharing-box  avia-builder-el-7  el_after_av_hr  el_before_av_hr  '><div class='av-share-box'><h5 class='av-share-link-description av-no-toc '>Compartir esta noticia<\/h5><ul class='av-share-box-list noLightbox'><li class='av-share-link av-social-link-facebook' ><a target=\"_blank\" aria-label=\"Compartir en Facebook\" href='https:\/\/www.facebook.com\/sharer.php?u=https:\/\/radiorevelacionfm.cl\/?p=50823&#038;t=Fiscal%C3%ADa%20formaliz%C3%B3%20investigaci%C3%B3n%20por%20homicidio%20consumado%20ocurrido%20en%20Villa%20Ortega' aria-hidden='false' data-av_icon='\ue8f3' data-av_iconfont='entypo-fontello' title='' data-avia-related-tooltip='Compartir en Facebook' rel=\"noopener\"><span class='avia_hidden_link_text'>Compartir en Facebook<\/span><\/a><\/li><li class='av-share-link av-social-link-twitter' ><a target=\"_blank\" aria-label=\"Compartir en Twitter\" href='https:\/\/twitter.com\/share?text=Fiscal%C3%ADa%20formaliz%C3%B3%20investigaci%C3%B3n%20por%20homicidio%20consumado%20ocurrido%20en%20Villa%20Ortega&#038;url=https:\/\/radiorevelacionfm.cl\/?p=50823' aria-hidden='false' data-av_icon='\ue8f1' data-av_iconfont='entypo-fontello' title='' data-avia-related-tooltip='Compartir en Twitter' rel=\"noopener\"><span class='avia_hidden_link_text'>Compartir en Twitter<\/span><\/a><\/li><li class='av-share-link av-social-link-whatsapp' ><a target=\"_blank\" aria-label=\"Compartir en Whatsapp\" href='https:\/\/api.whatsapp.com\/send?text=https:\/\/radiorevelacionfm.cl\/?p=50823' aria-hidden='false' data-av_icon='\uf232' data-av_iconfont='entypo-fontello' title='' data-avia-related-tooltip='Compartir en Whatsapp' rel=\"noopener\"><span class='avia_hidden_link_text'>Compartir en Whatsapp<\/span><\/a><\/li><li class='av-share-link av-social-link-linkedin' ><a target=\"_blank\" aria-label=\"Compartir en LinkedIn\" href='https:\/\/linkedin.com\/shareArticle?mini=true&#038;title=Fiscal%C3%ADa%20formaliz%C3%B3%20investigaci%C3%B3n%20por%20homicidio%20consumado%20ocurrido%20en%20Villa%20Ortega&#038;url=https:\/\/radiorevelacionfm.cl\/?p=50823' aria-hidden='false' data-av_icon='\ue8fc' data-av_iconfont='entypo-fontello' title='' data-avia-related-tooltip='Compartir en LinkedIn' rel=\"noopener\"><span class='avia_hidden_link_text'>Compartir en LinkedIn<\/span><\/a><\/li><li class='av-share-link av-social-link-mail' ><a  aria-label=\"Compartir por correo\" href='mailto:?subject=Fiscal%C3%ADa%20formaliz%C3%B3%20investigaci%C3%B3n%20por%20homicidio%20consumado%20ocurrido%20en%20Villa%20Ortega&#038;body=https:\/\/radiorevelacionfm.cl\/?p=50823' aria-hidden='false' data-av_icon='\ue805' data-av_iconfont='entypo-fontello' title='' data-avia-related-tooltip='Compartir por correo'><span class='avia_hidden_link_text'>Compartir por correo<\/span><\/a><\/li><\/ul><\/div><\/div>\n<div  style='height:50px' class='hr hr-invisible   avia-builder-el-8  el_after_av_social_share  el_before_av_comments_list '><span class='hr-inner ' ><span class='hr-inner-style'><\/span><\/span><\/div>\n<div  class='av-buildercomment  av-blog-meta-html-info-disabled av-blog-meta-tag-disabled  '><\/div>\n","protected":false},"excerpt":{"rendered":"","protected":false},"author":1,"featured_media":50824,"comment_status":"open","ping_status":"open","sticky":false,"template":"","format":"standard","meta":{"footnotes":""},"categories":[55],"tags":[],"class_list":["post-50823","post","type-post","status-publish","format-standard","has-post-thumbnail","hentry","category-justicia"],"jetpack_featured_media_url":"https:\/\/radiorevelacionfm.cl\/wp-content\/uploads\/2025\/02\/audiencia1-2_optimized.jpg","_links":{"self":[{"href":"https:\/\/radiorevelacionfm.cl\/index.php?rest_route=\/wp\/v2\/posts\/50823","targetHints":{"allow":["GET"]}}],"collection":[{"href":"https:\/\/radiorevelacionfm.cl\/index.php?rest_route=\/wp\/v2\/posts"}],"about":[{"href":"https:\/\/radiorevelacionfm.cl\/index.php?rest_route=\/wp\/v2\/types\/post"}],"author":[{"embeddable":true,"href":"https:\/\/radiorevelacionfm.cl\/index.php?rest_route=\/wp\/v2\/users\/1"}],"replies":[{"embeddable":true,"href":"https:\/\/radiorevelacionfm.cl\/index.php?rest_route=%2Fwp%2Fv2%2Fcomments&post=50823"}],"version-history":[{"count":1,"href":"https:\/\/radiorevelacionfm.cl\/index.php?rest_route=\/wp\/v2\/posts\/50823\/revisions"}],"predecessor-version":[{"id":50825,"href":"https:\/\/radiorevelacionfm.cl\/index.php?rest_route=\/wp\/v2\/posts\/50823\/revisions\/50825"}],"wp:featuredmedia":[{"embeddable":true,"href":"https:\/\/radiorevelacionfm.cl\/index.php?rest_route=\/wp\/v2\/media\/50824"}],"wp:attachment":[{"href":"https:\/\/radiorevelacionfm.cl\/index.php?rest_route=%2Fwp%2Fv2%2Fmedia&parent=50823"}],"wp:term":[{"taxonomy":"category","embeddable":true,"href":"https:\/\/radiorevelacionfm.cl\/index.php?rest_route=%2Fwp%2Fv2%2Fcategories&post=50823"},{"taxonomy":"post_tag","embeddable":true,"href":"https:\/\/radiorevelacionfm.cl\/index.php?rest_route=%2Fwp%2Fv2%2Ftags&post=50823"}],"curies":[{"name":"wp","href":"https:\/\/api.w.org\/{rel}","templated":true}]}}