{"id":50819,"date":"2025-02-21T17:54:49","date_gmt":"2025-02-21T20:54:49","guid":{"rendered":"https:\/\/radiorevelacionfm.cl\/?p=50819"},"modified":"2025-02-21T17:54:49","modified_gmt":"2025-02-21T20:54:49","slug":"puerto-cisnes-procedimiento-antidrogas-permite-importante-decomiso-de-cocaina-y-cannabis","status":"publish","type":"post","link":"https:\/\/radiorevelacionfm.cl\/?p=50819","title":{"rendered":"Puerto Cisnes: Procedimiento antidrogas permite importante decomiso de coca\u00edna y cannabis"},"content":{"rendered":"<div class=\"flex_column av_one_full  flex_column_div av-zero-column-padding first  avia-builder-el-0  el_before_av_one_full  avia-builder-el-first  \" style='border-radius:0px; '><div  class='avia-image-container  av-styling-    avia-builder-el-1  avia-builder-el-no-sibling  avia-align-center '  itemprop=\"image\" itemscope=\"itemscope\" itemtype=\"https:\/\/schema.org\/ImageObject\"  ><div class='avia-image-container-inner'><div class='avia-image-overlay-wrap'><img decoding=\"async\" class='wp-image-50820 avia-img-lazy-loading-not-50820 avia_image' src=\"https:\/\/radiorevelacionfm.cl\/wp-content\/uploads\/2025\/02\/GkVRKz_XwAARZyc-1-1.jpg\" alt='' title='GkVRKz_XwAARZyc (1) (1)' height=\"600\" width=\"815\"  itemprop=\"thumbnailUrl\" srcset=\"https:\/\/radiorevelacionfm.cl\/wp-content\/uploads\/2025\/02\/GkVRKz_XwAARZyc-1-1.jpg 815w, https:\/\/radiorevelacionfm.cl\/wp-content\/uploads\/2025\/02\/GkVRKz_XwAARZyc-1-1-300x221.jpg 300w, https:\/\/radiorevelacionfm.cl\/wp-content\/uploads\/2025\/02\/GkVRKz_XwAARZyc-1-1-768x565.jpg 768w, https:\/\/radiorevelacionfm.cl\/wp-content\/uploads\/2025\/02\/GkVRKz_XwAARZyc-1-1-705x519.jpg 705w, https:\/\/radiorevelacionfm.cl\/wp-content\/uploads\/2025\/02\/GkVRKz_XwAARZyc-1-1-450x331.jpg 450w, https:\/\/radiorevelacionfm.cl\/wp-content\/uploads\/2025\/02\/GkVRKz_XwAARZyc-1-1-600x442.jpg 600w\" sizes=\"(max-width: 815px) 100vw, 815px\" \/><\/div><\/div><\/div><\/div><div class=\"flex_column av_one_full  flex_column_div av-zero-column-padding first  avia-builder-el-2  el_after_av_one_full  el_before_av_one_full  column-top-margin\" style='border-radius:0px; '><section class=\"av_textblock_section \"  itemscope=\"itemscope\" itemtype=\"https:\/\/schema.org\/BlogPosting\" itemprop=\"blogPost\" ><div class='avia_textblock  '   itemprop=\"text\" ><p style=\"text-align: center;\"><strong><span style=\"font-size: 18pt;\">Puerto Cisnes: Procedimiento antidrogas permite importante decomiso de coca\u00edna y cannabis <\/span><\/strong><\/p>\n<div id=\"gtx-trans\" style=\"position: absolute; left: -50px; top: 4.31534px;\">\n<div class=\"gtx-trans-icon\"><\/div>\n<\/div>\n<\/div><\/section><\/div><div class=\"flex_column av_one_full  flex_column_div av-zero-column-padding first  avia-builder-el-4  el_after_av_one_full  el_before_av_hr  column-top-margin\" style='border-radius:0px; '><section class=\"av_textblock_section \"  itemscope=\"itemscope\" itemtype=\"https:\/\/schema.org\/BlogPosting\" itemprop=\"blogPost\" ><div class='avia_textblock  '   itemprop=\"text\" ><p style=\"font-weight: 400; text-align: justify;\"><em>Imputados ven\u00edan a bordo de la barcaza Queulat. <\/em><em>Los imputados, un hombre y una mujer de 29 y 28 a\u00f1os, fueron puestos en prisi\u00f3n preventiva.<\/em><\/p>\n<p style=\"font-weight: 400; text-align: justify;\">Coordinaciones entre el Servicios Nacional de Aduanas, Armada de Chile, Carabineros del OS 7 y la Fiscal\u00eda en Puerto Cisnes, permitieron la detenci\u00f3n de dos imputados extranjeros indocumentados, de 29 y 28 a\u00f1os, quienes fueron sorprendidos en su viaje a la Regi\u00f3n de Ays\u00e9n con casi dos kilos de clorhidrato de coca\u00edna y medio kilo de cannabis sativa.<\/p>\n<p style=\"font-weight: 400; text-align: justify;\">La pareja, quienes viajaban junto a un ni\u00f1o de dos a\u00f1os, fue detenida tras un procedimiento conjunto entre diversas instituciones p\u00fablicas y adem\u00e1s se les incaut\u00f3 dinero en efectivo y dos tel\u00e9fonos celulares.<\/p>\n<p style=\"font-weight: 400; text-align: justify;\">MUELLE<\/p>\n<p style=\"font-weight: 400; text-align: justify;\">Seg\u00fan explic\u00f3 Marcela Vald\u00e9s, abogada asistente de la Fiscal\u00eda en Puerto Cisnes, \u201cse trata de un procedimiento que se gest\u00f3 el d\u00eda de ayer, 20 de febrero del a\u00f1o 2025, a la recalada de la barcaza Queulat en el muelle Emporcha de ac\u00e1 de Puerto Cisnes, en fiscalizaci\u00f3n que se realiz\u00f3 en conjunto con el Servicio Nacional de Aduanas y la Armada de Chile\u201d.<\/p>\n<p style=\"font-weight: 400; text-align: justify;\">La abogada de la Fiscal\u00eda explic\u00f3 que \u201cen la recalada de los pasajeros se procedi\u00f3 a la fiscalizaci\u00f3n, sorprendiendo a dos sujetos extranjeros que portaban entre sus pertenencias aproximadamente dos kilos de clorhidrato de coca\u00edna y medio kilo de cannabis sativa o marihuana en estado seco\u201d. En espec\u00edfico se trata de un kilo 970 gramos de coca\u00edna y 506 gramos de cannabis sativa.<\/p>\n<p style=\"font-weight: 400; text-align: justify;\">FISCALIZACI\u00d3N<\/p>\n<p style=\"font-weight: 400; text-align: justify;\">Marcela Vald\u00e9s agreg\u00f3 que \u201cpor lo anterior entonces, se procedi\u00f3 a la fiscalizaci\u00f3n, se realizaron las pruebas de campo arrojando positivo a estas sustancias y por lo mismo entonces se procedi\u00f3 a su detenci\u00f3n\u201d.<\/p>\n<p style=\"font-weight: 400; text-align: justify;\">Adicionalmente la abogada asistente, Marcela Vald\u00e9s, dijo que \u201cpara efectos de realizar las diligencias, se cont\u00f3 con la colaboraci\u00f3n tanto de la Armada como as\u00ed tambi\u00e9n con la concurrencia de personal del OS 7 de Carabineros de Chile, quienes llegaron y realizaron diversas diligencias durante la noche para hoy d\u00eda, a primera hora de la ma\u00f1ana cierto, tener todos los antecedentes disponibles a la audiencia de control de detenci\u00f3n, audiencia que se llev\u00f3 a cabo ante el Juzgado de Garant\u00eda de Puerto Cisnes y en donde una vez formalizada la investigaci\u00f3n por el delito de tr\u00e1fico de drogas, se pidi\u00f3 la medida cautelar de mayor intensidad que establece nuestro ordenamiento jur\u00eddico y siendo decretado tambi\u00e9n as\u00ed por su se\u00f1or\u00eda, la prisi\u00f3n preventiva de ambos imputados\u201d.<\/p>\n<p style=\"font-weight: 400; text-align: justify;\">Los imputados fueron trasladados por personal de Gendarmer\u00eda al Complejo Penitenciario de Coyhaique y el plazo para el t\u00e9rmino de las diligencias fue fijado en 60 d\u00edas por el Juzgado de Garant\u00eda.<\/p>\n<\/div><\/section><\/div><div  style='height:50px' class='hr hr-invisible   avia-builder-el-6  el_after_av_one_full  el_before_av_social_share '><span class='hr-inner ' ><span class='hr-inner-style'><\/span><\/span><\/div><\/p>\n<div  class='av-social-sharing-box  avia-builder-el-7  el_after_av_hr  el_before_av_hr  '><div class='av-share-box'><h5 class='av-share-link-description av-no-toc '>Compartir esta noticia<\/h5><ul class='av-share-box-list noLightbox'><li class='av-share-link av-social-link-facebook' ><a target=\"_blank\" aria-label=\"Compartir en Facebook\" href='https:\/\/www.facebook.com\/sharer.php?u=https:\/\/radiorevelacionfm.cl\/?p=50819&#038;t=Puerto%20Cisnes%3A%20Procedimiento%20antidrogas%20permite%20importante%20decomiso%20de%20coca%C3%ADna%20y%20cannabis' aria-hidden='false' data-av_icon='\ue8f3' data-av_iconfont='entypo-fontello' title='' data-avia-related-tooltip='Compartir en Facebook' rel=\"noopener\"><span class='avia_hidden_link_text'>Compartir en Facebook<\/span><\/a><\/li><li class='av-share-link av-social-link-twitter' ><a target=\"_blank\" aria-label=\"Compartir en Twitter\" href='https:\/\/twitter.com\/share?text=Puerto%20Cisnes%3A%20Procedimiento%20antidrogas%20permite%20importante%20decomiso%20de%20coca%C3%ADna%20y%20cannabis&#038;url=https:\/\/radiorevelacionfm.cl\/?p=50819' aria-hidden='false' data-av_icon='\ue8f1' data-av_iconfont='entypo-fontello' title='' data-avia-related-tooltip='Compartir en Twitter' rel=\"noopener\"><span class='avia_hidden_link_text'>Compartir en Twitter<\/span><\/a><\/li><li class='av-share-link av-social-link-whatsapp' ><a target=\"_blank\" aria-label=\"Compartir en Whatsapp\" href='https:\/\/api.whatsapp.com\/send?text=https:\/\/radiorevelacionfm.cl\/?p=50819' aria-hidden='false' data-av_icon='\uf232' data-av_iconfont='entypo-fontello' title='' data-avia-related-tooltip='Compartir en Whatsapp' rel=\"noopener\"><span class='avia_hidden_link_text'>Compartir en Whatsapp<\/span><\/a><\/li><li class='av-share-link av-social-link-linkedin' ><a target=\"_blank\" aria-label=\"Compartir en LinkedIn\" href='https:\/\/linkedin.com\/shareArticle?mini=true&#038;title=Puerto%20Cisnes%3A%20Procedimiento%20antidrogas%20permite%20importante%20decomiso%20de%20coca%C3%ADna%20y%20cannabis&#038;url=https:\/\/radiorevelacionfm.cl\/?p=50819' aria-hidden='false' data-av_icon='\ue8fc' data-av_iconfont='entypo-fontello' title='' data-avia-related-tooltip='Compartir en LinkedIn' rel=\"noopener\"><span class='avia_hidden_link_text'>Compartir en LinkedIn<\/span><\/a><\/li><li class='av-share-link av-social-link-mail' ><a  aria-label=\"Compartir por correo\" href='mailto:?subject=Puerto%20Cisnes%3A%20Procedimiento%20antidrogas%20permite%20importante%20decomiso%20de%20coca%C3%ADna%20y%20cannabis&#038;body=https:\/\/radiorevelacionfm.cl\/?p=50819' aria-hidden='false' data-av_icon='\ue805' data-av_iconfont='entypo-fontello' title='' data-avia-related-tooltip='Compartir por correo'><span class='avia_hidden_link_text'>Compartir por correo<\/span><\/a><\/li><\/ul><\/div><\/div>\n<div  style='height:50px' class='hr hr-invisible   avia-builder-el-8  el_after_av_social_share  el_before_av_comments_list '><span class='hr-inner ' ><span class='hr-inner-style'><\/span><\/span><\/div>\n<div  class='av-buildercomment  av-blog-meta-html-info-disabled av-blog-meta-tag-disabled  '><\/div>\n","protected":false},"excerpt":{"rendered":"","protected":false},"author":1,"featured_media":50820,"comment_status":"open","ping_status":"open","sticky":false,"template":"","format":"standard","meta":{"footnotes":""},"categories":[36],"tags":[],"class_list":["post-50819","post","type-post","status-publish","format-standard","has-post-thumbnail","hentry","category-policial"],"jetpack_featured_media_url":"https:\/\/radiorevelacionfm.cl\/wp-content\/uploads\/2025\/02\/GkVRKz_XwAARZyc-1-1.jpg","_links":{"self":[{"href":"https:\/\/radiorevelacionfm.cl\/index.php?rest_route=\/wp\/v2\/posts\/50819","targetHints":{"allow":["GET"]}}],"collection":[{"href":"https:\/\/radiorevelacionfm.cl\/index.php?rest_route=\/wp\/v2\/posts"}],"about":[{"href":"https:\/\/radiorevelacionfm.cl\/index.php?rest_route=\/wp\/v2\/types\/post"}],"author":[{"embeddable":true,"href":"https:\/\/radiorevelacionfm.cl\/index.php?rest_route=\/wp\/v2\/users\/1"}],"replies":[{"embeddable":true,"href":"https:\/\/radiorevelacionfm.cl\/index.php?rest_route=%2Fwp%2Fv2%2Fcomments&post=50819"}],"version-history":[{"count":1,"href":"https:\/\/radiorevelacionfm.cl\/index.php?rest_route=\/wp\/v2\/posts\/50819\/revisions"}],"predecessor-version":[{"id":50821,"href":"https:\/\/radiorevelacionfm.cl\/index.php?rest_route=\/wp\/v2\/posts\/50819\/revisions\/50821"}],"wp:featuredmedia":[{"embeddable":true,"href":"https:\/\/radiorevelacionfm.cl\/index.php?rest_route=\/wp\/v2\/media\/50820"}],"wp:attachment":[{"href":"https:\/\/radiorevelacionfm.cl\/index.php?rest_route=%2Fwp%2Fv2%2Fmedia&parent=50819"}],"wp:term":[{"taxonomy":"category","embeddable":true,"href":"https:\/\/radiorevelacionfm.cl\/index.php?rest_route=%2Fwp%2Fv2%2Fcategories&post=50819"},{"taxonomy":"post_tag","embeddable":true,"href":"https:\/\/radiorevelacionfm.cl\/index.php?rest_route=%2Fwp%2Fv2%2Ftags&post=50819"}],"curies":[{"name":"wp","href":"https:\/\/api.w.org\/{rel}","templated":true}]}}