{"id":50815,"date":"2025-02-21T18:44:21","date_gmt":"2025-02-21T21:44:21","guid":{"rendered":"https:\/\/radiorevelacionfm.cl\/?p=50815"},"modified":"2025-02-21T18:44:21","modified_gmt":"2025-02-21T21:44:21","slug":"pese-a-las-dificultades-municipio-de-aysen-entrega-positivo-balance-en-la-implementacion-de-la-licencia-de-conducir-digital","status":"publish","type":"post","link":"https:\/\/radiorevelacionfm.cl\/?p=50815","title":{"rendered":"Pese a las dificultades, Municipio de Ays\u00e9n entrega positivo balance en la implementaci\u00f3n de la Licencia de Conducir Digital"},"content":{"rendered":"<div class=\"flex_column av_one_full  flex_column_div av-zero-column-padding first  avia-builder-el-0  el_before_av_one_full  avia-builder-el-first  \" style='border-radius:0px; '><div  class='avia-image-container  av-styling-    avia-builder-el-1  avia-builder-el-no-sibling  avia-align-center '  itemprop=\"image\" itemscope=\"itemscope\" itemtype=\"https:\/\/schema.org\/ImageObject\"  ><div class='avia-image-container-inner'><div class='avia-image-overlay-wrap'><img decoding=\"async\" class='wp-image-50816 avia-img-lazy-loading-not-50816 avia_image' src=\"https:\/\/radiorevelacionfm.cl\/wp-content\/uploads\/2025\/02\/20250115_113553-2-1_optimized.jpg\" alt='' title='20250115_113553-(2)-(1)_optimized' height=\"600\" width=\"800\"  itemprop=\"thumbnailUrl\" srcset=\"https:\/\/radiorevelacionfm.cl\/wp-content\/uploads\/2025\/02\/20250115_113553-2-1_optimized.jpg 800w, https:\/\/radiorevelacionfm.cl\/wp-content\/uploads\/2025\/02\/20250115_113553-2-1_optimized-300x225.jpg 300w, https:\/\/radiorevelacionfm.cl\/wp-content\/uploads\/2025\/02\/20250115_113553-2-1_optimized-768x576.jpg 768w, https:\/\/radiorevelacionfm.cl\/wp-content\/uploads\/2025\/02\/20250115_113553-2-1_optimized-705x529.jpg 705w, https:\/\/radiorevelacionfm.cl\/wp-content\/uploads\/2025\/02\/20250115_113553-2-1_optimized-450x338.jpg 450w, https:\/\/radiorevelacionfm.cl\/wp-content\/uploads\/2025\/02\/20250115_113553-2-1_optimized-600x450.jpg 600w\" sizes=\"(max-width: 800px) 100vw, 800px\" \/><\/div><\/div><\/div><\/div>\n<div class=\"flex_column av_one_full  flex_column_div av-zero-column-padding first  avia-builder-el-2  el_after_av_one_full  el_before_av_one_full  column-top-margin\" style='border-radius:0px; '><section class=\"av_textblock_section \"  itemscope=\"itemscope\" itemtype=\"https:\/\/schema.org\/BlogPosting\" itemprop=\"blogPost\" ><div class='avia_textblock  '   itemprop=\"text\" ><p style=\"text-align: center;\"><strong><span style=\"font-size: 18pt;\">Pese a las dificultades, Municipio de Ays\u00e9n entrega positivo balance en la implementaci\u00f3n de la Licencia de Conducir Digital<\/span><\/strong><\/p>\n<div id=\"gtx-trans\" style=\"position: absolute; left: -50px; top: 4.31534px;\">\n<div class=\"gtx-trans-icon\"><\/div>\n<\/div>\n<\/div><\/section><\/div><div class=\"flex_column av_one_full  flex_column_div av-zero-column-padding first  avia-builder-el-4  el_after_av_one_full  el_before_av_hr  column-top-margin\" style='border-radius:0px; '><section class=\"av_textblock_section \"  itemscope=\"itemscope\" itemtype=\"https:\/\/schema.org\/BlogPosting\" itemprop=\"blogPost\" ><div class='avia_textblock  '   itemprop=\"text\" ><p style=\"text-align: justify;\"><em>Los funcionarios tuvieron que realizar capacitaciones y acostumbrarse a la nueva plataforma, gracias a ese esfuerzo se lograron proporcionar m\u00e1s de 200 licencias para los conductores de Ays\u00e9n.<\/em><\/p>\n<p style=\"text-align: justify;\">El pasado 15 de enero, en Chile comenz\u00f3 a regir la nueva licencia de conducir electr\u00f3nica, en el cual la regi\u00f3n de Ays\u00e9n fue una de las elegidas para ser piloto para la implementaci\u00f3n de los primeros documentos. Pero este nuevo formato tambi\u00e9n trajo dificultades para los funcionarios, es por aquello que se debi\u00f3 reservar las jornadas de la tarde a la capacitaci\u00f3n de los mismos.<\/p>\n<p style=\"text-align: justify;\">Adem\u00e1s de adecuarse a la plataforma, para los trabajadores municipales ha sido complicado tener que adaptar las miles de carpetas que tienen los datos de todos los conductores, a un formato digital.<\/p>\n<p style=\"text-align: justify;\">Eric Melo, ingeniero asesor y Director (s) de Tr\u00e1nsito y Transporte P\u00fablico, explic\u00f3 esta dificultad, \u201cel tema con formato f\u00edsico es que nosotros tenemos que subir las carpetas de todos los conductores que le hemos proporcionado una licencia. Por lo tanto, es complejo, porque hay muchas licencias en la comuna y tenemos que subir toda esa informaci\u00f3n a la plataforma. Lo bueno de esto, es que va a estar todo digital, entonces ahora no va a haber problema cuando alguien quiera pedir una licencia desde otra comuna. Esto va a hacer todo m\u00e1s r\u00e1pido al estar digitalizado y, por lo tanto igual, tenemos a favor que no se utilizar\u00e1 todo el papel que antes se acumulaba en los estantes\u201d.<\/p>\n<p style=\"text-align: justify;\">El Ingeniero Asesor comenta que, para las municipalidades que prontamente se cambien a este formato, el orden de las carpetas ser\u00e1 un factor importante para hacer un trabajo \u00f3ptimo. Ya que, con una buena coordinaci\u00f3n y trabajos en conjunto de todos los funcionarios, se pudo conseguir en un mes un ritmo parecido de creaci\u00f3n y renovaci\u00f3n de licencias, lo cual es de alrededor de 200.<\/p>\n<p style=\"text-align: justify;\">La digitalizaci\u00f3n es una realidad en nuestra comuna, trae un proceso que al principio puede ser tardado y puede causar algunas incomodidades, pero a la larga ser\u00e1 de ayuda a todos los vecinos, ya que servir\u00e1 para acabar con varios tr\u00e1mites lentos, mejorar\u00e1 los controles y reducir\u00e1 el papel que utilice el municipio.<\/p>\n<p style=\"text-align: justify;\"><em>\u00a0<\/em><\/p>\n<\/div><\/section><\/div><\/p>\n<div  style='height:50px' class='hr hr-invisible   avia-builder-el-6  el_after_av_one_full  el_before_av_social_share '><span class='hr-inner ' ><span class='hr-inner-style'><\/span><\/span><\/div>\n<div  class='av-social-sharing-box  avia-builder-el-7  el_after_av_hr  el_before_av_hr  '><div class='av-share-box'><h5 class='av-share-link-description av-no-toc '>Compartir esta noticia<\/h5><ul class='av-share-box-list noLightbox'><li class='av-share-link av-social-link-facebook' ><a target=\"_blank\" aria-label=\"Compartir en Facebook\" href='https:\/\/www.facebook.com\/sharer.php?u=https:\/\/radiorevelacionfm.cl\/?p=50815&#038;t=Pese%20a%20las%20dificultades%2C%20Municipio%20de%20Ays%C3%A9n%20entrega%20positivo%20balance%20en%20la%20implementaci%C3%B3n%20de%20la%20Licencia%20de%20Conducir%20Digital' aria-hidden='false' data-av_icon='\ue8f3' data-av_iconfont='entypo-fontello' title='' data-avia-related-tooltip='Compartir en Facebook' rel=\"noopener\"><span class='avia_hidden_link_text'>Compartir en Facebook<\/span><\/a><\/li><li class='av-share-link av-social-link-twitter' ><a target=\"_blank\" aria-label=\"Compartir en Twitter\" href='https:\/\/twitter.com\/share?text=Pese%20a%20las%20dificultades%2C%20Municipio%20de%20Ays%C3%A9n%20entrega%20positivo%20balance%20en%20la%20implementaci%C3%B3n%20de%20la%20Licencia%20de%20Conducir%20Digital&#038;url=https:\/\/radiorevelacionfm.cl\/?p=50815' aria-hidden='false' data-av_icon='\ue8f1' data-av_iconfont='entypo-fontello' title='' data-avia-related-tooltip='Compartir en Twitter' rel=\"noopener\"><span class='avia_hidden_link_text'>Compartir en Twitter<\/span><\/a><\/li><li class='av-share-link av-social-link-whatsapp' ><a target=\"_blank\" aria-label=\"Compartir en Whatsapp\" href='https:\/\/api.whatsapp.com\/send?text=https:\/\/radiorevelacionfm.cl\/?p=50815' aria-hidden='false' data-av_icon='\uf232' data-av_iconfont='entypo-fontello' title='' data-avia-related-tooltip='Compartir en Whatsapp' rel=\"noopener\"><span class='avia_hidden_link_text'>Compartir en Whatsapp<\/span><\/a><\/li><li class='av-share-link av-social-link-linkedin' ><a target=\"_blank\" aria-label=\"Compartir en LinkedIn\" href='https:\/\/linkedin.com\/shareArticle?mini=true&#038;title=Pese%20a%20las%20dificultades%2C%20Municipio%20de%20Ays%C3%A9n%20entrega%20positivo%20balance%20en%20la%20implementaci%C3%B3n%20de%20la%20Licencia%20de%20Conducir%20Digital&#038;url=https:\/\/radiorevelacionfm.cl\/?p=50815' aria-hidden='false' data-av_icon='\ue8fc' data-av_iconfont='entypo-fontello' title='' data-avia-related-tooltip='Compartir en LinkedIn' rel=\"noopener\"><span class='avia_hidden_link_text'>Compartir en LinkedIn<\/span><\/a><\/li><li class='av-share-link av-social-link-mail' ><a  aria-label=\"Compartir por correo\" href='mailto:?subject=Pese%20a%20las%20dificultades%2C%20Municipio%20de%20Ays%C3%A9n%20entrega%20positivo%20balance%20en%20la%20implementaci%C3%B3n%20de%20la%20Licencia%20de%20Conducir%20Digital&#038;body=https:\/\/radiorevelacionfm.cl\/?p=50815' aria-hidden='false' data-av_icon='\ue805' data-av_iconfont='entypo-fontello' title='' data-avia-related-tooltip='Compartir por correo'><span class='avia_hidden_link_text'>Compartir por correo<\/span><\/a><\/li><\/ul><\/div><\/div>\n<div  style='height:50px' class='hr hr-invisible   avia-builder-el-8  el_after_av_social_share  el_before_av_comments_list '><span class='hr-inner ' ><span class='hr-inner-style'><\/span><\/span><\/div>\n<div  class='av-buildercomment  av-blog-meta-html-info-disabled av-blog-meta-tag-disabled  '><\/div>\n","protected":false},"excerpt":{"rendered":"","protected":false},"author":1,"featured_media":50816,"comment_status":"open","ping_status":"open","sticky":false,"template":"","format":"standard","meta":{"footnotes":""},"categories":[38],"tags":[],"class_list":["post-50815","post","type-post","status-publish","format-standard","has-post-thumbnail","hentry","category-regional"],"jetpack_featured_media_url":"https:\/\/radiorevelacionfm.cl\/wp-content\/uploads\/2025\/02\/20250115_113553-2-1_optimized.jpg","_links":{"self":[{"href":"https:\/\/radiorevelacionfm.cl\/index.php?rest_route=\/wp\/v2\/posts\/50815","targetHints":{"allow":["GET"]}}],"collection":[{"href":"https:\/\/radiorevelacionfm.cl\/index.php?rest_route=\/wp\/v2\/posts"}],"about":[{"href":"https:\/\/radiorevelacionfm.cl\/index.php?rest_route=\/wp\/v2\/types\/post"}],"author":[{"embeddable":true,"href":"https:\/\/radiorevelacionfm.cl\/index.php?rest_route=\/wp\/v2\/users\/1"}],"replies":[{"embeddable":true,"href":"https:\/\/radiorevelacionfm.cl\/index.php?rest_route=%2Fwp%2Fv2%2Fcomments&post=50815"}],"version-history":[{"count":2,"href":"https:\/\/radiorevelacionfm.cl\/index.php?rest_route=\/wp\/v2\/posts\/50815\/revisions"}],"predecessor-version":[{"id":50822,"href":"https:\/\/radiorevelacionfm.cl\/index.php?rest_route=\/wp\/v2\/posts\/50815\/revisions\/50822"}],"wp:featuredmedia":[{"embeddable":true,"href":"https:\/\/radiorevelacionfm.cl\/index.php?rest_route=\/wp\/v2\/media\/50816"}],"wp:attachment":[{"href":"https:\/\/radiorevelacionfm.cl\/index.php?rest_route=%2Fwp%2Fv2%2Fmedia&parent=50815"}],"wp:term":[{"taxonomy":"category","embeddable":true,"href":"https:\/\/radiorevelacionfm.cl\/index.php?rest_route=%2Fwp%2Fv2%2Fcategories&post=50815"},{"taxonomy":"post_tag","embeddable":true,"href":"https:\/\/radiorevelacionfm.cl\/index.php?rest_route=%2Fwp%2Fv2%2Ftags&post=50815"}],"curies":[{"name":"wp","href":"https:\/\/api.w.org\/{rel}","templated":true}]}}