{"id":50812,"date":"2025-02-22T11:14:53","date_gmt":"2025-02-22T14:14:53","guid":{"rendered":"https:\/\/radiorevelacionfm.cl\/?p=50812"},"modified":"2025-02-22T11:14:53","modified_gmt":"2025-02-22T14:14:53","slug":"monitorean-obras-en-liceo-de-villa-ohiggins-previo-al-inicio-del-ano-escolar-2025","status":"publish","type":"post","link":"https:\/\/radiorevelacionfm.cl\/?p=50812","title":{"rendered":"Monitorean obras en Liceo de Villa O&#8217;Higgins previo al inicio del a\u00f1o escolar 2025"},"content":{"rendered":"<div class=\"flex_column av_one_full  flex_column_div av-zero-column-padding first  avia-builder-el-0  el_before_av_one_full  avia-builder-el-first  \" style='border-radius:0px; '><div  class='avia-image-container  av-styling-    avia-builder-el-1  avia-builder-el-no-sibling  avia-align-center '  itemprop=\"image\" itemscope=\"itemscope\" itemtype=\"https:\/\/schema.org\/ImageObject\"  ><div class='avia-image-container-inner'><div class='avia-image-overlay-wrap'><img decoding=\"async\" class='wp-image-50813 avia-img-lazy-loading-not-50813 avia_image' src=\"https:\/\/radiorevelacionfm.cl\/wp-content\/uploads\/2025\/02\/visita-liceo-ohiggins-1-1_optimized.jpeg\" alt='' title='visita-liceo-ohiggins-(1)-(1)_optimized' height=\"600\" width=\"901\"  itemprop=\"thumbnailUrl\" srcset=\"https:\/\/radiorevelacionfm.cl\/wp-content\/uploads\/2025\/02\/visita-liceo-ohiggins-1-1_optimized.jpeg 901w, https:\/\/radiorevelacionfm.cl\/wp-content\/uploads\/2025\/02\/visita-liceo-ohiggins-1-1_optimized-300x200.jpeg 300w, https:\/\/radiorevelacionfm.cl\/wp-content\/uploads\/2025\/02\/visita-liceo-ohiggins-1-1_optimized-768x511.jpeg 768w, https:\/\/radiorevelacionfm.cl\/wp-content\/uploads\/2025\/02\/visita-liceo-ohiggins-1-1_optimized-705x469.jpeg 705w, https:\/\/radiorevelacionfm.cl\/wp-content\/uploads\/2025\/02\/visita-liceo-ohiggins-1-1_optimized-450x300.jpeg 450w, https:\/\/radiorevelacionfm.cl\/wp-content\/uploads\/2025\/02\/visita-liceo-ohiggins-1-1_optimized-600x400.jpeg 600w\" sizes=\"(max-width: 901px) 100vw, 901px\" \/><\/div><\/div><\/div><\/div><div class=\"flex_column av_one_full  flex_column_div av-zero-column-padding first  avia-builder-el-2  el_after_av_one_full  el_before_av_one_full  column-top-margin\" style='border-radius:0px; '><section class=\"av_textblock_section \"  itemscope=\"itemscope\" itemtype=\"https:\/\/schema.org\/BlogPosting\" itemprop=\"blogPost\" ><div class='avia_textblock  '   itemprop=\"text\" ><p style=\"text-align: center;\"><strong><span style=\"font-size: 18pt;\">Monitorean obras en Liceo de Villa O&#8217;Higgins previo al inicio del a\u00f1o escolar 2025<\/span><\/strong><\/p>\n<div id=\"gtx-trans\" style=\"position: absolute; left: -50px; top: 4.31534px;\">\n<div class=\"gtx-trans-icon\"><\/div>\n<\/div>\n<\/div><\/section><\/div><div class=\"flex_column av_one_full  flex_column_div av-zero-column-padding first  avia-builder-el-4  el_after_av_one_full  el_before_av_hr  column-top-margin\" style='border-radius:0px; '><section class=\"av_textblock_section \"  itemscope=\"itemscope\" itemtype=\"https:\/\/schema.org\/BlogPosting\" itemprop=\"blogPost\" ><div class='avia_textblock  '   itemprop=\"text\" ><p class=\"v1MsoNormal\" style=\"text-align: justify;\">En el marco de tres jornadas de trabajo en terreno en las comunas del extremo sur de la regi\u00f3n, O&#8217;Higgins, Tortel y Cochrane,\u00a0 el Delegado Presidencial Regional, Jorge D\u00edaz,\u00a0 y\u00a0 la Secretaria Regional Ministerial de Educaci\u00f3n, Isabel Garrido,\u00a0 visitaron el Liceo Pioneros del Sur de Villa O&#8217;Higgins para inspeccionar el avance de las obras de Conservaci\u00f3n de Infraestructura Escolar en ejecuci\u00f3n con miras al inicio del a\u00f1o escolar 2025.<\/p>\n<p class=\"v1MsoNormal\" style=\"text-align: justify;\">All\u00ed, las autoridades en compa\u00f1\u00eda del alcalde Jos\u00e9 Fica recorrieron las instalaciones del plantel y constataron el avance del proyecto de Conservaci\u00f3n del Liceo Pioneros del Sur, \u00fanico establecimiento educacional de la comuna. En 2023, el Liceo Pioneros del Sur a trav\u00e9s del Municipio de O&#8217;Higgins, se adjudic\u00f3 inversi\u00f3n de $450 millones de pesos aportados por el\u00a0<a href=\"https:\/\/www.facebook.com\/mineduc?__cft__%5b0%5d=AZWxfZEL-o_q1wESZ0UNnvVyNmJIrmDYfw_EX3Ujlynfolep9_z8kaU1O-LIcdUA_0KtIyOafJCKUb-Kjtp5OuH4lR7KF8MT4cEvjEgQ4mS23MJJ8I5v-C1rov4oDs4G8n0kV8kpsDOltz3q1S4WbmH2yEJQ12OF6HvktYj8LEgvuK9z74fCsZIObhu8ZP7KMwo&amp;__tn__=-%5dK-R\" target=\"_blank\" rel=\"noopener noreferrer\">Ministerio de Educaci\u00f3n<\/a>\u00a0para mejorar la envolvente t\u00e9rmica y el sistema de calefacci\u00f3n del Establecimiento, adapt\u00e1ndose a las extremas condiciones clim\u00e1ticas de la zona. Isabel Garrido detall\u00f3 que las obras tienen como fecha de t\u00e9rmino a fines de marzo y permitir\u00e1n que la comunidad educativa afronte el siguiente invierno con condiciones t\u00e9rmicas propicias para todas y todos.<\/p>\n<p class=\"v1MsoNormal\" style=\"text-align: justify;\">\u00abEstas obras forman parte de la cartera de proyectos impulsada por el Ministerio de Educaci\u00f3n en anticipaci\u00f3n al traspaso de establecimientos educacionales desde las municipalidades al Servicio Local de Educaci\u00f3n P\u00fablica Ays\u00e9n, un total de 22 iniciativas que recibieron un financiamiento sectorial hist\u00f3rico que super\u00f3 los 6 mil millones de pesos a nivel regional\u00bb, destac\u00f3 la autoridad sectorial.<\/p>\n<p class=\"v1MsoNormal\" style=\"text-align: justify;\">Por su parte, el delegado presidencial Jorge D\u00edaz Guzm\u00e1n enfatiz\u00f3 que \u00abPara nosotros como Gobierno y particularmente para el Presidente Gabriel Boric es prioridad fortalecer la Educaci\u00f3n P\u00fablica que es fundamental para el desarrollo de nuestras comunidades. Por lo tanto nos alegra ver c\u00f3mo estamos avanzando en materia de infraestructura escolar y generando as\u00ed la mejores condiciones para que los estudiantes, cuerpo docente y asistentes de la educaci\u00f3n concurran a los establecimientos en las mejores condiciones posibles\u00bb.<\/p>\n<p class=\"v1MsoNormal\" style=\"text-align: justify;\">El alcalde la comuna de O\u00b4Higgins Claudio Fica valor\u00f3 positivamente la concreci\u00f3n de estas obras de mejoramiento de infraestructura se\u00f1alando que \u00abPara nosotros es satisfactorio constatar junto a nuestras autoridades regionales el avance de estas obras y ver como los recursos se est\u00e1n invirtiendo en educaci\u00f3n y bien de la comunidad de Villa O&#8217;Higgins\u00bb.<\/p>\n<p class=\"v1MsoNormal\" style=\"text-align: justify;\"><span lang=\"ES\">El Ministerio de Educaci\u00f3n est\u00e1 concretando una importante inversi\u00f3n en infraestructura escolar para este nuevo a\u00f1o 2025, ya sea en modo de conservaci\u00f3n de establecimientos, trabajos de emergencia, ampliaci\u00f3n u optimizaci\u00f3n de escuelas y liceos p\u00fablicos, adem\u00e1s de la construcci\u00f3n de nueva infraestructura para el nivel parvulario.<\/span><\/p>\n<p class=\"v1MsoNormal\" style=\"text-align: justify;\"><span lang=\"ES\">A nivel nacional entre soluciones modulares, ampliaci\u00f3n de establecimientos, reparaci\u00f3n y optimizaci\u00f3n de escuelas y liceos, a nivel nacional hemos invertido m\u00e1s de 350 mil millones de pesos en proyectos de infraestructura desde 2022 a la fecha, superando en tres a\u00f1os lo invertido durante toda la administraci\u00f3n anterior.<\/span><\/p>\n<p class=\"v1MsoNormal\" style=\"text-align: justify;\"><span lang=\"ES\">\u00abEstamos desplegados en el territorio en la zona sur de nuestra regi\u00f3n, monitoreando el avance de las obras de infraestructura que se est\u00e1n desarrollando desde el a\u00f1o 2023. Estamos comprometidos con la educaci\u00f3n p\u00fablica que es una de las instituciones m\u00e1s importantes\u00a0 de cualquier sociedad y democracia y estamos resguardando que est\u00e9 todo preparado para iniciar el a\u00f1o escolar 2025 durante el cual seguiremos impulsando la reactivaci\u00f3n educativa, recuperando la asistencia clases y revinculando a los estudiantes que han abandonado las aulas.\u00a0 Esta inversi\u00f3n en infraestructura resulta muy significativa, toda vez que contar con espacios pedag\u00f3gicos seguros y confortables es decisivo para alcanzar aprendizajes de calidad. Durante 2025 continuaremos avanzando en este camino\u00bb.<\/span><\/p>\n<p class=\"v1MsoNormal\" style=\"text-align: justify;\">La Seremi de Educaci\u00f3n Isabel Garrido particip\u00f3 junto al Delegado Presidencial en la sesi\u00f3n el Consejo Municipal de O&#8217;Higgins, para dar cuenta de los proyectos de Gobierno en la comuna y recoger las inquietudes del territorio, donde se inform\u00f3 a las autoridades locales sobre el avance de la conservaci\u00f3n por $450 millones que se est\u00e1 ejecutando en el liceo.<\/p>\n<\/div><\/section><\/div><div  style='height:50px' class='hr hr-invisible   avia-builder-el-6  el_after_av_one_full  el_before_av_social_share '><span class='hr-inner ' ><span class='hr-inner-style'><\/span><\/span><\/div><\/p>\n<div  class='av-social-sharing-box  avia-builder-el-7  el_after_av_hr  el_before_av_hr  '><div class='av-share-box'><h5 class='av-share-link-description av-no-toc '>Compartir esta noticia<\/h5><ul class='av-share-box-list noLightbox'><li class='av-share-link av-social-link-facebook' ><a target=\"_blank\" aria-label=\"Compartir en Facebook\" href='https:\/\/www.facebook.com\/sharer.php?u=https:\/\/radiorevelacionfm.cl\/?p=50812&#038;t=Monitorean%20obras%20en%20Liceo%20de%20Villa%20O%E2%80%99Higgins%20previo%20al%20inicio%20del%20a%C3%B1o%20escolar%202025' aria-hidden='false' data-av_icon='\ue8f3' data-av_iconfont='entypo-fontello' title='' data-avia-related-tooltip='Compartir en Facebook' rel=\"noopener\"><span class='avia_hidden_link_text'>Compartir en Facebook<\/span><\/a><\/li><li class='av-share-link av-social-link-twitter' ><a target=\"_blank\" aria-label=\"Compartir en Twitter\" href='https:\/\/twitter.com\/share?text=Monitorean%20obras%20en%20Liceo%20de%20Villa%20O%E2%80%99Higgins%20previo%20al%20inicio%20del%20a%C3%B1o%20escolar%202025&#038;url=https:\/\/radiorevelacionfm.cl\/?p=50812' aria-hidden='false' data-av_icon='\ue8f1' data-av_iconfont='entypo-fontello' title='' data-avia-related-tooltip='Compartir en Twitter' rel=\"noopener\"><span class='avia_hidden_link_text'>Compartir en Twitter<\/span><\/a><\/li><li class='av-share-link av-social-link-whatsapp' ><a target=\"_blank\" aria-label=\"Compartir en Whatsapp\" href='https:\/\/api.whatsapp.com\/send?text=https:\/\/radiorevelacionfm.cl\/?p=50812' aria-hidden='false' data-av_icon='\uf232' data-av_iconfont='entypo-fontello' title='' data-avia-related-tooltip='Compartir en Whatsapp' rel=\"noopener\"><span class='avia_hidden_link_text'>Compartir en Whatsapp<\/span><\/a><\/li><li class='av-share-link av-social-link-linkedin' ><a target=\"_blank\" aria-label=\"Compartir en LinkedIn\" href='https:\/\/linkedin.com\/shareArticle?mini=true&#038;title=Monitorean%20obras%20en%20Liceo%20de%20Villa%20O%E2%80%99Higgins%20previo%20al%20inicio%20del%20a%C3%B1o%20escolar%202025&#038;url=https:\/\/radiorevelacionfm.cl\/?p=50812' aria-hidden='false' data-av_icon='\ue8fc' data-av_iconfont='entypo-fontello' title='' data-avia-related-tooltip='Compartir en LinkedIn' rel=\"noopener\"><span class='avia_hidden_link_text'>Compartir en LinkedIn<\/span><\/a><\/li><li class='av-share-link av-social-link-mail' ><a  aria-label=\"Compartir por correo\" href='mailto:?subject=Monitorean%20obras%20en%20Liceo%20de%20Villa%20O%E2%80%99Higgins%20previo%20al%20inicio%20del%20a%C3%B1o%20escolar%202025&#038;body=https:\/\/radiorevelacionfm.cl\/?p=50812' aria-hidden='false' data-av_icon='\ue805' data-av_iconfont='entypo-fontello' title='' data-avia-related-tooltip='Compartir por correo'><span class='avia_hidden_link_text'>Compartir por correo<\/span><\/a><\/li><\/ul><\/div><\/div>\n<div  style='height:50px' class='hr hr-invisible   avia-builder-el-8  el_after_av_social_share  el_before_av_comments_list '><span class='hr-inner ' ><span class='hr-inner-style'><\/span><\/span><\/div>\n<div  class='av-buildercomment  av-blog-meta-html-info-disabled av-blog-meta-tag-disabled  '><\/div>\n","protected":false},"excerpt":{"rendered":"","protected":false},"author":1,"featured_media":50813,"comment_status":"open","ping_status":"open","sticky":false,"template":"","format":"standard","meta":{"footnotes":""},"categories":[49],"tags":[],"class_list":["post-50812","post","type-post","status-publish","format-standard","has-post-thumbnail","hentry","category-educacion"],"jetpack_featured_media_url":"https:\/\/radiorevelacionfm.cl\/wp-content\/uploads\/2025\/02\/visita-liceo-ohiggins-1-1_optimized.jpeg","_links":{"self":[{"href":"https:\/\/radiorevelacionfm.cl\/index.php?rest_route=\/wp\/v2\/posts\/50812","targetHints":{"allow":["GET"]}}],"collection":[{"href":"https:\/\/radiorevelacionfm.cl\/index.php?rest_route=\/wp\/v2\/posts"}],"about":[{"href":"https:\/\/radiorevelacionfm.cl\/index.php?rest_route=\/wp\/v2\/types\/post"}],"author":[{"embeddable":true,"href":"https:\/\/radiorevelacionfm.cl\/index.php?rest_route=\/wp\/v2\/users\/1"}],"replies":[{"embeddable":true,"href":"https:\/\/radiorevelacionfm.cl\/index.php?rest_route=%2Fwp%2Fv2%2Fcomments&post=50812"}],"version-history":[{"count":1,"href":"https:\/\/radiorevelacionfm.cl\/index.php?rest_route=\/wp\/v2\/posts\/50812\/revisions"}],"predecessor-version":[{"id":50814,"href":"https:\/\/radiorevelacionfm.cl\/index.php?rest_route=\/wp\/v2\/posts\/50812\/revisions\/50814"}],"wp:featuredmedia":[{"embeddable":true,"href":"https:\/\/radiorevelacionfm.cl\/index.php?rest_route=\/wp\/v2\/media\/50813"}],"wp:attachment":[{"href":"https:\/\/radiorevelacionfm.cl\/index.php?rest_route=%2Fwp%2Fv2%2Fmedia&parent=50812"}],"wp:term":[{"taxonomy":"category","embeddable":true,"href":"https:\/\/radiorevelacionfm.cl\/index.php?rest_route=%2Fwp%2Fv2%2Fcategories&post=50812"},{"taxonomy":"post_tag","embeddable":true,"href":"https:\/\/radiorevelacionfm.cl\/index.php?rest_route=%2Fwp%2Fv2%2Ftags&post=50812"}],"curies":[{"name":"wp","href":"https:\/\/api.w.org\/{rel}","templated":true}]}}